{"id":40515,"date":"2025-06-23T00:28:31","date_gmt":"2025-06-23T00:28:31","guid":{"rendered":"https:\/\/tintafresca.net\/?p=40515"},"modified":"2025-06-23T00:38:53","modified_gmt":"2025-06-23T00:38:53","slug":"nerlei-assinala-40-anos-em-leiria-com-sessao-no-dia-27-de-junho","status":"publish","type":"post","link":"https:\/\/tintafresca.net\/index.php\/2025\/06\/23\/nerlei-assinala-40-anos-em-leiria-com-sessao-no-dia-27-de-junho\/","title":{"rendered":"NERLEI assinala 40 anos em Leiria com sess\u00e3o no dia 27 de junho"},"content":{"rendered":"<div id=\"attachment_9440\" style=\"width: 510px\" class=\"wp-caption alignleft\"><img loading=\"lazy\" decoding=\"async\" aria-describedby=\"caption-attachment-9440\" class=\"wp-image-9440 size-full\" src=\"https:\/\/tintafresca.net\/wp-content\/uploads\/2021\/10\/Nerlei_2010.jpg\" alt=\"\" width=\"500\" height=\"375\" srcset=\"https:\/\/tintafresca.net\/wp-content\/uploads\/2021\/10\/Nerlei_2010.jpg 500w, https:\/\/tintafresca.net\/wp-content\/uploads\/2021\/10\/Nerlei_2010-300x225.jpg 300w\" sizes=\"auto, (max-width: 500px) 100vw, 500px\" \/><p id=\"caption-attachment-9440\" class=\"wp-caption-text\">Sede da Nerlei<\/p><\/div>\n<p>No dia 27 de junho a NERLEI CCI &#8211; Associa\u00e7\u00e3o Empresarial da Regi\u00e3o de Leiria\/C\u00e2mara de Com\u00e9rcio e Ind\u00fastria comemora os seus 40 anos de atividade ao servi\u00e7o do tecido empresarial da regi\u00e3o de Leiria, conforme programa abaixo.<\/p>\n<p>Para assinalar a data, a Associa\u00e7\u00e3o e C\u00e2mara de Com\u00e9rcio e Ind\u00fastria vai promover um evento, no Ed. NERLEI, a partir das 18h00, que pretende reunir os seus associados e toda a comunidade regional e nacional com quem p\u00f5e em pr\u00e1tica o seu lema \u201cAgregar para Desenvolver\u201d.<\/p>\n<p>Ser\u00e1 um evento imbu\u00eddo do esp\u00edrito \u201cum futuro com mem\u00f3ria\u201d. Pretende-se \u201crecordar as m\u00e3os que moldaram o que somos e as ra\u00edzes que deram forma \u00e0 nossa trajet\u00f3ria\u201d. Cientes de que \u201cn\u00e3o come\u00e7amos hoje, mas queremos come\u00e7ar de novo, dia ap\u00f3s dia, pois s\u00f3 assim nos transformamos e evolu\u00edmos\u201d.<\/p>\n<p>A ocasi\u00e3o ser\u00e1 ainda o momento para homenagear algumas personalidades e algumas empresas associadas da NERLEI CCI, nomeadamente as que em 2025 completam 50 anos de atividade.<\/p>\n<p>Este \u00e9 o evento anual da NERLEI CCI que pretende ser um momento importante de encontro dos empres\u00e1rios da regi\u00e3o e dos representantes das principais entidades com quem o tecido empresarial se relaciona, quer na regi\u00e3o, quer no Pa\u00eds.<\/p>\n<p>PROGRAMA<\/p>\n<p>18h00 \u2013 Rece\u00e7\u00e3o aos convidados com welcome drink<br \/>\n19h30 \u2013 Momento de dan\u00e7a com o Conservat\u00f3rio Internacional de Ballet Annarella Sanchez<br \/>\n20h00 \u2013 Boas-vindas pelo Presidente da Dire\u00e7\u00e3o da NERLEI CCI, Lu\u00eds Febra<br \/>\n20h15 \u2013 Jantar<br \/>\n22h00 \u2013 Momento surpresa com convidado especial<br \/>\n22h45 \u2013 Distin\u00e7\u00f5es e Homenagens<\/p>\n<ul>\n<li>Homenagem p\u00f3stuma a Frederico Braz\u00e3o Ferreira<\/li>\n<li>Homenagem a Ant\u00f3nio Po\u00e7as<\/li>\n<li>Distin\u00e7\u00e3o NEEXT Company<\/li>\n<li>Distin\u00e7\u00f5es com pr\u00e9mio EMPRESA SUSTENT\u00c1VEL<\/li>\n<\/ul>\n<p>23h45 \u2013 Brinde de parab\u00e9ns \u00e0 NERLEI CCI<\/p>\n<p>Mais informa\u00e7\u00e3o e inscri\u00e7\u00e3o <a href=\"http:\/\/www.nerlei.pt\">www.nerlei.pt<\/a><\/p>\n","protected":false},"excerpt":{"rendered":"<p>No dia 27 de junho a NERLEI CCI &#8211; Associa\u00e7\u00e3o Empresarial da Regi\u00e3o de Leiria\/C\u00e2mara de Com\u00e9rcio e Ind\u00fastria comemora os seus 40 anos de atividade ao servi\u00e7o do tecido empresarial da regi\u00e3o de Leiria, conforme programa abaixo. Para assinalar a data, a Associa\u00e7\u00e3o e C\u00e2mara de Com\u00e9rcio e Ind\u00fastria vai promover um evento, no [&hellip;]<\/p>\n","protected":false},"author":2,"featured_media":9818,"comment_status":"open","ping_status":"open","sticky":false,"template":"","format":"standard","meta":{"footnotes":""},"categories":[7],"tags":[],"class_list":["post-40515","post","type-post","status-publish","format-standard","has-post-thumbnail","hentry","category-economia"],"_links":{"self":[{"href":"https:\/\/tintafresca.net\/index.php\/wp-json\/wp\/v2\/posts\/40515","targetHints":{"allow":["GET"]}}],"collection":[{"href":"https:\/\/tintafresca.net\/index.php\/wp-json\/wp\/v2\/posts"}],"about":[{"href":"https:\/\/tintafresca.net\/index.php\/wp-json\/wp\/v2\/types\/post"}],"author":[{"embeddable":true,"href":"https:\/\/tintafresca.net\/index.php\/wp-json\/wp\/v2\/users\/2"}],"replies":[{"embeddable":true,"href":"https:\/\/tintafresca.net\/index.php\/wp-json\/wp\/v2\/comments?post=40515"}],"version-history":[{"count":2,"href":"https:\/\/tintafresca.net\/index.php\/wp-json\/wp\/v2\/posts\/40515\/revisions"}],"predecessor-version":[{"id":40517,"href":"https:\/\/tintafresca.net\/index.php\/wp-json\/wp\/v2\/posts\/40515\/revisions\/40517"}],"wp:featuredmedia":[{"embeddable":true,"href":"https:\/\/tintafresca.net\/index.php\/wp-json\/wp\/v2\/media\/9818"}],"wp:attachment":[{"href":"https:\/\/tintafresca.net\/index.php\/wp-json\/wp\/v2\/media?parent=40515"}],"wp:term":[{"taxonomy":"category","embeddable":true,"href":"https:\/\/tintafresca.net\/index.php\/wp-json\/wp\/v2\/categories?post=40515"},{"taxonomy":"post_tag","embeddable":true,"href":"https:\/\/tintafresca.net\/index.php\/wp-json\/wp\/v2\/tags?post=40515"}],"curies":[{"name":"wp","href":"https:\/\/api.w.org\/{rel}","templated":true}]}}