{"id":40536,"date":"2025-06-25T19:21:09","date_gmt":"2025-06-25T19:21:09","guid":{"rendered":"https:\/\/tintafresca.net\/?p=40536"},"modified":"2025-06-26T22:13:11","modified_gmt":"2025-06-26T22:13:11","slug":"marinha-grande-formaliza-constituicao-da-estacao-nautica","status":"publish","type":"post","link":"https:\/\/tintafresca.net\/index.php\/2025\/06\/25\/marinha-grande-formaliza-constituicao-da-estacao-nautica\/","title":{"rendered":"Marinha Grande formaliza constitui\u00e7\u00e3o da esta\u00e7\u00e3o n\u00e1utica"},"content":{"rendered":"<div id=\"attachment_40538\" style=\"width: 510px\" class=\"wp-caption alignleft\"><img loading=\"lazy\" decoding=\"async\" aria-describedby=\"caption-attachment-40538\" class=\"wp-image-40538 size-full\" src=\"https:\/\/tintafresca.net\/wp-content\/uploads\/2025\/06\/MG_EstacaoNautica_25062025_20.jpg\" alt=\"\" width=\"500\" height=\"333\" srcset=\"https:\/\/tintafresca.net\/wp-content\/uploads\/2025\/06\/MG_EstacaoNautica_25062025_20.jpg 500w, https:\/\/tintafresca.net\/wp-content\/uploads\/2025\/06\/MG_EstacaoNautica_25062025_20-300x200.jpg 300w\" sizes=\"auto, (max-width: 500px) 100vw, 500px\" \/><p id=\"caption-attachment-40538\" class=\"wp-caption-text\">Jorge Vala, Aur\u00e9lio Ferreira e Anabela Freitas<\/p><\/div>\n<p>A Esta\u00e7\u00e3o N\u00e1utica da Marinha Grande foi formalmente constitu\u00edda, esta quarta-feira, 25 de junho, na Casa-Museu Afonso Lopes Vieira, em S\u00e3o Pedro de Moel, na presen\u00e7a de diversas entidades locais, regionais e nacionais.<\/p>\n<p>A iniciativa contou com interven\u00e7\u00f5es institucionais, entre elas a do presidente da C\u00e2mara Municipal da Marinha Grande, Aur\u00e9lio Ferreira, que destacou a import\u00e2ncia estrat\u00e9gica deste projeto para o futuro do concelho, sublinhando tratar-se de um momento simb\u00f3lico que marca o in\u00edcio de uma nova etapa, afirmando a Marinha Grande como destino tur\u00edstico n\u00e1utico de refer\u00eancia no centro do pa\u00eds, com uma oferta qualificada e atrativa.<\/p>\n<p>O presidente Aur\u00e9lio Ferreira acrescentou que \u201ca candidatura da Marinha Grande pretende valorizar o nosso patrim\u00f3nio natural e cultural, nomeadamente os 18 km de costa atl\u00e2ntica, o rio Lis e as nossas praias \u2013 S\u00e3o Pedro de Moel, Praia da Vieira, Praia Velha e Praia das Pedras Negras\u201d.<\/p>\n<p>Seguiram-se as interven\u00e7\u00f5es do vice-presidente da Comunidade Intermunicipal da Regi\u00e3o de Leiria, Jorge Vala; da vice-presidente do Turismo do Centro, Anabela Freitas; e dos representantes da F\u00f3rum Oceano, Ant\u00f3nio Jos\u00e9 Correia e Gisela Sousa, que participaram remotamente.<\/p>\n<p>A cerim\u00f3nia incluiu a assinatura do Protocolo de Parceria, que formalizou a constitui\u00e7\u00e3o da Esta\u00e7\u00e3o N\u00e1utica da Marinha Grande \u2013 uma plataforma de trabalho colaborativo entre entidades p\u00fablicas, privadas e associativas, que tem como miss\u00e3o promover um destino n\u00e1utico de excel\u00eancia, assente na valoriza\u00e7\u00e3o dos recursos naturais, culturais, patrimoniais e industriais do territ\u00f3rio.<\/p>\n<p>Este protocolo insere-se na iniciativa nacional promovida pela F\u00f3rum Oceano \u2013 Associa\u00e7\u00e3o da Economia do Mar, no \u00e2mbito do projeto Portugal N\u00e1utico, e representa um passo essencial para o processo de certifica\u00e7\u00e3o da Esta\u00e7\u00e3o N\u00e1utica da Marinha Grande.<\/p>\n<p>A candidatura visa integrar o concelho na Rede Nacional de Esta\u00e7\u00f5es N\u00e1uticas de Portugal, promovendo uma oferta tur\u00edstica n\u00e1utica qualificada, diversificada e sustent\u00e1vel, em linha com os objetivos do Turismo 2035 e do Plano Regional de Desenvolvimento Tur\u00edstico 2020-2030.<\/p>\n<p>A Esta\u00e7\u00e3o N\u00e1utica da Marinha Grande tem como principais objetivos desenvolver uma oferta tur\u00edstica integrada e diversificada, que articule atividades n\u00e1uticas com alojamento, restaura\u00e7\u00e3o, cultura e desporto, promovendo uma experi\u00eancia completa e atrativa para visitantes durante todo o ano.<\/p>\n<p>Pretende ainda refor\u00e7ar a identidade e os valores do territ\u00f3rio, atrav\u00e9s da valoriza\u00e7\u00e3o dos seus recursos naturais, culturais e patrimoniais, promovendo o trabalho em rede entre os v\u00e1rios parceiros locais e fomentando pr\u00e1ticas sustent\u00e1veis e acess\u00edveis, alinhadas com os desafios atuais do turismo.<\/p>\n<p><strong>\u00a0 \u00a0 Fonte: GCI|CMMG<\/strong><\/p>\n","protected":false},"excerpt":{"rendered":"<p>A Esta\u00e7\u00e3o N\u00e1utica da Marinha Grande foi formalmente constitu\u00edda, esta quarta-feira, 25 de junho, na Casa-Museu Afonso Lopes Vieira, em S\u00e3o Pedro de Moel, na presen\u00e7a de diversas entidades locais, regionais e nacionais. A iniciativa contou com interven\u00e7\u00f5es institucionais, entre elas a do presidente da C\u00e2mara Municipal da Marinha Grande, Aur\u00e9lio Ferreira, que destacou a [&hellip;]<\/p>\n","protected":false},"author":2,"featured_media":40539,"comment_status":"open","ping_status":"open","sticky":false,"template":"","format":"standard","meta":{"footnotes":""},"categories":[7],"tags":[],"class_list":["post-40536","post","type-post","status-publish","format-standard","has-post-thumbnail","hentry","category-economia"],"_links":{"self":[{"href":"https:\/\/tintafresca.net\/index.php\/wp-json\/wp\/v2\/posts\/40536","targetHints":{"allow":["GET"]}}],"collection":[{"href":"https:\/\/tintafresca.net\/index.php\/wp-json\/wp\/v2\/posts"}],"about":[{"href":"https:\/\/tintafresca.net\/index.php\/wp-json\/wp\/v2\/types\/post"}],"author":[{"embeddable":true,"href":"https:\/\/tintafresca.net\/index.php\/wp-json\/wp\/v2\/users\/2"}],"replies":[{"embeddable":true,"href":"https:\/\/tintafresca.net\/index.php\/wp-json\/wp\/v2\/comments?post=40536"}],"version-history":[{"count":2,"href":"https:\/\/tintafresca.net\/index.php\/wp-json\/wp\/v2\/posts\/40536\/revisions"}],"predecessor-version":[{"id":40540,"href":"https:\/\/tintafresca.net\/index.php\/wp-json\/wp\/v2\/posts\/40536\/revisions\/40540"}],"wp:featuredmedia":[{"embeddable":true,"href":"https:\/\/tintafresca.net\/index.php\/wp-json\/wp\/v2\/media\/40539"}],"wp:attachment":[{"href":"https:\/\/tintafresca.net\/index.php\/wp-json\/wp\/v2\/media?parent=40536"}],"wp:term":[{"taxonomy":"category","embeddable":true,"href":"https:\/\/tintafresca.net\/index.php\/wp-json\/wp\/v2\/categories?post=40536"},{"taxonomy":"post_tag","embeddable":true,"href":"https:\/\/tintafresca.net\/index.php\/wp-json\/wp\/v2\/tags?post=40536"}],"curies":[{"name":"wp","href":"https:\/\/api.w.org\/{rel}","templated":true}]}}