{"id":40551,"date":"2025-06-26T22:05:40","date_gmt":"2025-06-26T22:05:40","guid":{"rendered":"https:\/\/tintafresca.net\/?p=40551"},"modified":"2025-06-27T22:20:57","modified_gmt":"2025-06-27T22:20:57","slug":"municipio-da-nazare-vai-ter-de-pagar-indemnizacao-de-um-milhao-de-euros-a-empresa-md-plastics","status":"publish","type":"post","link":"https:\/\/tintafresca.net\/index.php\/2025\/06\/26\/municipio-da-nazare-vai-ter-de-pagar-indemnizacao-de-um-milhao-de-euros-a-empresa-md-plastics\/","title":{"rendered":"C\u00e2mara da Nazar\u00e9 vai ter de pagar indemniza\u00e7\u00e3o de um milh\u00e3o de euros \u00e0 empresa MD Plastics"},"content":{"rendered":"<div id=\"attachment_40553\" style=\"width: 510px\" class=\"wp-caption alignleft\"><img loading=\"lazy\" decoding=\"async\" aria-describedby=\"caption-attachment-40553\" class=\"wp-image-40553 size-full\" src=\"https:\/\/tintafresca.net\/wp-content\/uploads\/2025\/06\/Nazare_executivo2021_10.jpg\" alt=\"\" width=\"500\" height=\"402\" srcset=\"https:\/\/tintafresca.net\/wp-content\/uploads\/2025\/06\/Nazare_executivo2021_10.jpg 500w, https:\/\/tintafresca.net\/wp-content\/uploads\/2025\/06\/Nazare_executivo2021_10-300x241.jpg 300w\" sizes=\"auto, (max-width: 500px) 100vw, 500px\" \/><p id=\"caption-attachment-40553\" class=\"wp-caption-text\">Executivo municipal eleito em 2021<\/p><\/div>\n<p>O Munic\u00edpio da Nazar\u00e9 vai ter de pagar uma indemniza\u00e7\u00e3o de um milh\u00e3o de euros \u00e0 empresa MD Plastics. O processo remonta aos primeiros anos (2016), em que o PS, liderado \u00e0 \u00e9poca por Walter Chicharro, assegurou os destinos do concelho. A primeira unidade industrial a instalar-se na ent\u00e3o recentemente constru\u00edda \u00c1rea de Localiza\u00e7\u00e3o Empresarial de Valado dos Frades (ALE VF) deparava se com um s\u00e9rio obst\u00e1culo ao desenvolvimento da sua produ\u00e7\u00e3o, tendo em conta que o munic\u00edpio impedira a sua liga\u00e7\u00e3o \u00e0 rede p\u00fablica de distribui\u00e7\u00e3o de energia el\u00e9trica, tendo esta que recorrer a um gerador para garantir a sua labora\u00e7\u00e3o durante um largo per\u00edodo.<\/p>\n<p>Para a CDU, que conta com um vereador eleito na Nazar\u00e9, este \u00e9 apenas mais um cap\u00edtulo do que considera despesismo do executivo do PS: \u201cComo se n\u00e3o bastasse todo o despesismo em desportos de praia e mar, em viagens intermin\u00e1veis \u00e0 volta do mundo, em galas, festas e outros eventos falhados, projetos e candidaturas que nunca chegaram a ver a luz do dia, mas que nos levaram muitas centenas de milhares de euros em estudos e pareceres, agora, em final de mandato (e de ciclo pol\u00edtico, afirmamos n\u00f3s, os principais opositores a este PS) eis que somos presenteados \u201d com mais um rombo financeiro nas estruturalmente complexas contas do Munic\u00edpio da Nazar\u00e9 o pagamento de uma indemniza\u00e7\u00e3o de um milh\u00e3o de euros \u00e0 empresa MD Plastics.\u201d<\/p>\n<p>A CDU adianta que reuniu com a administra\u00e7\u00e3o \u00e0 \u00e9poca, inteirou-se dos factos, interveio politicamente, nas institui\u00e7\u00f5es e fora delas, alertando para a gravidade do problema e para as potenciais consequ\u00eancias de um processo mal conduzido pelos respons\u00e1veis municipais do PS na Nazar\u00e9.<\/p>\n<p>\u201cEscusado ser\u00e1 dizer que este foi o pior cart\u00e3o de visita para a promo\u00e7\u00e3o e divulga\u00e7\u00e3o de uma jovem \u00e1rea de localiza\u00e7\u00e3o empresarial que precisava de se afirmar e de captar investimentos, tendo em conta os objetivos de relan\u00e7amento do tecido empresarial no concelho da Nazar\u00e9, a cria\u00e7\u00e3o de riqueza e postos de trabalho, numa freguesia com tradi\u00e7\u00f5es fundas nesta mat\u00e9ria\u201d, sublinha.<\/p>\n<p>\u201cTendo uma localiza\u00e7\u00e3o privilegiada, exatamente no centro do pa\u00eds, no litoral do continente portugu\u00eas, servida em termos de vias de comunica\u00e7\u00e3o pela proximidade \u00e0 ferrovia e \u00e0 A8, condi\u00e7\u00f5es de excel\u00eancia para a sua afirma\u00e7\u00e3o, desenvolvimento e amplia\u00e7\u00e3o, estas atitudes de total prepot\u00eancia, intransig\u00eancia, insensibilidade e escassa vis\u00e3o estrat\u00e9gica, para al\u00e9m das defici\u00eancias no plano democr\u00e1tico, protagonizadas pelo PS local, determinaram muito daquilo que foi o destino daquela ALE, que est\u00e1 muito aqu\u00e9m do esperado, do potencial que tem e daquilo que o concelho e os seus mun\u00edcipes necessitam\u201d, critica.<\/p>\n<p>Segundo a CDU, \u201cfoi precisamente essa incapacidade de di\u00e1logo, essa forma de gerir a coisa p\u00fablica como se de patrim\u00f3nio pr\u00f3prio se tratasse, essa forma constantemente quezilenta de tratar tudo e todos, desde que n\u00e3o figurassem nas suas fileiras ou se opusessem aos seus interesses, que determinou agora o pagamento desta indemniza\u00e7\u00e3o de um milh\u00e3o de euros \u00e0 referida empresa por parte do Munic\u00edpio da Nazar\u00e9. A mesma decorre de um acordo entre as partes, apresentada pelo atual presidente da C\u00e2mara, Manuel Sequeira, como uma vit\u00f3ria, j\u00e1 que o rombo ainda podia ser maior se\u00a0fossem condenados em tribunal.\u201d Contudo, para a coliga\u00e7\u00e3o PCP-PEV, \u201cvit\u00f3ria era n\u00e3o terem promovido esta quez\u00edlia.\u201d<\/p>\n<p>A CDU recorda que este n\u00e3o foi processo \u00fanico. \u201cSe uns vinham do tempo do PSD muitos se foram multiplicando e a lesar altamente o er\u00e1rio p\u00fablico municipal, tendo como protagonistas centrais desta hist\u00f3ria os respons\u00e1veis pelos executivos municipais do PS nos \u00faltimos 12 anos, com especial destaque para o anterior presidente, Walter Chicharro, e vice-presidente, Manuel Sequeira, sempre alinhados nas op\u00e7\u00f5es pol\u00edticas, contando com os inestim\u00e1veis pr\u00e9stimos do assessor jur\u00eddico, Carlos Tom\u00e1s, que al\u00e9m da aven\u00e7a mensal, ganhava \u00e0 pe\u00e7a, e, portanto, quanto mais conflitos conseguisse arranjar mais ganhava\u201d, critica.<\/p>\n<p>Ainda segundo a CDU, \u201cdepois de condenado em v\u00e1rias inst\u00e2ncias num processo que atentava contra os direitos sindicais de um dirigente do STAL (Sindicato dos Trabalhadores das Autarquias Locais), entre outros no Munic\u00edpio da Nazar\u00e9 , e verificando as pr\u00e1ticas adotadas por tal assessor, que promovia recursos at\u00e9 n\u00e3o poder mais e tentava tirar vantagens tendo em conta o n\u00famero de processos em litig\u00e2ncia, os eleitos pela CDU, sozinhos , em sede de AMN e reuni\u00e3o de C\u00e2mara, exigiram ao anterior presidente, Walter Chicharro a demiss\u00e3o deste assessor, por se considerar que as suas pr\u00e1ticas eram lesivas para os interesses do Munic\u00edpio e para o bom nome do mesmo.\u201d<\/p>\n<p>Questionado o anterior presidente se mantinha a confian\u00e7a pol\u00edtica em algu\u00e9m com provas reiteradas de incompet\u00eancia, Walter Chicharro reiterou a sua confian\u00e7a no seu assessor. A CDU considera que todos os elementos do executivo do PS foram c\u00famplices nesta decis\u00e3o, n\u00e3o havendo ningu\u00e9m que publicamente se manifestasse em sentido contr\u00e1rio.<\/p>\n<p>A coliga\u00e7\u00e3o PCP-PEV considera que \u201ca vida vem comprovar que a CDU tinha raz\u00e3o para combater e desmascarar este PS, que agora premeia toda a popula\u00e7\u00e3o com mais esta enorme fatura que a mesma ter\u00e1 de pagar. Um milh\u00e3o de euros para a MD Plastics, verbas que faziam tanta falta na habita\u00e7\u00e3o p\u00fablica, recupera\u00e7\u00e3o de escolas, infraestruturas p\u00fablicas, no apoio \u00e0 cultura, ao desporto, nos apoios sociais que est\u00e3o sempre t\u00e3o aqu\u00e9m das necessidades evidenciadas.\u201d<\/p>\n","protected":false},"excerpt":{"rendered":"<p>O Munic\u00edpio da Nazar\u00e9 vai ter de pagar uma indemniza\u00e7\u00e3o de um milh\u00e3o de euros \u00e0 empresa MD Plastics. O processo remonta aos primeiros anos (2016), em que o PS, liderado \u00e0 \u00e9poca por Walter Chicharro, assegurou os destinos do concelho. A primeira unidade industrial a instalar-se na ent\u00e3o recentemente constru\u00edda \u00c1rea de Localiza\u00e7\u00e3o Empresarial [&hellip;]<\/p>\n","protected":false},"author":2,"featured_media":38190,"comment_status":"open","ping_status":"open","sticky":false,"template":"","format":"standard","meta":{"footnotes":""},"categories":[7],"tags":[],"class_list":["post-40551","post","type-post","status-publish","format-standard","has-post-thumbnail","hentry","category-economia"],"_links":{"self":[{"href":"https:\/\/tintafresca.net\/index.php\/wp-json\/wp\/v2\/posts\/40551","targetHints":{"allow":["GET"]}}],"collection":[{"href":"https:\/\/tintafresca.net\/index.php\/wp-json\/wp\/v2\/posts"}],"about":[{"href":"https:\/\/tintafresca.net\/index.php\/wp-json\/wp\/v2\/types\/post"}],"author":[{"embeddable":true,"href":"https:\/\/tintafresca.net\/index.php\/wp-json\/wp\/v2\/users\/2"}],"replies":[{"embeddable":true,"href":"https:\/\/tintafresca.net\/index.php\/wp-json\/wp\/v2\/comments?post=40551"}],"version-history":[{"count":4,"href":"https:\/\/tintafresca.net\/index.php\/wp-json\/wp\/v2\/posts\/40551\/revisions"}],"predecessor-version":[{"id":40556,"href":"https:\/\/tintafresca.net\/index.php\/wp-json\/wp\/v2\/posts\/40551\/revisions\/40556"}],"wp:featuredmedia":[{"embeddable":true,"href":"https:\/\/tintafresca.net\/index.php\/wp-json\/wp\/v2\/media\/38190"}],"wp:attachment":[{"href":"https:\/\/tintafresca.net\/index.php\/wp-json\/wp\/v2\/media?parent=40551"}],"wp:term":[{"taxonomy":"category","embeddable":true,"href":"https:\/\/tintafresca.net\/index.php\/wp-json\/wp\/v2\/categories?post=40551"},{"taxonomy":"post_tag","embeddable":true,"href":"https:\/\/tintafresca.net\/index.php\/wp-json\/wp\/v2\/tags?post=40551"}],"curies":[{"name":"wp","href":"https:\/\/api.w.org\/{rel}","templated":true}]}}