{"id":40560,"date":"2025-06-27T22:10:03","date_gmt":"2025-06-27T22:10:03","guid":{"rendered":"https:\/\/tintafresca.net\/?p=40560"},"modified":"2025-06-27T22:13:46","modified_gmt":"2025-06-27T22:13:46","slug":"secretario-de-estado-da-administracao-local-inaugura-feira-de-sao-pedro-em-torres-vedras","status":"publish","type":"post","link":"https:\/\/tintafresca.net\/index.php\/2025\/06\/27\/secretario-de-estado-da-administracao-local-inaugura-feira-de-sao-pedro-em-torres-vedras\/","title":{"rendered":"Secret\u00e1rio de Estado da Administra\u00e7\u00e3o Local inaugura Feira de S\u00e3o Pedro em Torres Vedras"},"content":{"rendered":"<div id=\"attachment_40563\" style=\"width: 730px\" class=\"wp-caption alignleft\"><img loading=\"lazy\" decoding=\"async\" aria-describedby=\"caption-attachment-40563\" class=\"wp-image-40563 size-full\" src=\"https:\/\/tintafresca.net\/wp-content\/uploads\/2025\/06\/TV_Feira_Sao_Pedro.jpeg\" alt=\"\" width=\"720\" height=\"480\" srcset=\"https:\/\/tintafresca.net\/wp-content\/uploads\/2025\/06\/TV_Feira_Sao_Pedro.jpeg 720w, https:\/\/tintafresca.net\/wp-content\/uploads\/2025\/06\/TV_Feira_Sao_Pedro-300x200.jpeg 300w\" sizes=\"auto, (max-width: 720px) 100vw, 720px\" \/><p id=\"caption-attachment-40563\" class=\"wp-caption-text\">Silv\u00e9rio Regalado e Laura Rodrigues na visita \u00e0 Feira de S\u00e3o Pedro<\/p><\/div>\n<p>A Feira de S\u00e3o Pedro come\u00e7ou esta quinta-feira, dia 26 de junho e decorre at\u00e9 dia 6 de julho, na Expotorres \u2013 Parque Regional de Exposi\u00e7\u00f5es de Torres Vedras, esperando-se mais de 240.000 visitantes aos 163 expositores presentes. A inaugura\u00e7\u00e3o do certame, que decorreu numa t\u00edpica noite de ver\u00e3o, contou com a presen\u00e7a do secret\u00e1rio de Estado da Administra\u00e7\u00e3o Local e Ordenamento do Territ\u00f3rio, Silv\u00e9rio Regalado.<\/p>\n<p>Na ocasi\u00e3o, a presidente da C\u00e2mara Municipal de Torres Vedras, Laura Rodrigues, iniciou a sua interven\u00e7\u00e3o com uma contextualiza\u00e7\u00e3o hist\u00f3rica da Feira de S\u00e3o Pedro, que celebra 732 anos, e cuja g\u00e9nese recorde-se, remonta ao ano de 1293, quando D. Dinis concedeu carta \u00e0 feira da Vila de Torres Vedras, fazendo esta feira parte da ess\u00eancia de Torres Vedras.<\/p>\n<p>Laura Rodrigues aproveitou o momento formal para fazer algumas refer\u00eancias relativas \u00e0 rela\u00e7\u00e3o das autarquias locais com o poder central, destacando os desafios da descentraliza\u00e7\u00e3o, e mais concretamente, ao peso da burocracia no ordenamento do territ\u00f3rio, que constitui, segundo Laura Rodrigues, \u201cuma bateria de condicionantes \u00e0 simplifica\u00e7\u00e3o dos processos\u201d e a necessidade das autarquias disporem de meios necess\u00e1rios para dar respostas adequadas e c\u00e9leres. Recordou ainda o papel das autarquias locais nestes 50 anos de Democracia, para a constru\u00e7\u00e3o de Portugal, e a import\u00e2ncia da proximidade dos munic\u00edpios \u00e0s suas popula\u00e7\u00f5es.<\/p>\n<p>Na sua interven\u00e7\u00e3o, o secret\u00e1rio de Estado da Administra\u00e7\u00e3o Local e Ordenamento do Territ\u00f3rio, Silv\u00e9rio Regalado, destacou a import\u00e2ncia das autarquias locais para os territ\u00f3rios, que possibilitam a exist\u00eancia de Cultura, Educa\u00e7\u00e3o, Desporto, referindo que o governo tem no seu programa medidas que permitem acabar com a burocracia e simplificar processos, nomeadamente a revis\u00e3o da Lei das Autarquias Locais, sendo esta uma das grandes prioridades do Gabinete que tutela.<\/p>\n<p>A iniciar o ato inaugural, o presidente do Conselho de Administra\u00e7\u00e3o da Promotorres, Rui Penetra, sublinhou que a Feira de S\u00e3o Pedro \u201c\u00e9 presente e \u00e9 futuro\u201d, referindo que para projetar o futuro, mais do que perce\u00e7\u00f5es s\u00e3o necess\u00e1rios dados, raz\u00e3o pela qual a Promotorres ir\u00e1 realizar, pela primeira vez, um estudo de impacto p\u00fablico e econ\u00f3mico do evento. Rui Penetra destacou ainda a componente de conhecimento e inova\u00e7\u00e3o do certame, fazendo alus\u00e3o ao Audit\u00f3rio da Caixa Agr\u00edcola de Torres Vedras, um dos parceiros oficiais do referido certame, o qual ir\u00e1 acolher v\u00e1rios workshops, col\u00f3quios e semin\u00e1rios das \u00e1reas da Agricultura, Floresta e Cooperativismo.<\/p>\n<p>A edi\u00e7\u00e3o de 2025 da Feira de S\u00e3o Pedro, para al\u00e9m dos 163 expositores, conta igualmente com 33 feirantes de artesanato, 113 feirantes tradicionais, 27 divertimentos e jogos, 5 bares, 33 restaurantes e 10 tasquinhas de associa\u00e7\u00f5es torrienses. Apresenta ainda um programa de anima\u00e7\u00e3o com concertos de artistas nacionais, conhecidos do grande p\u00fablico (Plut\u00f3nio, Carl\u00e3o e Xutos &amp; Pontap\u00e9s) e onde artistas locais voltam a ter espa\u00e7o.<\/p>\n<p>A cerim\u00f3nia de inaugura\u00e7\u00e3o teve lugar junto \u00e0 exposi\u00e7\u00e3o \u201cTorres Vedras: Um Concelho para Todos\u201d, que revela como os torrienses partilham um territ\u00f3rio comum, com oportunidades que acompanham cada mun\u00edcipe ao longo da sua vida. Revela tamb\u00e9m como s\u00e3o os pr\u00f3prios torrienses que d\u00e3o corpo \u00e0s iniciativas e lhes d\u00e3o sentido, que transformam os espa\u00e7os e contribuem ativamente, e todos os dias, para a identidade de Torres Vedras. Esta exposi\u00e7\u00e3o situada junto \u00e0 entrada do pavilh\u00e3o da Expotorres foi visitada pelos presentes, no final do ato inaugural, tendo-se seguido a visita a todo o recinto da feira.<\/p>\n<p>A Feira de S\u00e3o Pedro volta novamente a ser um Ecoevento Valorsul, numa parceria entre C\u00e2mara Municipal de Torres Vedras, empresa municipal Promotorres, SMAS de Torres Vedras e Junta de Freguesia de Santa Maria, S\u00e3o Pedro e Matac\u00e3es, pelo que ir\u00e1 contar com uma campanha de sensibiliza\u00e7\u00e3o para a deposi\u00e7\u00e3o seletiva de res\u00edduos, de biores\u00edduos e de recolha de \u00f3leos.<\/p>\n","protected":false},"excerpt":{"rendered":"<p>A Feira de S\u00e3o Pedro come\u00e7ou esta quinta-feira, dia 26 de junho e decorre at\u00e9 dia 6 de julho, na Expotorres \u2013 Parque Regional de Exposi\u00e7\u00f5es de Torres Vedras, esperando-se mais de 240.000 visitantes aos 163 expositores presentes. A inaugura\u00e7\u00e3o do certame, que decorreu numa t\u00edpica noite de ver\u00e3o, contou com a presen\u00e7a do secret\u00e1rio [&hellip;]<\/p>\n","protected":false},"author":2,"featured_media":40564,"comment_status":"open","ping_status":"open","sticky":false,"template":"","format":"standard","meta":{"footnotes":""},"categories":[7],"tags":[],"class_list":["post-40560","post","type-post","status-publish","format-standard","has-post-thumbnail","hentry","category-economia"],"_links":{"self":[{"href":"https:\/\/tintafresca.net\/index.php\/wp-json\/wp\/v2\/posts\/40560","targetHints":{"allow":["GET"]}}],"collection":[{"href":"https:\/\/tintafresca.net\/index.php\/wp-json\/wp\/v2\/posts"}],"about":[{"href":"https:\/\/tintafresca.net\/index.php\/wp-json\/wp\/v2\/types\/post"}],"author":[{"embeddable":true,"href":"https:\/\/tintafresca.net\/index.php\/wp-json\/wp\/v2\/users\/2"}],"replies":[{"embeddable":true,"href":"https:\/\/tintafresca.net\/index.php\/wp-json\/wp\/v2\/comments?post=40560"}],"version-history":[{"count":3,"href":"https:\/\/tintafresca.net\/index.php\/wp-json\/wp\/v2\/posts\/40560\/revisions"}],"predecessor-version":[{"id":40565,"href":"https:\/\/tintafresca.net\/index.php\/wp-json\/wp\/v2\/posts\/40560\/revisions\/40565"}],"wp:featuredmedia":[{"embeddable":true,"href":"https:\/\/tintafresca.net\/index.php\/wp-json\/wp\/v2\/media\/40564"}],"wp:attachment":[{"href":"https:\/\/tintafresca.net\/index.php\/wp-json\/wp\/v2\/media?parent=40560"}],"wp:term":[{"taxonomy":"category","embeddable":true,"href":"https:\/\/tintafresca.net\/index.php\/wp-json\/wp\/v2\/categories?post=40560"},{"taxonomy":"post_tag","embeddable":true,"href":"https:\/\/tintafresca.net\/index.php\/wp-json\/wp\/v2\/tags?post=40560"}],"curies":[{"name":"wp","href":"https:\/\/api.w.org\/{rel}","templated":true}]}}