{"id":40577,"date":"2025-06-30T00:15:57","date_gmt":"2025-06-30T00:15:57","guid":{"rendered":"https:\/\/tintafresca.net\/?p=40577"},"modified":"2025-06-30T23:48:03","modified_gmt":"2025-06-30T23:48:03","slug":"camara-de-torres-vedras-assina-contrato-para-ligar-a-a8-a-area-empresarial-das-palhagueiras","status":"publish","type":"post","link":"https:\/\/tintafresca.net\/index.php\/2025\/06\/30\/camara-de-torres-vedras-assina-contrato-para-ligar-a-a8-a-area-empresarial-das-palhagueiras\/","title":{"rendered":"C\u00e2mara de Torres Vedras assina contrato para ligar a A8 \u00e0 \u00c1rea Empresarial das Palhagueiras"},"content":{"rendered":"<div id=\"attachment_40579\" style=\"width: 510px\" class=\"wp-caption alignleft\"><img loading=\"lazy\" decoding=\"async\" aria-describedby=\"caption-attachment-40579\" class=\"wp-image-40579\" src=\"https:\/\/tintafresca.net\/wp-content\/uploads\/2025\/06\/TV_A8_Palhagueiras.jpeg\" alt=\"\" width=\"500\" height=\"333\" srcset=\"https:\/\/tintafresca.net\/wp-content\/uploads\/2025\/06\/TV_A8_Palhagueiras.jpeg 720w, https:\/\/tintafresca.net\/wp-content\/uploads\/2025\/06\/TV_A8_Palhagueiras-300x200.jpeg 300w\" sizes=\"auto, (max-width: 500px) 100vw, 500px\" \/><p id=\"caption-attachment-40579\" class=\"wp-caption-text\">Joana Pragosa e Laura Rodrigues<\/p><\/div>\n<p>A estrada de liga\u00e7\u00e3o da A8 \u00e0 \u00c1rea Empresarial das Palhagueiras vai ser uma realidade a breve prazo.\u00a0O auto de consigna\u00e7\u00e3o da empreitada desta via foi assinado na tarde do dia 27 de junho, junto ao extremo poente do respetivo tra\u00e7ado. O documento foi assinado pela presidente da C\u00e2mara Municipal de Torres Vedras, Laura Rodrigues, e pela respons\u00e1vel da empresa Constru\u00e7\u00f5es Pragosa, S.A, Joana Pragosa.<\/p>\n<p>De referir que a constru\u00e7\u00e3o da estrada de liga\u00e7\u00e3o da A8 \u00e0 \u00e1rea empresarial das Palhagueiras representa um investimento municipal de cerca de 20 milh\u00f5es de euros (o que inclui a elabora\u00e7\u00e3o de projeto, as expropria\u00e7\u00f5es, a execu\u00e7\u00e3o da empreitada e a fiscaliza\u00e7\u00e3o da mesma), o qual \u00e9 financiado em cerca de 11,6 milh\u00f5es de euros pelo PRR (Programa de Recupera\u00e7\u00e3o e Resili\u00eancia).<\/p>\n<p>A obra tem uma extens\u00e3o de 6,1 km, sendo que a extremidade nascente da mesma situa-se no entroncamento entre a EN 8-2 e o acesso \u00e0 variante dessa estrada nacional (na zona de Paio Correia). A via ter\u00e1 duas faixas de rodagem em cada sentido e contar\u00e1 com cinco rotundas, duas delas situadas nos seus pontos extremos.<\/p>\n<p>Segundo a presidente da C\u00e2mara Municipal de Torres Vedras, Laura Rodrigues, esta nova liga\u00e7\u00e3o permitir\u00e1 melhorar a competitividade do territ\u00f3rio concelhio torriense, bem como promover a atra\u00e7\u00e3o e fixa\u00e7\u00e3o de empresas no mesmo. Tamb\u00e9m de acordo com palavras proferidas pela presidente da C\u00e2mara Municipal de Torres Vedras na cerim\u00f3nia de assinatura do auto de consigna\u00e7\u00e3o da obra, a mesma favorecer\u00e1 de sobremaneira o escoamento de produtos agr\u00edcolas frescos da zona litoral do concelho de Torres Vedras, sendo que a \u00c1rea Metropolitana de Lisboa \u00e9 um dos principais mercados de consumo desses produtos.<\/p>\n<p>Na sua alocu\u00e7\u00e3o, Laura Rodrigues recordou que a constru\u00e7\u00e3o da estrada de liga\u00e7\u00e3o da A8 \u00e0 \u00c1rea Empresarial das Palhagueiras, a qual est\u00e1 desde 1995 prevista no Plano Diretor Municipal de Torres Vedras, \u00e9 antecedida pela execu\u00e7\u00e3o pelo Munic\u00edpio de Torres Vedras de outras vias variantes que t\u00eam permitido descongestionar o tr\u00e1fego rodovi\u00e1rio do centro de localidades do concelho de Torres Vedras (nomeadamente a Avenida Variante Ponte de Torres Vedras, a Variante ao Alto do Seixinho e a Variante a A dos Cunhados).<\/p>\n<p>Presente na cerim\u00f3nia de assinatura do auto de consigna\u00e7\u00e3o da empreitada de constru\u00e7\u00e3o da estrada de liga\u00e7\u00e3o da A8 \u00e0 \u00c1rea Empresarial das Palhagueiras esteve tamb\u00e9m a presidente da Comiss\u00e3o de Coordena\u00e7\u00e3o e Desenvolvimento Regional de Lisboa e Vale do Tejo, Teresa Almeida, que aproveitou o seu momento de uso da palavra para felicitar a C\u00e2mara Municipal de Torres Vedras pela resili\u00eancia e perseveran\u00e7a que demonstrou ao longo de todo o processo que antecedeu o in\u00edcio da obra, incluindo a candidatura da mesma aos fundos do PRR.<\/p>\n<p>Segundo Teresa Almeida foram v\u00e1rios os obst\u00e1culos que, numa luta contra o tempo, tiveram de ser ultrapassados, tendo dado os exemplos da altera\u00e7\u00e3o ao tra\u00e7ado da via, da obten\u00e7\u00e3o dos necess\u00e1rios pareceres e da declara\u00e7\u00e3o de utilidade p\u00fablica e da execu\u00e7\u00e3o das expropria\u00e7\u00f5es.<\/p>\n<p>A esse prop\u00f3sito, \u00e9 de referir que para a constru\u00e7\u00e3o da estrada de liga\u00e7\u00e3o da A8 \u00e0 \u00c1rea Empresarial das Palhagueiras tiveram de ser expropriadas 58 parcelas de terreno, as quais representam uma \u00e1rea de 396.690 m\u00b2. Relacionado com esse facto, a presidente da C\u00e2mara Municipal de Torres Vedras, tamb\u00e9m na sua alocu\u00e7\u00e3o, deixara o seu agradecimento a todos os particulares e empresas que viabilizaram a obra, alguns com penaliza\u00e7\u00e3o pr\u00f3pria em prol de um bem maior e coletivo.<\/p>\n<p>J\u00e1 H\u00e9lder Reis, na sua interven\u00e7\u00e3o, real\u00e7ou a import\u00e2ncia da empreitada cujo auto de consigna\u00e7\u00e3o fora anteriormente assinado, tendo em conta o favorecimento que representa para a \u00e1rea de acolhimento empresarial da zona das Palhagueiras.<\/p>\n<p>O secret\u00e1rio de Estado do Planeamento e Desenvolvimento Regional demonstrou tamb\u00e9m o desejo de no futuro ver concretizadas no concelho de Torres Vedras e em outros mais obras que venham a constituir-se como benef\u00edcios para a qualidade de vida das popula\u00e7\u00f5es e para a labora\u00e7\u00e3o das empresas, tendo expressado a sua vontade de dentro de alguns meses deslocar-se \u00e0 obra que agora se inicia e, posteriormente, de marcar presen\u00e7a na inaugura\u00e7\u00e3o da mesma.<\/p>\n<p>Refira-se que esta obra estar\u00e1 conclu\u00edda no segundo trimestre do pr\u00f3ximo ano, sendo inten\u00e7\u00e3o da C\u00e2mara Municipal de Torres Vedras, no futuro, prolongar at\u00e9 Santa Cruz a via de liga\u00e7\u00e3o da A8 \u00e0 \u00c1rea Empresarial das Palhagueiras.<\/p>\n<p><strong>\u00a0 \u00a0 \u00a0 \u00a0Fonte: ACM|CMTV<\/strong><\/p>\n","protected":false},"excerpt":{"rendered":"<p>A estrada de liga\u00e7\u00e3o da A8 \u00e0 \u00c1rea Empresarial das Palhagueiras vai ser uma realidade a breve prazo.\u00a0O auto de consigna\u00e7\u00e3o da empreitada desta via foi assinado na tarde do dia 27 de junho, junto ao extremo poente do respetivo tra\u00e7ado. O documento foi assinado pela presidente da C\u00e2mara Municipal de Torres Vedras, Laura Rodrigues, [&hellip;]<\/p>\n","protected":false},"author":2,"featured_media":40580,"comment_status":"open","ping_status":"open","sticky":false,"template":"","format":"standard","meta":{"footnotes":""},"categories":[7],"tags":[],"class_list":["post-40577","post","type-post","status-publish","format-standard","has-post-thumbnail","hentry","category-economia"],"_links":{"self":[{"href":"https:\/\/tintafresca.net\/index.php\/wp-json\/wp\/v2\/posts\/40577","targetHints":{"allow":["GET"]}}],"collection":[{"href":"https:\/\/tintafresca.net\/index.php\/wp-json\/wp\/v2\/posts"}],"about":[{"href":"https:\/\/tintafresca.net\/index.php\/wp-json\/wp\/v2\/types\/post"}],"author":[{"embeddable":true,"href":"https:\/\/tintafresca.net\/index.php\/wp-json\/wp\/v2\/users\/2"}],"replies":[{"embeddable":true,"href":"https:\/\/tintafresca.net\/index.php\/wp-json\/wp\/v2\/comments?post=40577"}],"version-history":[{"count":2,"href":"https:\/\/tintafresca.net\/index.php\/wp-json\/wp\/v2\/posts\/40577\/revisions"}],"predecessor-version":[{"id":40581,"href":"https:\/\/tintafresca.net\/index.php\/wp-json\/wp\/v2\/posts\/40577\/revisions\/40581"}],"wp:featuredmedia":[{"embeddable":true,"href":"https:\/\/tintafresca.net\/index.php\/wp-json\/wp\/v2\/media\/40580"}],"wp:attachment":[{"href":"https:\/\/tintafresca.net\/index.php\/wp-json\/wp\/v2\/media?parent=40577"}],"wp:term":[{"taxonomy":"category","embeddable":true,"href":"https:\/\/tintafresca.net\/index.php\/wp-json\/wp\/v2\/categories?post=40577"},{"taxonomy":"post_tag","embeddable":true,"href":"https:\/\/tintafresca.net\/index.php\/wp-json\/wp\/v2\/tags?post=40577"}],"curies":[{"name":"wp","href":"https:\/\/api.w.org\/{rel}","templated":true}]}}