{"id":40591,"date":"2025-07-01T21:59:39","date_gmt":"2025-07-01T21:59:39","guid":{"rendered":"https:\/\/tintafresca.net\/?p=40591"},"modified":"2025-07-01T23:32:04","modified_gmt":"2025-07-01T23:32:04","slug":"movimento-independente-batalha-e-de-todos-anuncia-recandidatura-de-raul-castro","status":"publish","type":"post","link":"https:\/\/tintafresca.net\/index.php\/2025\/07\/01\/movimento-independente-batalha-e-de-todos-anuncia-recandidatura-de-raul-castro\/","title":{"rendered":"Movimento Independente &#8220;Batalha \u00e9 de Todos&#8221; anuncia recandidatura de Raul Castro"},"content":{"rendered":"<div id=\"attachment_7472\" style=\"width: 510px\" class=\"wp-caption alignleft\"><img loading=\"lazy\" decoding=\"async\" aria-describedby=\"caption-attachment-7472\" class=\"wp-image-7472 size-full\" src=\"https:\/\/tintafresca.net\/wp-content\/uploads\/2021\/08\/Batalha_Raul-Castro10.jpg\" alt=\"\" width=\"500\" height=\"333\" \/><p id=\"caption-attachment-7472\" class=\"wp-caption-text\">Raul Castro<\/p><\/div>\n<p><span style=\"color: #000000;\"><span style=\"font-family: sans-serif;\"><span style=\"font-size: large;\">O Movimento Independente &#8220;Batalha \u00e9 de Todos&#8221; anunciou esta ter\u00e7a-feira, dia 1 de julho, que ir\u00e1 avan\u00e7ar com a recandidatura de Raul Castro \u00e0 C\u00e2mara Municipal da Batalha nas pr\u00f3ximas elei\u00e7\u00f5es aut\u00e1rquicas. Por sua vez, Joaquim Ruivo ser\u00e1 novamente cabe\u00e7a de lista \u00e0 Assembleia Municipal da Batalha.<\/span><\/span><\/span><\/p>\n<p>\u201c<span style=\"color: #000000;\"><span style=\"font-family: sans-serif;\"><span style=\"font-size: large;\">Com profundo sentido de miss\u00e3o e compromisso com a comunidade, o Movimento Independente apresenta uma equipa que integra cidad\u00e3os de diversas \u00e1reas e espectros pol\u00edticos, com experi\u00eancia e sentido de servi\u00e7o p\u00fablico, unidos pela vontade de continuar a construir um futuro melhor para o concelho da Batalha\u201d, justificou o Movimento Independente Batalha \u00e9 de Todos.<\/span><\/span><\/span><\/p>\n","protected":false},"excerpt":{"rendered":"<p>O Movimento Independente &#8220;Batalha \u00e9 de Todos&#8221; anunciou esta ter\u00e7a-feira, dia 1 de julho, que ir\u00e1 avan\u00e7ar com a recandidatura de Raul Castro \u00e0 C\u00e2mara Municipal da Batalha nas pr\u00f3ximas elei\u00e7\u00f5es aut\u00e1rquicas. Por sua vez, Joaquim Ruivo ser\u00e1 novamente cabe\u00e7a de lista \u00e0 Assembleia Municipal da Batalha. \u201cCom profundo sentido de miss\u00e3o e compromisso com [&hellip;]<\/p>\n","protected":false},"author":2,"featured_media":9343,"comment_status":"open","ping_status":"open","sticky":false,"template":"","format":"standard","meta":{"footnotes":""},"categories":[11],"tags":[],"class_list":["post-40591","post","type-post","status-publish","format-standard","has-post-thumbnail","hentry","category-sociedade"],"_links":{"self":[{"href":"https:\/\/tintafresca.net\/index.php\/wp-json\/wp\/v2\/posts\/40591","targetHints":{"allow":["GET"]}}],"collection":[{"href":"https:\/\/tintafresca.net\/index.php\/wp-json\/wp\/v2\/posts"}],"about":[{"href":"https:\/\/tintafresca.net\/index.php\/wp-json\/wp\/v2\/types\/post"}],"author":[{"embeddable":true,"href":"https:\/\/tintafresca.net\/index.php\/wp-json\/wp\/v2\/users\/2"}],"replies":[{"embeddable":true,"href":"https:\/\/tintafresca.net\/index.php\/wp-json\/wp\/v2\/comments?post=40591"}],"version-history":[{"count":5,"href":"https:\/\/tintafresca.net\/index.php\/wp-json\/wp\/v2\/posts\/40591\/revisions"}],"predecessor-version":[{"id":40602,"href":"https:\/\/tintafresca.net\/index.php\/wp-json\/wp\/v2\/posts\/40591\/revisions\/40602"}],"wp:featuredmedia":[{"embeddable":true,"href":"https:\/\/tintafresca.net\/index.php\/wp-json\/wp\/v2\/media\/9343"}],"wp:attachment":[{"href":"https:\/\/tintafresca.net\/index.php\/wp-json\/wp\/v2\/media?parent=40591"}],"wp:term":[{"taxonomy":"category","embeddable":true,"href":"https:\/\/tintafresca.net\/index.php\/wp-json\/wp\/v2\/categories?post=40591"},{"taxonomy":"post_tag","embeddable":true,"href":"https:\/\/tintafresca.net\/index.php\/wp-json\/wp\/v2\/tags?post=40591"}],"curies":[{"name":"wp","href":"https:\/\/api.w.org\/{rel}","templated":true}]}}