{"id":4060,"date":"2021-05-13T21:59:42","date_gmt":"2021-05-13T21:59:42","guid":{"rendered":"https:\/\/tintafresca.net\/?p=4060"},"modified":"2021-05-13T21:59:42","modified_gmt":"2021-05-13T21:59:42","slug":"centro-2020-apoia-a-concretizacao-do-sistema-de-informacao-cadastral-simplificado-na-regiao","status":"publish","type":"post","link":"https:\/\/tintafresca.net\/index.php\/2021\/05\/13\/centro-2020-apoia-a-concretizacao-do-sistema-de-informacao-cadastral-simplificado-na-regiao\/","title":{"rendered":"CENTRO 2020 apoia a concretiza\u00e7\u00e3o do sistema de informa\u00e7\u00e3o cadastral simplificado na regi\u00e3o"},"content":{"rendered":"<div id=\"attachment_3811\" style=\"width: 640px\" class=\"wp-caption alignleft\"><img loading=\"lazy\" decoding=\"async\" aria-describedby=\"caption-attachment-3811\" class=\"wp-image-3811 size-full\" src=\"https:\/\/tintafresca.net\/wp-content\/uploads\/2021\/05\/CCDR_Centro_sede.jpg\" alt=\"\" width=\"630\" height=\"480\" \/><p id=\"caption-attachment-3811\" class=\"wp-caption-text\">Sede da CCDR do Centro<\/p><\/div>\n<p><strong><em>\u00a0<\/em><\/strong>O Programa Operacional Regional do Centro (Centro 2020) aprovou 16 candidaturas das Comunidades Intermunicipais e C\u00e2maras Municipais da regi\u00e3o Centro para a concretiza\u00e7\u00e3o do Sistema de Informa\u00e7\u00e3o Cadastral Simplificado no territ\u00f3rio dos munic\u00edpios que n\u00e3o disp\u00f5em de cadastro geom\u00e9trico da propriedade r\u00fastica ou cadastro predial.<\/p>\n<p>Com um apoio de 9,2 milh\u00f5es de euros de fundos europeus, o objetivo \u00e9 que mais de 2 milh\u00f5es de pr\u00e9dios inscritos na matriz r\u00fastica passem a ter representa\u00e7\u00e3o gr\u00e1fica georreferenciada, permitindo a identifica\u00e7\u00e3o da estrutura fundi\u00e1ria e da titularidade dos pr\u00e9dios r\u00fasticos e mistos e, dessa forma, ajudar a uma melhor gest\u00e3o do territ\u00f3rio, em particular no interior e em \u00e1reas fortemente afetadas por fogos florestais. Trata-se de uma das medidas do Programa de Valoriza\u00e7\u00e3o do Interior que incorporou o Programa de Estabiliza\u00e7\u00e3o Econ\u00f3mica e Social, em resposta \u00e0 pandemia causada pelo v\u00edrus COVID.<\/p>\n<p>Para Isabel Damasceno, presidente da Comiss\u00e3o de Coordena\u00e7\u00e3o e Desenvolvimento Regional do Centro (CCDRC), \u201ceste \u00e9 um passo decisivo para passar a dispor de um instrumento vital na gest\u00e3o do territ\u00f3rio e na defini\u00e7\u00e3o de pol\u00edticas de interven\u00e7\u00e3o e valoriza\u00e7\u00e3o dos espa\u00e7os rurais da regi\u00e3o e, em particular, de cada munic\u00edpio. \u00c9 com grande satisfa\u00e7\u00e3o que vejo uma medida que h\u00e1 anos defendo come\u00e7ar agora a concretizar-se\u201d.<\/p>\n<p>O problema do abandono ou aus\u00eancia de gest\u00e3o das terras r\u00fasticas \u00e9 um dos mais relevantes problemas do pa\u00eds e da regi\u00e3o. A aus\u00eancia de informa\u00e7\u00e3o cadastral atualizada de grande parte do territ\u00f3rio regional, em particular nas zonas ruais e florestais, acentua os fatores de risco de inc\u00eandio, decorrente da limitada capacidade de controlo e fiscaliza\u00e7\u00e3o e, consequentemente, efic\u00e1cia das medidas de prote\u00e7\u00e3o e preven\u00e7\u00e3o. Mas tamb\u00e9m inibe o desenvolvimento de um mercado fundi\u00e1rio que possibilite o crescimento e a competitividade das empresas agr\u00edcolas e florestais e uma adequada valoriza\u00e7\u00e3o do territ\u00f3rio regional.<\/p>\n<p><strong>\u00a0 Fonte: CCDR|Centro<\/strong><\/p>\n","protected":false},"excerpt":{"rendered":"<p>\u00a0O Programa Operacional Regional do Centro (Centro 2020) aprovou 16 candidaturas das Comunidades Intermunicipais e C\u00e2maras Municipais da regi\u00e3o Centro para a concretiza\u00e7\u00e3o do Sistema de Informa\u00e7\u00e3o Cadastral Simplificado no territ\u00f3rio dos munic\u00edpios que n\u00e3o disp\u00f5em de cadastro geom\u00e9trico da propriedade r\u00fastica ou cadastro predial. Com um apoio de 9,2 milh\u00f5es de euros de fundos [&hellip;]<\/p>\n","protected":false},"author":2,"featured_media":3812,"comment_status":"open","ping_status":"open","sticky":false,"template":"","format":"standard","meta":{"footnotes":""},"categories":[9],"tags":[],"class_list":["post-4060","post","type-post","status-publish","format-standard","has-post-thumbnail","hentry","category-ambiente"],"_links":{"self":[{"href":"https:\/\/tintafresca.net\/index.php\/wp-json\/wp\/v2\/posts\/4060","targetHints":{"allow":["GET"]}}],"collection":[{"href":"https:\/\/tintafresca.net\/index.php\/wp-json\/wp\/v2\/posts"}],"about":[{"href":"https:\/\/tintafresca.net\/index.php\/wp-json\/wp\/v2\/types\/post"}],"author":[{"embeddable":true,"href":"https:\/\/tintafresca.net\/index.php\/wp-json\/wp\/v2\/users\/2"}],"replies":[{"embeddable":true,"href":"https:\/\/tintafresca.net\/index.php\/wp-json\/wp\/v2\/comments?post=4060"}],"version-history":[{"count":2,"href":"https:\/\/tintafresca.net\/index.php\/wp-json\/wp\/v2\/posts\/4060\/revisions"}],"predecessor-version":[{"id":4062,"href":"https:\/\/tintafresca.net\/index.php\/wp-json\/wp\/v2\/posts\/4060\/revisions\/4062"}],"wp:featuredmedia":[{"embeddable":true,"href":"https:\/\/tintafresca.net\/index.php\/wp-json\/wp\/v2\/media\/3812"}],"wp:attachment":[{"href":"https:\/\/tintafresca.net\/index.php\/wp-json\/wp\/v2\/media?parent=4060"}],"wp:term":[{"taxonomy":"category","embeddable":true,"href":"https:\/\/tintafresca.net\/index.php\/wp-json\/wp\/v2\/categories?post=4060"},{"taxonomy":"post_tag","embeddable":true,"href":"https:\/\/tintafresca.net\/index.php\/wp-json\/wp\/v2\/tags?post=4060"}],"curies":[{"name":"wp","href":"https:\/\/api.w.org\/{rel}","templated":true}]}}