{"id":40691,"date":"2025-07-10T00:09:25","date_gmt":"2025-07-10T00:09:25","guid":{"rendered":"https:\/\/tintafresca.net\/?p=40691"},"modified":"2025-07-10T00:13:42","modified_gmt":"2025-07-10T00:13:42","slug":"x-convencao-nacional-da-iniciativa-liberal-vai-realizar-se-em-alcobaca","status":"publish","type":"post","link":"https:\/\/tintafresca.net\/index.php\/2025\/07\/10\/x-convencao-nacional-da-iniciativa-liberal-vai-realizar-se-em-alcobaca\/","title":{"rendered":"X Conven\u00e7\u00e3o Nacional da Iniciativa Liberal vai realizar-se em Alcoba\u00e7a"},"content":{"rendered":"<div id=\"attachment_40693\" style=\"width: 510px\" class=\"wp-caption alignleft\"><img loading=\"lazy\" decoding=\"async\" aria-describedby=\"caption-attachment-40693\" class=\"wp-image-40693 size-full\" src=\"https:\/\/tintafresca.net\/wp-content\/uploads\/2025\/07\/Alcobaca_Panorama20.jpg\" alt=\"\" width=\"500\" height=\"281\" srcset=\"https:\/\/tintafresca.net\/wp-content\/uploads\/2025\/07\/Alcobaca_Panorama20.jpg 500w, https:\/\/tintafresca.net\/wp-content\/uploads\/2025\/07\/Alcobaca_Panorama20-300x169.jpg 300w\" sizes=\"auto, (max-width: 500px) 100vw, 500px\" \/><p id=\"caption-attachment-40693\" class=\"wp-caption-text\">Panorama<\/p><\/div>\n<p>A X Conven\u00e7\u00e3o Nacional da Iniciativa Liberal (eletiva) decorrer\u00e1 no Pavilh\u00e3o Multiusos de Alcoba\u00e7a (Panorama), no dia 19 de julho de 2025 (s\u00e1bado), com in\u00edcio \u00e0s 09h00 e t\u00e9rmino previsto para as 21h00. Conforme foi aprovado pelo Conselho Nacional e consta do Regimento da Conven\u00e7\u00e3o, a mesma servir\u00e1 para eleger o novo presidente da IL e a sua nova Comiss\u00e3o Executiva, sufragar a Mo\u00e7\u00e3o de Estrat\u00e9gia Global que vai orientar os pr\u00f3ximos 2 anos pol\u00edticos da Iniciativa Liberal, bem como discutir e votar as Mo\u00e7\u00f5es Setoriais que sejam apresentadas.<\/p>\n<p>A X Conven\u00e7\u00e3o Nacional da Iniciativa Liberal ser\u00e1 constitu\u00edda por todos os membros do Partido que se encontrem no pleno gozo dos seus direitos, que se inscrevam e com quotas vencidas pagas.Mariana Leit\u00e3o \u00e9 a \u00fanica candidata a presidente da Iniciativa Liberal.<\/p>\n<p>Este foi um evento dinamizado por membros do distrito e do n\u00facleo que escolheram o concelho de Alcoba\u00e7a e o espa\u00e7o Panorama para este evento nacional. O N\u00facleo de Alcoba\u00e7a da Iniciativa Liberal ir\u00e1 utilizar esta ocasi\u00e3o para divulgar os nomes dos cabe\u00e7as de lista das v\u00e1rias candidaturas em prepara\u00e7\u00e3o, nomeadamente, C\u00e2mara Municipal, Assembleia Municipal, Junta de Freguesia de S\u00e3o Martinho do Porto e Junta de Freguesia da Benedita. A IL Alcoba\u00e7a assume estar empenhada em tornar o concelho mais din\u00e2mico, mais ativo e mais liberal-<\/p>\n","protected":false},"excerpt":{"rendered":"<p>A X Conven\u00e7\u00e3o Nacional da Iniciativa Liberal (eletiva) decorrer\u00e1 no Pavilh\u00e3o Multiusos de Alcoba\u00e7a (Panorama), no dia 19 de julho de 2025 (s\u00e1bado), com in\u00edcio \u00e0s 09h00 e t\u00e9rmino previsto para as 21h00. Conforme foi aprovado pelo Conselho Nacional e consta do Regimento da Conven\u00e7\u00e3o, a mesma servir\u00e1 para eleger o novo presidente da IL [&hellip;]<\/p>\n","protected":false},"author":2,"featured_media":40694,"comment_status":"open","ping_status":"open","sticky":false,"template":"","format":"standard","meta":{"footnotes":""},"categories":[11],"tags":[],"class_list":["post-40691","post","type-post","status-publish","format-standard","has-post-thumbnail","hentry","category-sociedade"],"_links":{"self":[{"href":"https:\/\/tintafresca.net\/index.php\/wp-json\/wp\/v2\/posts\/40691","targetHints":{"allow":["GET"]}}],"collection":[{"href":"https:\/\/tintafresca.net\/index.php\/wp-json\/wp\/v2\/posts"}],"about":[{"href":"https:\/\/tintafresca.net\/index.php\/wp-json\/wp\/v2\/types\/post"}],"author":[{"embeddable":true,"href":"https:\/\/tintafresca.net\/index.php\/wp-json\/wp\/v2\/users\/2"}],"replies":[{"embeddable":true,"href":"https:\/\/tintafresca.net\/index.php\/wp-json\/wp\/v2\/comments?post=40691"}],"version-history":[{"count":4,"href":"https:\/\/tintafresca.net\/index.php\/wp-json\/wp\/v2\/posts\/40691\/revisions"}],"predecessor-version":[{"id":40697,"href":"https:\/\/tintafresca.net\/index.php\/wp-json\/wp\/v2\/posts\/40691\/revisions\/40697"}],"wp:featuredmedia":[{"embeddable":true,"href":"https:\/\/tintafresca.net\/index.php\/wp-json\/wp\/v2\/media\/40694"}],"wp:attachment":[{"href":"https:\/\/tintafresca.net\/index.php\/wp-json\/wp\/v2\/media?parent=40691"}],"wp:term":[{"taxonomy":"category","embeddable":true,"href":"https:\/\/tintafresca.net\/index.php\/wp-json\/wp\/v2\/categories?post=40691"},{"taxonomy":"post_tag","embeddable":true,"href":"https:\/\/tintafresca.net\/index.php\/wp-json\/wp\/v2\/tags?post=40691"}],"curies":[{"name":"wp","href":"https:\/\/api.w.org\/{rel}","templated":true}]}}