{"id":40869,"date":"2025-08-01T14:06:46","date_gmt":"2025-08-01T14:06:46","guid":{"rendered":"https:\/\/tintafresca.net\/?p=40869"},"modified":"2025-08-01T17:18:54","modified_gmt":"2025-08-01T17:18:54","slug":"praia-da-nazare-interditada-a-banhos-devida-a-descarga-do-sistema-pluvial","status":"publish","type":"post","link":"https:\/\/tintafresca.net\/index.php\/2025\/08\/01\/praia-da-nazare-interditada-a-banhos-devida-a-descarga-do-sistema-pluvial\/","title":{"rendered":"Praia da Nazar\u00e9 interditada a banhos devido a descarga do sistema pluvial"},"content":{"rendered":"<div id=\"attachment_40870\" style=\"width: 510px\" class=\"wp-caption alignleft\"><img loading=\"lazy\" decoding=\"async\" aria-describedby=\"caption-attachment-40870\" class=\"wp-image-40870 size-full\" src=\"https:\/\/tintafresca.net\/wp-content\/uploads\/2025\/08\/Praia_nazare10.jpg\" alt=\"\" width=\"500\" height=\"332\" srcset=\"https:\/\/tintafresca.net\/wp-content\/uploads\/2025\/08\/Praia_nazare10.jpg 500w, https:\/\/tintafresca.net\/wp-content\/uploads\/2025\/08\/Praia_nazare10-300x199.jpg 300w\" sizes=\"auto, (max-width: 500px) 100vw, 500px\" \/><p id=\"caption-attachment-40870\" class=\"wp-caption-text\">Praia da Nazar\u00e9<\/p><\/div>\n<p align=\"LEFT\"><span style=\"color: #000000;\"><span style=\"font-family: Times New Roman, serif;\"><span style=\"font-size: large;\">A C\u00e2mara Municipal da Nazar\u00e9 informou esta quinta-feira, dia 1 de agosto, que uma ocorr\u00eancia t\u00e9cnica registada recentemente no sistema pluvial originou uma escorr\u00eancia an\u00f3mala, acompanhada de maus odores junto \u00e0 linha de costa.<\/span><\/span><\/span><\/p>\n<p align=\"LEFT\"><span style=\"color: #000000;\"><span style=\"font-family: Times New Roman, serif;\"><span style=\"font-size: large;\">A situa\u00e7\u00e3o foi prontamente identificada e, e durante a quinta-feira j\u00e1 se encontrava tecnicamente resolvida pelos servi\u00e7os competentes. O local foi inspecionado e encontra-se, neste momento, sem sinais vis\u00edveis de escorr\u00eancia ou maus cheiros.<\/span><\/span><\/span><\/p>\n<p align=\"LEFT\"><span style=\"color: #000000;\"><span style=\"font-family: Times New Roman, serif;\"><span style=\"font-size: large;\">No sentido de garantir a qualidade da \u00e1gua e a seguran\u00e7a da popula\u00e7\u00e3o, foram realizadas an\u00e1lises laboratoriais na sa\u00edda do pluvial por parte de uma entidade acreditada, cujos resultados a autarquia aguarda com a maior brevidade poss\u00edvel. Estes ser\u00e3o partilhados publicamente assim que dispon\u00edveis.<\/span><\/span><\/span><\/p>\n<p align=\"LEFT\"><span style=\"color: #000000;\"><span style=\"font-family: Times New Roman, serif;\"><span style=\"font-size: large;\">Por precau\u00e7\u00e3o, e at\u00e9 \u00e0 rece\u00e7\u00e3o dos resultados das an\u00e1lises \u00e0 qualidade da \u00e1gua, e por decis\u00e3o das autoridades competentes, a praia encontra-se interditada a banhos.<\/span><\/span><\/span><\/p>\n<p align=\"LEFT\"><span style=\"color: #000000;\"><span style=\"font-family: Times New Roman, serif;\"><span style=\"font-size: large;\">A C\u00e2mara Municipal da Nazar\u00e9 assegura que continua a acompanhar a situa\u00e7\u00e3o de perto, com monitoriza\u00e7\u00e3o refor\u00e7ada e vigil\u00e2ncia frequente no local, de modo a prevenir qualquer reincid\u00eancia.<\/span><\/span><\/span><\/p>\n<p align=\"LEFT\"><span style=\"color: #000000;\"><span style=\"font-family: raleway regular, Arial, Helvetica, sans-serif, Arial, Helvetica, sans-serif;\"><span style=\"font-size: large;\"><span style=\"font-family: Times New Roman, serif;\">A Autarquia reitera o seu compromisso com a sa\u00fade p\u00fablica, a qualidade ambiental e a seguran\u00e7a dos utentes desta praia, reconhecida com distin\u00e7\u00f5es como a Bandeira Azul, e refor\u00e7a o apelo \u00e0 serenidade e confian\u00e7a na atua\u00e7\u00e3o dos servi\u00e7os municipais e das entidades competentes<\/span>.<\/span><\/span><\/span><\/p>\n<p align=\"LEFT\">\u00a0 \u00a0Fonte: GIC|CMN<\/p>\n","protected":false},"excerpt":{"rendered":"<p>A C\u00e2mara Municipal da Nazar\u00e9 informou esta quinta-feira, dia 1 de agosto, que uma ocorr\u00eancia t\u00e9cnica registada recentemente no sistema pluvial originou uma escorr\u00eancia an\u00f3mala, acompanhada de maus odores junto \u00e0 linha de costa. A situa\u00e7\u00e3o foi prontamente identificada e, e durante a quinta-feira j\u00e1 se encontrava tecnicamente resolvida pelos servi\u00e7os competentes. O local foi [&hellip;]<\/p>\n","protected":false},"author":2,"featured_media":40872,"comment_status":"open","ping_status":"open","sticky":false,"template":"","format":"standard","meta":{"footnotes":""},"categories":[9],"tags":[],"class_list":["post-40869","post","type-post","status-publish","format-standard","has-post-thumbnail","hentry","category-ambiente"],"_links":{"self":[{"href":"https:\/\/tintafresca.net\/index.php\/wp-json\/wp\/v2\/posts\/40869","targetHints":{"allow":["GET"]}}],"collection":[{"href":"https:\/\/tintafresca.net\/index.php\/wp-json\/wp\/v2\/posts"}],"about":[{"href":"https:\/\/tintafresca.net\/index.php\/wp-json\/wp\/v2\/types\/post"}],"author":[{"embeddable":true,"href":"https:\/\/tintafresca.net\/index.php\/wp-json\/wp\/v2\/users\/2"}],"replies":[{"embeddable":true,"href":"https:\/\/tintafresca.net\/index.php\/wp-json\/wp\/v2\/comments?post=40869"}],"version-history":[{"count":4,"href":"https:\/\/tintafresca.net\/index.php\/wp-json\/wp\/v2\/posts\/40869\/revisions"}],"predecessor-version":[{"id":40875,"href":"https:\/\/tintafresca.net\/index.php\/wp-json\/wp\/v2\/posts\/40869\/revisions\/40875"}],"wp:featuredmedia":[{"embeddable":true,"href":"https:\/\/tintafresca.net\/index.php\/wp-json\/wp\/v2\/media\/40872"}],"wp:attachment":[{"href":"https:\/\/tintafresca.net\/index.php\/wp-json\/wp\/v2\/media?parent=40869"}],"wp:term":[{"taxonomy":"category","embeddable":true,"href":"https:\/\/tintafresca.net\/index.php\/wp-json\/wp\/v2\/categories?post=40869"},{"taxonomy":"post_tag","embeddable":true,"href":"https:\/\/tintafresca.net\/index.php\/wp-json\/wp\/v2\/tags?post=40869"}],"curies":[{"name":"wp","href":"https:\/\/api.w.org\/{rel}","templated":true}]}}