{"id":40999,"date":"2025-08-15T23:11:05","date_gmt":"2025-08-15T23:11:05","guid":{"rendered":"https:\/\/tintafresca.net\/?p=40999"},"modified":"2025-08-15T23:16:39","modified_gmt":"2025-08-15T23:16:39","slug":"86a-volta-a-portugal-passa-este-sabado-por-alcobaca-caldas-da-rainha-nazare-bombarral-peniche-torres-vedras-e-serra-de-montejunto","status":"publish","type":"post","link":"https:\/\/tintafresca.net\/index.php\/2025\/08\/15\/86a-volta-a-portugal-passa-este-sabado-por-alcobaca-caldas-da-rainha-nazare-bombarral-peniche-torres-vedras-e-serra-de-montejunto\/","title":{"rendered":"86\u00aa Volta a Portugal passa este s\u00e1bado por Alcoba\u00e7a, Caldas, Nazar\u00e9, Bombarral, Peniche, Torres Vedras e Montejunto"},"content":{"rendered":"<div id=\"attachment_41002\" style=\"width: 510px\" class=\"wp-caption alignleft\"><img loading=\"lazy\" decoding=\"async\" aria-describedby=\"caption-attachment-41002\" class=\"wp-image-41002 size-full\" src=\"https:\/\/tintafresca.net\/wp-content\/uploads\/2025\/08\/Alcobaca_volta_Portugal10.jpg\" alt=\"\" width=\"500\" height=\"587\" srcset=\"https:\/\/tintafresca.net\/wp-content\/uploads\/2025\/08\/Alcobaca_volta_Portugal10.jpg 500w, https:\/\/tintafresca.net\/wp-content\/uploads\/2025\/08\/Alcobaca_volta_Portugal10-256x300.jpg 256w\" sizes=\"auto, (max-width: 500px) 100vw, 500px\" \/><p id=\"caption-attachment-41002\" class=\"wp-caption-text\">Percurso na cidade de Alcoba\u00e7a<\/p><\/div>\n<p>Este s\u00e1bado,, dia 16 de agosto decorrer\u00e1 a 9.\u00aa etapa da 86\u00aa Volta a Portugal &#8211; Continente. Neste sentido, porque a mesma ter\u00e1 todo o seu percurso na regi\u00e3o do Oeste, a Pol\u00edcia de Seguran\u00e7a P\u00fablica alerta os cidad\u00e3os e especialmente todos aqueles que pretendam deslocar-se naquele dia, entre as 11h30 e as 15h45, \u00e0s cidades de Alcoba\u00e7a, Nazar\u00e9, Caldas da Rainha e Peniche, ir\u00e3o deparar-se com constrangimentos de tr\u00e2nsito.<\/p>\n<p>Alcoba\u00e7a:<\/p>\n<p>Atendendo a que nesta cidade iniciar-se-\u00e1 a etapa numa partida simb\u00f3lica, os constrangimentos ter\u00e3o menor impacto quanto \u00e0 sua abrang\u00eancia.<\/p>\n<p>Estar\u00e3o encerradas ao tr\u00e2nsito entre as 12H30 e as 13H15 as seguintes art\u00e9rias:<\/p>\n<p>&#8211; Panorama \u2013 Multiusos de Alcoba\u00e7a<\/p>\n<p>&#8211; Eng. Joaquim Natividade<\/p>\n<p>&#8211; Pra\u00e7a 25 de Abril<\/p>\n<p>&#8211; Av. Dos Combatentes<\/p>\n<p>&#8211; Rua de Oliven\u00e7a<\/p>\n<p>&#8211; Av. General Humberto Delgado<\/p>\n<p>A entrada e sa\u00edda da cidade dever\u00e1 ocorrer pela VCI e o acesso ao Hospital dever\u00e1 ser feito pela Rua de Leiria.<\/p>\n<p><strong>Caldas da Rainha:<\/strong><\/p>\n<p>Todas as seguintes vias, bem como, as art\u00e9rias cont\u00edguas que confluem com estas, estar\u00e3o inacess\u00edveis e de acesso vedado\/condicionado entre as 13H30 e as 14H30.<\/p>\n<p>&#8211; EN 360 (Estrada da Foz);<\/p>\n<p>&#8211; Rua Vitorino Fr\u00f3is;<\/p>\n<p>&#8211; Rua D. Manuel Freire da C\u00e2mara;<\/p>\n<p>&#8211; Rua General Am\u00edlcar Mota;<\/p>\n<p>&#8211; EN8.<\/p>\n<div id=\"attachment_41001\" style=\"width: 510px\" class=\"wp-caption alignleft\"><img loading=\"lazy\" decoding=\"async\" aria-describedby=\"caption-attachment-41001\" class=\"wp-image-41001 size-full\" src=\"https:\/\/tintafresca.net\/wp-content\/uploads\/2025\/08\/Nazare_9-Etapa10.jpg\" alt=\"\" width=\"500\" height=\"324\" srcset=\"https:\/\/tintafresca.net\/wp-content\/uploads\/2025\/08\/Nazare_9-Etapa10.jpg 500w, https:\/\/tintafresca.net\/wp-content\/uploads\/2025\/08\/Nazare_9-Etapa10-300x194.jpg 300w\" sizes=\"auto, (max-width: 500px) 100vw, 500px\" \/><p id=\"caption-attachment-41001\" class=\"wp-caption-text\">Percurso na Nazar\u00e9<\/p><\/div>\n<p><strong>Nazar\u00e9:<\/strong><\/p>\n<p>O percurso passar\u00e1 pelas seguintes art\u00e9rias, provocando desta forma condicionamentos e cortes de tr\u00e2nsito, no per\u00edodo das 12H45 \u00e0s 14H00.<\/p>\n<p>&#8211; Rotunda da Cercina.<\/p>\n<p>&#8211; E.N.8-5 \/ Av\u00aa de Badajoz<\/p>\n<p>&#8211; E.N.8-5 \/ Rua Jos\u00e9 Santo<\/p>\n<p>&#8211; E.N.8-5 \/ Av\u00aa do Rio Novo<\/p>\n<p>&#8211; Av\u00aa do Bombeiros VN \/ Rua M Albuquerque<\/p>\n<p>&#8211; Av\u00aa do Bombeiros VN \/ Av\u00aa Vieira Guimar\u00e3es<\/p>\n<p>&#8211; Av\u00aa Vieira Guimar\u00e3es \/ Sa\u00edda B\u00ba Pescadores<\/p>\n<p>&#8211; Av\u00aa Vieira Guimar\u00e3es \/ Rua dos Barrancos<\/p>\n<p>&#8211; Av\u00aa Vieira Guimar\u00e3es \/ Rua Sub-Vila<\/p>\n<p>&#8211; Av\u00aa Manuel Rem\u00edgio \/ Av\u00aa Munic\u00edpio<\/p>\n<p>&#8211; Av\u00aa Manuel Rem\u00edgio \/ Rua das Hortas<\/p>\n<p>&#8211; Av\u00aa Manuel Rem\u00edgio \/ Rua Lance da Coroa<\/p>\n<p>&#8211; Av\u00aa Manuel Rem\u00edgio \/ Rua Lance Esprangeira<\/p>\n<p>&#8211; Rotunda da Shell<\/p>\n<p><strong>Peniche<\/strong><\/p>\n<p>A partir das 14H00 estar\u00e1 vedado o acesso:<\/p>\n<p>&#8211; Av. 25 de Abril<\/p>\n<p>&#8211; Rua Alexandre Herculano<\/p>\n<p>&#8211; Pra\u00e7a Jacob Rodrigues Pereira<\/p>\n<p>&#8211; Rua 13 da Infantaria.<\/p>\n<p>A partir das 14H15 estar\u00e1 vedado o acesso:<\/p>\n<p>&#8211; Avenida da Praia no sentido do Baleal<\/p>\n<p>&#8211; Avenida Monsenhor Bastos, entre a rotunda e N\u00aa Sra. da Boa Viagem e os Port\u00f5es de Peniche n\u00e3o ser\u00e1 permitido o acesso, a sa\u00edda ser\u00e1 poss\u00edvel via Rua da Ponte Velha (Burger King) \u2013 Prageira \u2013 Rua N\u00aa Sra. da Boa Viagem \u2013 Rotunda de N\u00aa Sra. da Boa Viagem \u2013 Avenida Monsenhor Bastos sentido Rrotunda Supertubos\/IP6<\/p>\n<p>&#8211; Avenida do Porto de Pescas, a entrada na cidade ser\u00e1 poss\u00edvel at\u00e9 \u00e0 rotunda do Pingo Doce e a sa\u00edda ser\u00e1 permitida desde a Avenida do Mar at\u00e9 \u00e0 Rotunda de Supertubos.<\/p>\n<p>A partir das 14H30 (hora previs\u00edvel) e at\u00e9 \u00e0 passagem de todos os atletas e caravana (15H30), todo o circuito estar\u00e1 totalmente encerrado:<\/p>\n<p>&#8211; Avenida da Praia<\/p>\n<p>&#8211; Rotunda N\u00aa Sra. da Boa Viagem<\/p>\n<p>&#8211; Avenida Monsenhor Bastos, entre a rotunda N\u00aa Sra. da Boa Viagem e os Port\u00f5es de Peniche<\/p>\n<p>&#8211; Avenida 25 de Abril<\/p>\n<p>&#8211; Rua Alexandre Herculano<\/p>\n<p>&#8211; Pra\u00e7a Jacob Rodrigues Pereira<\/p>\n<p>&#8211; Rua 13 de Infantaria<\/p>\n<p>&#8211; Rua da Porto de Pescas<\/p>\n<p>&#8211; Rua dos Pocinhos<\/p>\n<p>&#8211; Avenida Monsenhor Bastos no sentido da rotunda de Supertubos\/IP6.<\/p>\n<p>A PSP aconselha todos os simpatizantes desta modalidade, que se desloquem para assistir \u00e0s etapas nos locais onde as mesmas ir\u00e3o decorrer, a que:<\/p>\n<p>Sigam estritamente as indica\u00e7\u00f5es dos pol\u00edcias colocados ao longo do percurso das provas;<\/p>\n<p>Evitem aglomerar-se nos pontos de partida e chegada de cada etapa;<\/p>\n<p>Assistam \u00e0s provas nos locais permitidos, afastados das bermas e sem interferir com a circula\u00e7\u00e3o dos atletas e demais ve\u00edculos pertencentes \u00e0s provas;<\/p>\n<p>N\u00e3o atravessem a faixa de rodagem \u00e0 passagem dos ciclistas;<\/p>\n<p>N\u00e3o circulem por qualquer meio nos arruamentos de passagem das provas;<\/p>\n<p>Supervisionem sempre as crian\u00e7as e evite que corram para a estrada;<\/p>\n<p>Evitem o uso de drones sem autoriza\u00e7\u00e3o;<\/p>\n<p>Estacionem em seguran\u00e7a, sem obstruir acessos ou vias de emerg\u00eancia.<\/p>\n<p><strong>\u00a0 \u00a0 \u00a0Fonte: CDL|PSP<\/strong><\/p>\n","protected":false},"excerpt":{"rendered":"<p>Este s\u00e1bado,, dia 16 de agosto decorrer\u00e1 a 9.\u00aa etapa da 86\u00aa Volta a Portugal &#8211; Continente. Neste sentido, porque a mesma ter\u00e1 todo o seu percurso na regi\u00e3o do Oeste, a Pol\u00edcia de Seguran\u00e7a P\u00fablica alerta os cidad\u00e3os e especialmente todos aqueles que pretendam deslocar-se naquele dia, entre as 11h30 e as 15h45, \u00e0s [&hellip;]<\/p>\n","protected":false},"author":2,"featured_media":41003,"comment_status":"open","ping_status":"open","sticky":false,"template":"","format":"standard","meta":{"footnotes":""},"categories":[13],"tags":[],"class_list":["post-40999","post","type-post","status-publish","format-standard","has-post-thumbnail","hentry","category-desporto"],"_links":{"self":[{"href":"https:\/\/tintafresca.net\/index.php\/wp-json\/wp\/v2\/posts\/40999","targetHints":{"allow":["GET"]}}],"collection":[{"href":"https:\/\/tintafresca.net\/index.php\/wp-json\/wp\/v2\/posts"}],"about":[{"href":"https:\/\/tintafresca.net\/index.php\/wp-json\/wp\/v2\/types\/post"}],"author":[{"embeddable":true,"href":"https:\/\/tintafresca.net\/index.php\/wp-json\/wp\/v2\/users\/2"}],"replies":[{"embeddable":true,"href":"https:\/\/tintafresca.net\/index.php\/wp-json\/wp\/v2\/comments?post=40999"}],"version-history":[{"count":3,"href":"https:\/\/tintafresca.net\/index.php\/wp-json\/wp\/v2\/posts\/40999\/revisions"}],"predecessor-version":[{"id":41005,"href":"https:\/\/tintafresca.net\/index.php\/wp-json\/wp\/v2\/posts\/40999\/revisions\/41005"}],"wp:featuredmedia":[{"embeddable":true,"href":"https:\/\/tintafresca.net\/index.php\/wp-json\/wp\/v2\/media\/41003"}],"wp:attachment":[{"href":"https:\/\/tintafresca.net\/index.php\/wp-json\/wp\/v2\/media?parent=40999"}],"wp:term":[{"taxonomy":"category","embeddable":true,"href":"https:\/\/tintafresca.net\/index.php\/wp-json\/wp\/v2\/categories?post=40999"},{"taxonomy":"post_tag","embeddable":true,"href":"https:\/\/tintafresca.net\/index.php\/wp-json\/wp\/v2\/tags?post=40999"}],"curies":[{"name":"wp","href":"https:\/\/api.w.org\/{rel}","templated":true}]}}