{"id":4101,"date":"2021-05-15T17:07:27","date_gmt":"2021-05-15T17:07:27","guid":{"rendered":"https:\/\/tintafresca.net\/?p=4101"},"modified":"2021-05-15T17:07:27","modified_gmt":"2021-05-15T17:07:27","slug":"centro-de-meios-aereos-de-alcaria-acolhe-um-dos-tres-helicopteros-destinados-a-regiao-de-leiria","status":"publish","type":"post","link":"https:\/\/tintafresca.net\/index.php\/2021\/05\/15\/centro-de-meios-aereos-de-alcaria-acolhe-um-dos-tres-helicopteros-destinados-a-regiao-de-leiria\/","title":{"rendered":"Centro de Meios A\u00e9reos de Alcaria acolhe um dos tr\u00eas helic\u00f3pteros destinados \u00e0 regi\u00e3o de Leiria"},"content":{"rendered":"<div id=\"attachment_4103\" style=\"width: 514px\" class=\"wp-caption alignleft\"><img loading=\"lazy\" decoding=\"async\" aria-describedby=\"caption-attachment-4103\" class=\"wp-image-4103 size-full\" src=\"https:\/\/tintafresca.net\/wp-content\/uploads\/2021\/05\/PM_Limpeza_terrenos.jpg\" alt=\"\" width=\"504\" height=\"378\" \/><p id=\"caption-attachment-4103\" class=\"wp-caption-text\">Cerca de 5,3 km foram beneficiados com aplica\u00e7\u00e3o de 10 toneladas de touvenant<\/p><\/div>\n<p>Tem in\u00edcio, no dia 15 de maio, o per\u00edodo \u201cn\u00edvel dois de risco de inc\u00eandio\u201d. Neste sentido, o Centro de Meios A\u00e9reos de Alcaria passa a acolher um dos tr\u00eas helic\u00f3pteros bombardeiros m\u00e9dios, destinados \u00e0 regi\u00e3o de Leiria, dispon\u00edveis at\u00e9 ao dia 15 de outubro.<\/p>\n<p>A GNR iniciar\u00e1 a fiscaliza\u00e7\u00e3o neste \u00e2mbito, a partir de 16 de maio, data a partir da qual elaborar\u00e1 autos por contraordena\u00e7\u00e3o quando detete situa\u00e7\u00f5es de incumprimento.<\/p>\n<p>No \u00e2mbito do Plano Municipal da Defesa da Floresta Contra Inc\u00eandios, o Munic\u00edpio de Porto de M\u00f3s tem tido uma voz ativa. No Concelho tem havido uma aposta clara na beneficia\u00e7\u00e3o da rede vi\u00e1ria florestal, de forma a garantir acessos condignos aos agentes de prote\u00e7\u00e3o civil envolvidos, em caso de inc\u00eandio. Nesta fase encontram-se j\u00e1 conclu\u00eddos os trabalhos em Mira de Aire e Casal Duro, tendo sido beneficiados cerca de 5,3 km, com aplica\u00e7\u00e3o de 10 toneladas de touvenant.<\/p>\n<p>Presentemente encontram-se a decorrer os trabalhos de beneficia\u00e7\u00e3o no Juncal, visando uma beneficia\u00e7\u00e3o de 15 km de caminhos. Estes trabalhos de beneficia\u00e7\u00e3o resultaram de uma parceria com o ICNF, com a ced\u00eancia das m\u00e1quinas para a realiza\u00e7\u00e3o dos trabalhos, sendo os restantes encargos de responsabilidade inteiramente municipal.<\/p>\n<p>O Munic\u00edpio, no \u00e2mbito das suas responsabilidades, encontra-se a executar as Faixas de Gest\u00e3o de Combust\u00edvel da Rede Vi\u00e1ria (10m), prevista no PMDFCI para o ano 2021, com o apoio das duas equipas de sapadores florestais, estando j\u00e1 conclu\u00eddos os trabalhos na Freguesia do Alqueid\u00e3o da Serra e em curso os trabalhos na Freguesia de Serro Ventoso, sendo que ser\u00e1 dado cumprimento \u00e0 execu\u00e7\u00e3o das faixas em todas as freguesias do Concelho.<\/p>\n<p>Relembre-se, ainda, que Porto de M\u00f3s integra o projeto do sistema de v\u00eddeo vigil\u00e2ncia, constitu\u00eddo por 11 torres permanentes, na \u00e1rea da Comunidade Intermunicipal da Regi\u00e3o de Leiria, que permitem em tempo real obter informa\u00e7\u00e3o relativa aos pontos de igni\u00e7\u00e3o, inclusive de queimas e queimadas, pelo que apelamos para que comunique sempre a queima de sobrantes que realizar para que n\u00e3o sejam acionados os meios de prote\u00e7\u00e3o e socorro indevidamente.<\/p>\n<p><strong>\u00a0 \u00a0 \u00a0Fonte: PA|GC|CMPM<\/strong><\/p>\n","protected":false},"excerpt":{"rendered":"<p>Tem in\u00edcio, no dia 15 de maio, o per\u00edodo \u201cn\u00edvel dois de risco de inc\u00eandio\u201d. Neste sentido, o Centro de Meios A\u00e9reos de Alcaria passa a acolher um dos tr\u00eas helic\u00f3pteros bombardeiros m\u00e9dios, destinados \u00e0 regi\u00e3o de Leiria, dispon\u00edveis at\u00e9 ao dia 15 de outubro. A GNR iniciar\u00e1 a fiscaliza\u00e7\u00e3o neste \u00e2mbito, a partir de [&hellip;]<\/p>\n","protected":false},"author":2,"featured_media":4104,"comment_status":"open","ping_status":"open","sticky":false,"template":"","format":"standard","meta":{"footnotes":""},"categories":[9],"tags":[],"class_list":["post-4101","post","type-post","status-publish","format-standard","has-post-thumbnail","hentry","category-ambiente"],"_links":{"self":[{"href":"https:\/\/tintafresca.net\/index.php\/wp-json\/wp\/v2\/posts\/4101","targetHints":{"allow":["GET"]}}],"collection":[{"href":"https:\/\/tintafresca.net\/index.php\/wp-json\/wp\/v2\/posts"}],"about":[{"href":"https:\/\/tintafresca.net\/index.php\/wp-json\/wp\/v2\/types\/post"}],"author":[{"embeddable":true,"href":"https:\/\/tintafresca.net\/index.php\/wp-json\/wp\/v2\/users\/2"}],"replies":[{"embeddable":true,"href":"https:\/\/tintafresca.net\/index.php\/wp-json\/wp\/v2\/comments?post=4101"}],"version-history":[{"count":2,"href":"https:\/\/tintafresca.net\/index.php\/wp-json\/wp\/v2\/posts\/4101\/revisions"}],"predecessor-version":[{"id":4105,"href":"https:\/\/tintafresca.net\/index.php\/wp-json\/wp\/v2\/posts\/4101\/revisions\/4105"}],"wp:featuredmedia":[{"embeddable":true,"href":"https:\/\/tintafresca.net\/index.php\/wp-json\/wp\/v2\/media\/4104"}],"wp:attachment":[{"href":"https:\/\/tintafresca.net\/index.php\/wp-json\/wp\/v2\/media?parent=4101"}],"wp:term":[{"taxonomy":"category","embeddable":true,"href":"https:\/\/tintafresca.net\/index.php\/wp-json\/wp\/v2\/categories?post=4101"},{"taxonomy":"post_tag","embeddable":true,"href":"https:\/\/tintafresca.net\/index.php\/wp-json\/wp\/v2\/tags?post=4101"}],"curies":[{"name":"wp","href":"https:\/\/api.w.org\/{rel}","templated":true}]}}