{"id":41057,"date":"2025-08-23T15:32:54","date_gmt":"2025-08-23T15:32:54","guid":{"rendered":"https:\/\/tintafresca.net\/?p=41057"},"modified":"2025-08-23T15:34:49","modified_gmt":"2025-08-23T15:34:49","slug":"turismo-do-centro-prepara-plano-para-avaliar-danos-e-apoiar-empresas-vitimas-dos-incendios","status":"publish","type":"post","link":"https:\/\/tintafresca.net\/index.php\/2025\/08\/23\/turismo-do-centro-prepara-plano-para-avaliar-danos-e-apoiar-empresas-vitimas-dos-incendios\/","title":{"rendered":"Turismo do Centro prepara plano para avaliar danos e apoiar empresas v\u00edtimas dos inc\u00eandios"},"content":{"rendered":"<div id=\"attachment_41060\" style=\"width: 510px\" class=\"wp-caption alignleft\"><img loading=\"lazy\" decoding=\"async\" aria-describedby=\"caption-attachment-41060\" class=\"wp-image-41060 size-full\" src=\"https:\/\/tintafresca.net\/wp-content\/uploads\/2025\/08\/Serra_da_estrela10.jpg\" alt=\"\" width=\"500\" height=\"281\" srcset=\"https:\/\/tintafresca.net\/wp-content\/uploads\/2025\/08\/Serra_da_estrela10.jpg 500w, https:\/\/tintafresca.net\/wp-content\/uploads\/2025\/08\/Serra_da_estrela10-300x169.jpg 300w\" sizes=\"auto, (max-width: 500px) 100vw, 500px\" \/><p id=\"caption-attachment-41060\" class=\"wp-caption-text\">Serra da Estrela foi uma das regi\u00f5es mais afetadas<\/p><\/div>\n<p>O Centro de Portugal est\u00e1 a viver dias dif\u00edceis, com inc\u00eandios florestais que afetam v\u00e1rios concelhos e provocam preju\u00edzos significativos. Esta trag\u00e9dia humana e ambiental \u00e9 uma ferida aberta no cora\u00e7\u00e3o da regi\u00e3o. Nesse sentido, a Entidade Regional de Turismo do Centro de Portugal (TCP) manifesta a sua solidariedade para com todas as pessoas, fam\u00edlias, empresas, munic\u00edpios e associa\u00e7\u00f5es direta ou indiretamente afetadas pelos fogos.<\/p>\n<p>\u201cOs nossos pensamentos est\u00e3o, em primeiro lugar, com as fam\u00edlias que sofreram danos pessoais e materiais: lamentamos profundamente as vidas perdidas nos inc\u00eandios e sabemos que todos os portugueses se juntam a n\u00f3s nesta mensagem de solidariedade. Em segundo lugar, endere\u00e7amos o nosso profundo agradecimento aos bombeiros e aos servi\u00e7os de prote\u00e7\u00e3o civil: sem a sua coragem e determina\u00e7\u00e3o, a cat\u00e1strofe seria muito maior\u201d, sublinha Rui Ventura, presidente da Turismo Centro de Portugal.<\/p>\n<p>\u201cEnviamos tamb\u00e9m um abra\u00e7o solid\u00e1rio aos munic\u00edpios afetados. O impacto foi grande mas, com o empenho de todos, a recupera\u00e7\u00e3o come\u00e7a de imediato. Este \u00e9 um territ\u00f3rio de gente resiliente, de empres\u00e1rios vision\u00e1rios, onde a esperan\u00e7a nunca desaparece. O Centro de Portugal vai reerguer-se rapidamente e continuar\u00e1 a afirmar-se como um destino tur\u00edstico de excel\u00eancia, que todos os anos atrai cada vez mais visitantes do mundo inteiro\u201d, acrescenta o presidente.<\/p>\n<p><strong>Plano de a\u00e7\u00e3o para avaliar danos e apoiar empresas<\/strong><\/p>\n<p>A Turismo Centro de Portugal tem j\u00e1 em curso um plano de a\u00e7\u00e3o, que tem como ponto de partida o levantamento dos preju\u00edzos materiais e das necessidades das autarquias e das empresas de turismo afetadas pelos inc\u00eandios.<\/p>\n<p>Depois de reunida esta informa\u00e7\u00e3o, a TCP ir\u00e1 solicitar reuni\u00f5es com a Secretaria de Estado do Turismo, o Turismo de Portugal, a CCDRC, as Comunidades Intermunicipais, a AHRESP e outras entidades e parceiros da regi\u00e3o, para que, em articula\u00e7\u00e3o permanente, sejam encontradas medidas r\u00e1pidas e eficazes de apoio aos territ\u00f3rios atingidos.<\/p>\n<p>Esta estrat\u00e9gia ser\u00e1 acompanhada de uma campanha de reafirma\u00e7\u00e3o da marca Centro de Portugal, destinada a mostrar que a regi\u00e3o \u00e9 vasta e que muitos dos principais ativos tur\u00edsticos n\u00e3o foram afetados. A campanha dar\u00e1 tamb\u00e9m destaque aos grandes eventos desportivos e culturais que v\u00e3o decorrer nos pr\u00f3ximos meses no territ\u00f3rio.<\/p>\n<p>\u201cO Centro de Portugal \u00e9 muito maior do que as \u00e1reas atingidas pelos inc\u00eandios. \u00c9 um territ\u00f3rio vasto, com 100 munic\u00edpios, dos quais apenas uma parte foi diretamente afetada. A regi\u00e3o est\u00e1, como sempre, preparada para receber os visitantes com a qualidade e a hospitalidade que lhe s\u00e3o reconhecidas, proporcionando-lhes experi\u00eancias tur\u00edsticas inesquec\u00edveis\u201d, afirma Rui Ventura.<\/p>\n<p>Al\u00e9m das medidas imediatas, a Turismo Centro de Portugal est\u00e1 tamb\u00e9m a preparar, em estreita colabora\u00e7\u00e3o com outros parceiros no terreno, iniciativas que visam a revitaliza\u00e7\u00e3o tur\u00edstica das \u00e1reas mais afetadas, nomeadamente as aldeias e os territ\u00f3rios rurais. Estas iniciativas, ainda em fase de projeto, passar\u00e3o por a\u00e7\u00f5es de refloresta\u00e7\u00e3o e de capacita\u00e7\u00e3o comunit\u00e1ria, com o objetivo de juntar toda a regi\u00e3o numa causa comum e de, assim, ajudar a construir o futuro do territ\u00f3rio.<\/p>\n<p><strong>Sobre a Turismo Centro de Portugal<\/strong><\/p>\n<p>A Turismo Centro de Portugal \u00e9 a entidade que estrutura e promove o turismo na Regi\u00e3o Centro do pa\u00eds. Esta \u00e9 a maior e mais diversificada \u00e1rea tur\u00edstica nacional, abrangendo 100 munic\u00edpios, e tem registado um intenso crescimento da procura interna e externa. \u00c9 a regi\u00e3o a escolher para quem pretende experi\u00eancias diversificadas, pois concilia locais Patrim\u00f3nio da Humanidade com a melhor costa de surf da Europa, termas e spas id\u00edlicos, locais de culto de import\u00e2ncia mundial e as mais belas aldeias.<\/p>\n<p><strong>\u00a0 \u00a0Fonte: TCP e PV<\/strong><\/p>\n","protected":false},"excerpt":{"rendered":"<p>O Centro de Portugal est\u00e1 a viver dias dif\u00edceis, com inc\u00eandios florestais que afetam v\u00e1rios concelhos e provocam preju\u00edzos significativos. Esta trag\u00e9dia humana e ambiental \u00e9 uma ferida aberta no cora\u00e7\u00e3o da regi\u00e3o. Nesse sentido, a Entidade Regional de Turismo do Centro de Portugal (TCP) manifesta a sua solidariedade para com todas as pessoas, fam\u00edlias, [&hellip;]<\/p>\n","protected":false},"author":2,"featured_media":41061,"comment_status":"open","ping_status":"open","sticky":false,"template":"","format":"standard","meta":{"footnotes":""},"categories":[7],"tags":[],"class_list":["post-41057","post","type-post","status-publish","format-standard","has-post-thumbnail","hentry","category-economia"],"_links":{"self":[{"href":"https:\/\/tintafresca.net\/index.php\/wp-json\/wp\/v2\/posts\/41057","targetHints":{"allow":["GET"]}}],"collection":[{"href":"https:\/\/tintafresca.net\/index.php\/wp-json\/wp\/v2\/posts"}],"about":[{"href":"https:\/\/tintafresca.net\/index.php\/wp-json\/wp\/v2\/types\/post"}],"author":[{"embeddable":true,"href":"https:\/\/tintafresca.net\/index.php\/wp-json\/wp\/v2\/users\/2"}],"replies":[{"embeddable":true,"href":"https:\/\/tintafresca.net\/index.php\/wp-json\/wp\/v2\/comments?post=41057"}],"version-history":[{"count":2,"href":"https:\/\/tintafresca.net\/index.php\/wp-json\/wp\/v2\/posts\/41057\/revisions"}],"predecessor-version":[{"id":41062,"href":"https:\/\/tintafresca.net\/index.php\/wp-json\/wp\/v2\/posts\/41057\/revisions\/41062"}],"wp:featuredmedia":[{"embeddable":true,"href":"https:\/\/tintafresca.net\/index.php\/wp-json\/wp\/v2\/media\/41061"}],"wp:attachment":[{"href":"https:\/\/tintafresca.net\/index.php\/wp-json\/wp\/v2\/media?parent=41057"}],"wp:term":[{"taxonomy":"category","embeddable":true,"href":"https:\/\/tintafresca.net\/index.php\/wp-json\/wp\/v2\/categories?post=41057"},{"taxonomy":"post_tag","embeddable":true,"href":"https:\/\/tintafresca.net\/index.php\/wp-json\/wp\/v2\/tags?post=41057"}],"curies":[{"name":"wp","href":"https:\/\/api.w.org\/{rel}","templated":true}]}}