{"id":41081,"date":"2025-08-27T20:40:51","date_gmt":"2025-08-27T20:40:51","guid":{"rendered":"https:\/\/tintafresca.net\/?p=41081"},"modified":"2025-08-27T20:59:50","modified_gmt":"2025-08-27T20:59:50","slug":"autarcas-da-area-do-hospital-de-vila-franca-saem-sem-solucoes-da-reuniao-com-ministra","status":"publish","type":"post","link":"https:\/\/tintafresca.net\/index.php\/2025\/08\/27\/autarcas-da-area-do-hospital-de-vila-franca-saem-sem-solucoes-da-reuniao-com-ministra\/","title":{"rendered":"Autarcas da \u00e1rea do Hospital de Vila Franca saem sem solu\u00e7\u00f5es da reuni\u00e3o com ministra"},"content":{"rendered":"<div id=\"attachment_41083\" style=\"width: 510px\" class=\"wp-caption alignleft\"><img loading=\"lazy\" decoding=\"async\" aria-describedby=\"caption-attachment-41083\" class=\"wp-image-41083 size-full\" src=\"https:\/\/tintafresca.net\/wp-content\/uploads\/2025\/08\/Oeste_VFX_reuniao_Ministra_Saude_10.jpg\" alt=\"\" width=\"500\" height=\"375\" srcset=\"https:\/\/tintafresca.net\/wp-content\/uploads\/2025\/08\/Oeste_VFX_reuniao_Ministra_Saude_10.jpg 500w, https:\/\/tintafresca.net\/wp-content\/uploads\/2025\/08\/Oeste_VFX_reuniao_Ministra_Saude_10-300x225.jpg 300w\" sizes=\"auto, (max-width: 500px) 100vw, 500px\" \/><p id=\"caption-attachment-41083\" class=\"wp-caption-text\">Reuni\u00e3o com a ministra da Sa\u00fade, Ana Paula Martins<\/p><\/div>\n<p>Os presidentes de C\u00e2mara de Arruda dos Vinhos, Azambuja, Benavente e Vila Franca de Xira, e o Vereador da C\u00e2mara Municipal de Alenquer com o Pelouro da Sa\u00fade, foram recebidos, no dia 27 de agosto, pela ministra da Sa\u00fade, Ana Paula Martins, depois de v\u00e1rias insist\u00eancias.<\/p>\n<p>Os autarcas manifestaram o receio de poder haver inten\u00e7\u00e3o de o Governo fechar a Maternidade do Hospital de Vila Franca de Xira; e inquiriram a governante sobre a necessidade de reabrir as urg\u00eancias de obstetr\u00edcia e as urg\u00eancias pedi\u00e1tricas a\u0300 noite e aos fins de semana, dando conta das preocupa\u00e7\u00f5es e dos constrangimentos que estas medidas provocam nas popula\u00e7\u00f5es dos cinco Concelhos da \u00e1rea de influ\u00eancia daquela unidade hospitalar.<\/p>\n<p>Na reuni\u00e3o referiram tamb\u00e9m a falta de m\u00e9dicos de fam\u00edlia, sendo esta uma das zonas mais carenciadas de recursos humanos na Regi\u00e3o de Lisboa e Vale do Tejo.<\/p>\n<p>Naturalmente, a ministra da Sa\u00fade n\u00e3o p\u00f4de apresentar solu\u00e7\u00f5es imediatas, mas manifestou a disponibilidade de voltar a receber os cinco autarcas dentro de algumas semanas, logo que esteja conclu\u00edda a proposta t\u00e9cnica de organiza\u00e7\u00e3o da rede de urg\u00eancias, pela Dire\u00e7\u00e3o Executiva do Servi\u00e7o Nacional de Sa\u00fade.<\/p>\n<p>Os autarcas continuam preocupados com a manuten\u00e7\u00e3o do encerramento das urg\u00eancias pedi\u00e1tricas e obst\u00e9tricas a\u0300 noite e aos fins de semana, bem como com o risco de futuro encerramento da maternidade do Hospital de Vila Franca de Xira. Aguardam tamb\u00e9m solu\u00e7\u00f5es para a melhoria dos n\u00fameros de pessoas abrangidas por m\u00e9dicos de fam\u00edlia.<\/p>\n<p>Continuar\u00e3o a acompanhar de perto estes assuntos, e a ser porta-vozes das preocupa\u00e7\u00f5es dos residentes e profissionais destes cinco Concelhos, que abrangem cerca de 250.000 pessoas.<\/p>\n<p>Na reuni\u00e3o, que durou cerca de hora e meia, participou tamb\u00e9m, por videoconfer\u00eancia, o diretor executivo do SNS, \u00c1lvaro Santos Almeida.<\/p>\n","protected":false},"excerpt":{"rendered":"<p>Os presidentes de C\u00e2mara de Arruda dos Vinhos, Azambuja, Benavente e Vila Franca de Xira, e o Vereador da C\u00e2mara Municipal de Alenquer com o Pelouro da Sa\u00fade, foram recebidos, no dia 27 de agosto, pela ministra da Sa\u00fade, Ana Paula Martins, depois de v\u00e1rias insist\u00eancias. Os autarcas manifestaram o receio de poder haver inten\u00e7\u00e3o [&hellip;]<\/p>\n","protected":false},"author":2,"featured_media":41085,"comment_status":"open","ping_status":"open","sticky":false,"template":"","format":"standard","meta":{"footnotes":""},"categories":[6],"tags":[],"class_list":["post-41081","post","type-post","status-publish","format-standard","has-post-thumbnail","hentry","category-saude"],"_links":{"self":[{"href":"https:\/\/tintafresca.net\/index.php\/wp-json\/wp\/v2\/posts\/41081","targetHints":{"allow":["GET"]}}],"collection":[{"href":"https:\/\/tintafresca.net\/index.php\/wp-json\/wp\/v2\/posts"}],"about":[{"href":"https:\/\/tintafresca.net\/index.php\/wp-json\/wp\/v2\/types\/post"}],"author":[{"embeddable":true,"href":"https:\/\/tintafresca.net\/index.php\/wp-json\/wp\/v2\/users\/2"}],"replies":[{"embeddable":true,"href":"https:\/\/tintafresca.net\/index.php\/wp-json\/wp\/v2\/comments?post=41081"}],"version-history":[{"count":2,"href":"https:\/\/tintafresca.net\/index.php\/wp-json\/wp\/v2\/posts\/41081\/revisions"}],"predecessor-version":[{"id":41084,"href":"https:\/\/tintafresca.net\/index.php\/wp-json\/wp\/v2\/posts\/41081\/revisions\/41084"}],"wp:featuredmedia":[{"embeddable":true,"href":"https:\/\/tintafresca.net\/index.php\/wp-json\/wp\/v2\/media\/41085"}],"wp:attachment":[{"href":"https:\/\/tintafresca.net\/index.php\/wp-json\/wp\/v2\/media?parent=41081"}],"wp:term":[{"taxonomy":"category","embeddable":true,"href":"https:\/\/tintafresca.net\/index.php\/wp-json\/wp\/v2\/categories?post=41081"},{"taxonomy":"post_tag","embeddable":true,"href":"https:\/\/tintafresca.net\/index.php\/wp-json\/wp\/v2\/tags?post=41081"}],"curies":[{"name":"wp","href":"https:\/\/api.w.org\/{rel}","templated":true}]}}