{"id":41322,"date":"2025-09-24T08:54:32","date_gmt":"2025-09-24T08:54:32","guid":{"rendered":"https:\/\/tintafresca.net\/?p=41322"},"modified":"2025-09-24T09:48:15","modified_gmt":"2025-09-24T09:48:15","slug":"camaras-de-comercio-de-leiria-e-braga-levam-sector-nacional-das-embalagens-a-feira-nos-eua","status":"publish","type":"post","link":"https:\/\/tintafresca.net\/index.php\/2025\/09\/24\/camaras-de-comercio-de-leiria-e-braga-levam-sector-nacional-das-embalagens-a-feira-nos-eua\/","title":{"rendered":"C\u00e2maras de Com\u00e9rcio de Leiria e Braga levam sector nacional das embalagens a feira nos EUA"},"content":{"rendered":"<div id=\"attachment_41324\" style=\"width: 510px\" class=\"wp-caption alignleft\"><img loading=\"lazy\" decoding=\"async\" aria-describedby=\"caption-attachment-41324\" class=\"wp-image-41324 size-full\" src=\"https:\/\/tintafresca.net\/wp-content\/uploads\/2025\/09\/Pack_Expo_2025_10.jpg\" alt=\"\" width=\"500\" height=\"333\" srcset=\"https:\/\/tintafresca.net\/wp-content\/uploads\/2025\/09\/Pack_Expo_2025_10.jpg 500w, https:\/\/tintafresca.net\/wp-content\/uploads\/2025\/09\/Pack_Expo_2025_10-300x200.jpg 300w\" sizes=\"auto, (max-width: 500px) 100vw, 500px\" \/><p id=\"caption-attachment-41324\" class=\"wp-caption-text\">Cartaz<\/p><\/div>\n<p>No \u00e2mbito do projeto SustainablePackPT, a NERLEI CCI \u2013 Associa\u00e7\u00e3o Empresarial da Regi\u00e3o de Leiria\/C\u00e2mara de Com\u00e9rcio e Ind\u00fastria em parceria com a AEB CCI \u2013 Associa\u00e7\u00e3o Empresarial e C\u00e2mara de Com\u00e9rcio e Ind\u00fastria de Braga ir\u00e3o estar presentes, como expositores, na feira Pack Expo Las Vegas 2025, de modo a promover o setor nacional das embalagens.<\/p>\n<p>A Pack Expo decorre de 29 de setembro a 1 de outubro de 2025, nos EUA e \u00e9 uma das maiores feiras mundiais, dedicadas \u00e0s solu\u00e7\u00f5es de embalagem e processamento. Esta edi\u00e7\u00e3o contar\u00e1 com mais de 2.300 expositores, distribu\u00eddos por uma \u00e1rea de 93.000 metros quadrados. A organiza\u00e7\u00e3o prev\u00ea a visita de cerca de 35.000 profissionais, representando mais de 40 setores industriais.<\/p>\n<p>Organizada pela PMMI \u2013 The Association for Packaging and Processing Technologies, a edi\u00e7\u00e3o de 2025 assinala tr\u00eas d\u00e9cadas da Pack Expo Las Vegas, consolidando o seu estatuto de plataforma de refer\u00eancia para o lan\u00e7amento de novas tecnologias, parcerias estrat\u00e9gicas e tend\u00eancias emergentes no universo do packaging e processamento, que re\u00fane as principais marcas e profissionais da ind\u00fastria a n\u00edvel global.<\/p>\n<p>A sustentabilidade assume um papel de destaque nesta feira internacional, o que est\u00e1 em linha com os objetivos do projeto SustainablePackPT, nomeadamente promover e alavancar o setor nacional das embalagens, com foco na sustentabilidade, inova\u00e7\u00e3o e diferencia\u00e7\u00e3o tecnol\u00f3gica.<\/p>\n<p>No \u00e2mbito da divulga\u00e7\u00e3o e promo\u00e7\u00e3o internacional, do setor nacional das embalagens, preconizada no projeto SustainablePackPT, os promotores (NERLEI CCI e a AEB CCI) v\u00e3o marcar presen\u00e7a em mais uma feira internacional: a Interpack em D\u00fcsseldorf, que se realizar\u00e1 entre 7 e 13 de maio de 2026.<\/p>\n<p>Este projeto \u00e9 financiado pelo Portugal 2030, no \u00e2mbito do PITD &#8211; Programa Inova\u00e7\u00e3o e Transi\u00e7\u00e3o Digital, no montante de 355 629,88 de euros, dos quais 302 285,40 de euros s\u00e3o provenientes do Fundo Europeu de Desenvolvimento Regional.<\/p>\n<p><strong>\u00a0 \u00a0 \u00a0Fonte: NERLEI<\/strong><\/p>\n","protected":false},"excerpt":{"rendered":"<p>No \u00e2mbito do projeto SustainablePackPT, a NERLEI CCI \u2013 Associa\u00e7\u00e3o Empresarial da Regi\u00e3o de Leiria\/C\u00e2mara de Com\u00e9rcio e Ind\u00fastria em parceria com a AEB CCI \u2013 Associa\u00e7\u00e3o Empresarial e C\u00e2mara de Com\u00e9rcio e Ind\u00fastria de Braga ir\u00e3o estar presentes, como expositores, na feira Pack Expo Las Vegas 2025, de modo a promover o setor nacional [&hellip;]<\/p>\n","protected":false},"author":2,"featured_media":41326,"comment_status":"open","ping_status":"open","sticky":false,"template":"","format":"standard","meta":{"footnotes":""},"categories":[7],"tags":[],"class_list":["post-41322","post","type-post","status-publish","format-standard","has-post-thumbnail","hentry","category-economia"],"_links":{"self":[{"href":"https:\/\/tintafresca.net\/index.php\/wp-json\/wp\/v2\/posts\/41322","targetHints":{"allow":["GET"]}}],"collection":[{"href":"https:\/\/tintafresca.net\/index.php\/wp-json\/wp\/v2\/posts"}],"about":[{"href":"https:\/\/tintafresca.net\/index.php\/wp-json\/wp\/v2\/types\/post"}],"author":[{"embeddable":true,"href":"https:\/\/tintafresca.net\/index.php\/wp-json\/wp\/v2\/users\/2"}],"replies":[{"embeddable":true,"href":"https:\/\/tintafresca.net\/index.php\/wp-json\/wp\/v2\/comments?post=41322"}],"version-history":[{"count":3,"href":"https:\/\/tintafresca.net\/index.php\/wp-json\/wp\/v2\/posts\/41322\/revisions"}],"predecessor-version":[{"id":41327,"href":"https:\/\/tintafresca.net\/index.php\/wp-json\/wp\/v2\/posts\/41322\/revisions\/41327"}],"wp:featuredmedia":[{"embeddable":true,"href":"https:\/\/tintafresca.net\/index.php\/wp-json\/wp\/v2\/media\/41326"}],"wp:attachment":[{"href":"https:\/\/tintafresca.net\/index.php\/wp-json\/wp\/v2\/media?parent=41322"}],"wp:term":[{"taxonomy":"category","embeddable":true,"href":"https:\/\/tintafresca.net\/index.php\/wp-json\/wp\/v2\/categories?post=41322"},{"taxonomy":"post_tag","embeddable":true,"href":"https:\/\/tintafresca.net\/index.php\/wp-json\/wp\/v2\/tags?post=41322"}],"curies":[{"name":"wp","href":"https:\/\/api.w.org\/{rel}","templated":true}]}}