{"id":41332,"date":"2025-09-25T23:25:02","date_gmt":"2025-09-25T23:25:02","guid":{"rendered":"https:\/\/tintafresca.net\/?p=41332"},"modified":"2025-09-26T21:55:48","modified_gmt":"2025-09-26T21:55:48","slug":"camara-de-leiria-contesta-tentativa-de-alteracao-do-tracado-da-linha-de-alta-velocidade","status":"publish","type":"post","link":"https:\/\/tintafresca.net\/index.php\/2025\/09\/25\/camara-de-leiria-contesta-tentativa-de-alteracao-do-tracado-da-linha-de-alta-velocidade\/","title":{"rendered":"C\u00e2mara de Leiria contesta tentativa de altera\u00e7\u00e3o do tra\u00e7ado da Linha de Alta Velocidade"},"content":{"rendered":"<div id=\"attachment_41334\" style=\"width: 410px\" class=\"wp-caption alignleft\"><img loading=\"lazy\" decoding=\"async\" aria-describedby=\"caption-attachment-41334\" class=\"wp-image-41334 size-full\" src=\"https:\/\/tintafresca.net\/wp-content\/uploads\/2025\/09\/Leiria_Junta_Barosa10.jpg\" alt=\"\" width=\"400\" height=\"533\" srcset=\"https:\/\/tintafresca.net\/wp-content\/uploads\/2025\/09\/Leiria_Junta_Barosa10.jpg 400w, https:\/\/tintafresca.net\/wp-content\/uploads\/2025\/09\/Leiria_Junta_Barosa10-225x300.jpg 225w\" sizes=\"auto, (max-width: 400px) 100vw, 400px\" \/><p id=\"caption-attachment-41334\" class=\"wp-caption-text\">Junta de Freguesia da Barosa<\/p><\/div>\n<p>A C\u00e2mara Municipal de Leiria manifestou, no dia 25 de setembro, a sua firme e total oposi\u00e7\u00e3o \u00e0 tentativa de altera\u00e7\u00e3o do tra\u00e7ado da Linha de Alta Velocidade (LAV) Porto\u2013Lisboa, que retiraria da Regi\u00e3o de Leiria a esta\u00e7\u00e3o projetada para a Barosa, em benef\u00edcio de propostas alternativas sem fundamento t\u00e9cnico ou estrat\u00e9gico.<\/p>\n<p>\u201cDepois de anos de estudos, avalia\u00e7\u00f5es ambientais e decis\u00f5es j\u00e1 validadas, n\u00e3o aceitaremos que Leiria seja prejudicada por lobbies, press\u00f5es de circunst\u00e2ncia ou movimentos de natureza eleitoral. Esta infraestrutura \u00e9 demasiado importante para o futuro do pa\u00eds e para o equil\u00edbrio territorial para ser condicionada por interesses particulares\u201d, defende.<\/p>\n<p>A Regi\u00e3o de Leiria e o Oeste aguardam h\u00e1 d\u00e9cadas por uma ferrovia que responda \u00e0 sua din\u00e2mica econ\u00f3mica, industrial e demogr\u00e1fica. A Alta Velocidade \u00e9 uma oportunidade de reposi\u00e7\u00e3o de justi\u00e7a territorial e de corre\u00e7\u00e3o de um atraso hist\u00f3rico. Qualquer desvio do tra\u00e7ado agora definido significaria afastar a LAV de uma das regi\u00f5es mais din\u00e2micas do pa\u00eds, prejudicando gravemente a coes\u00e3o territorial e comprometendo a racionalidade t\u00e9cnica e econ\u00f3mica do projeto.<\/p>\n<p>Esta \u00e9 uma causa que est\u00e1 a unir a Regi\u00e3o: tanto a Comunidade Intermunicipal da Regi\u00e3o de Leiria (CIMRL) como a Associa\u00e7\u00e3o Empresarial da Regi\u00e3o de Leiria (NERLEI) j\u00e1 assumiram publicamente a sua total oposi\u00e7\u00e3o a qualquer altera\u00e7\u00e3o do tra\u00e7ado, defendendo, lado a lado com o Munic\u00edpio, os superiores interesses de Leiria e do Oeste.<\/p>\n<p>Por isso, a edilidade presidida por Gon\u00e7alo Lopes considera \u201cfundamental que todos os deputados eleitos por Leiria, independentemente da sua cor partid\u00e1ria, e todos os candidatos \u00e0 C\u00e2mara Municipal de Leiria, se juntem tamb\u00e9m nesta posi\u00e7\u00e3o firme, colocando os interesses do concelho e da regi\u00e3o acima de qualquer agenda partid\u00e1ria ou eleitoral.\u201d<\/p>\n<p>\u201cLeiria precisa de unidade, n\u00e3o de divis\u00f5es. Leiria precisa de determina\u00e7\u00e3o, n\u00e3o de hesita\u00e7\u00f5es. N\u00e3o aceitaremos ser marginalizados, quando \u00e9 evidente que a Alta Velocidade tem de servir o territ\u00f3rio que, todos os dias, contribui com investimento, inova\u00e7\u00e3o, exporta\u00e7\u00f5es e emprego para o desenvolvimento nacional\u201d, recorda a C\u00e2mara Municipal de Leiria.<\/p>\n<p>\u201cO Governo e as entidades respons\u00e1veis t\u00eam de rejeitar de forma inequ\u00edvoca qualquer tentativa de reabrir um processo que est\u00e1 definido e que deve agora avan\u00e7ar sem mais desvios. Estamos certos de que o Governo cumprir\u00e1 os compromissos assumidos com a Regi\u00e3o de Leiria e com o pa\u00eds, garantindo que a Alta Velocidade servir\u00e1 Portugal, passando por Leiria\u201d, conclui.<\/p>\n<p><strong>\u00a0 \u00a0 \u00a0Fonte: DCRP|CML<\/strong><\/p>\n","protected":false},"excerpt":{"rendered":"<p>A C\u00e2mara Municipal de Leiria manifestou, no dia 25 de setembro, a sua firme e total oposi\u00e7\u00e3o \u00e0 tentativa de altera\u00e7\u00e3o do tra\u00e7ado da Linha de Alta Velocidade (LAV) Porto\u2013Lisboa, que retiraria da Regi\u00e3o de Leiria a esta\u00e7\u00e3o projetada para a Barosa, em benef\u00edcio de propostas alternativas sem fundamento t\u00e9cnico ou estrat\u00e9gico. \u201cDepois de anos [&hellip;]<\/p>\n","protected":false},"author":2,"featured_media":41335,"comment_status":"open","ping_status":"open","sticky":false,"template":"","format":"standard","meta":{"footnotes":""},"categories":[7],"tags":[],"class_list":["post-41332","post","type-post","status-publish","format-standard","has-post-thumbnail","hentry","category-economia"],"_links":{"self":[{"href":"https:\/\/tintafresca.net\/index.php\/wp-json\/wp\/v2\/posts\/41332","targetHints":{"allow":["GET"]}}],"collection":[{"href":"https:\/\/tintafresca.net\/index.php\/wp-json\/wp\/v2\/posts"}],"about":[{"href":"https:\/\/tintafresca.net\/index.php\/wp-json\/wp\/v2\/types\/post"}],"author":[{"embeddable":true,"href":"https:\/\/tintafresca.net\/index.php\/wp-json\/wp\/v2\/users\/2"}],"replies":[{"embeddable":true,"href":"https:\/\/tintafresca.net\/index.php\/wp-json\/wp\/v2\/comments?post=41332"}],"version-history":[{"count":3,"href":"https:\/\/tintafresca.net\/index.php\/wp-json\/wp\/v2\/posts\/41332\/revisions"}],"predecessor-version":[{"id":41337,"href":"https:\/\/tintafresca.net\/index.php\/wp-json\/wp\/v2\/posts\/41332\/revisions\/41337"}],"wp:featuredmedia":[{"embeddable":true,"href":"https:\/\/tintafresca.net\/index.php\/wp-json\/wp\/v2\/media\/41335"}],"wp:attachment":[{"href":"https:\/\/tintafresca.net\/index.php\/wp-json\/wp\/v2\/media?parent=41332"}],"wp:term":[{"taxonomy":"category","embeddable":true,"href":"https:\/\/tintafresca.net\/index.php\/wp-json\/wp\/v2\/categories?post=41332"},{"taxonomy":"post_tag","embeddable":true,"href":"https:\/\/tintafresca.net\/index.php\/wp-json\/wp\/v2\/tags?post=41332"}],"curies":[{"name":"wp","href":"https:\/\/api.w.org\/{rel}","templated":true}]}}