{"id":41338,"date":"2025-09-26T21:37:26","date_gmt":"2025-09-26T21:37:26","guid":{"rendered":"https:\/\/tintafresca.net\/?p=41338"},"modified":"2025-09-27T16:44:32","modified_gmt":"2025-09-27T16:44:32","slug":"municipio-de-obidos-e-o-parceiro-nacional-do-projeto-europeu-naturally-local","status":"publish","type":"post","link":"https:\/\/tintafresca.net\/index.php\/2025\/09\/26\/municipio-de-obidos-e-o-parceiro-nacional-do-projeto-europeu-naturally-local\/","title":{"rendered":"Munic\u00edpio de \u00d3bidos \u00e9 o parceiro nacional do projeto europeu \u201cNaturally Local\u201d"},"content":{"rendered":"<div id=\"attachment_30386\" style=\"width: 510px\" class=\"wp-caption alignleft\"><img loading=\"lazy\" decoding=\"async\" aria-describedby=\"caption-attachment-30386\" class=\"wp-image-30386 size-full\" src=\"https:\/\/tintafresca.net\/wp-content\/uploads\/2023\/09\/Obidos_Camara_Municipal10.jpg\" alt=\"\" width=\"500\" height=\"375\" srcset=\"https:\/\/tintafresca.net\/wp-content\/uploads\/2023\/09\/Obidos_Camara_Municipal10.jpg 500w, https:\/\/tintafresca.net\/wp-content\/uploads\/2023\/09\/Obidos_Camara_Municipal10-300x225.jpg 300w\" sizes=\"auto, (max-width: 500px) 100vw, 500px\" \/><p id=\"caption-attachment-30386\" class=\"wp-caption-text\">Pa\u00e7os do Concelho de \u00d3bidos<\/p><\/div>\n<p>O Munic\u00edpio de \u00d3bidos \u00e9 o parceiro portugu\u00eas do projeto europeu \u201cNaturally Local\u201d, uma iniciativa que est\u00e1 a ser desenvolvida, em cons\u00f3rcio, e que visa melhorar e desenvolver instrumentos de pol\u00edticas baseadas na Natureza em nove regi\u00f5es europeias (Eslov\u00e9nia &#8211; pa\u00eds coordenador e leading partner desta candidatura &#8211; Alemanha, Pol\u00f3nia, Espanha, Fran\u00e7a, Let\u00f3nia, Montenegro e Su\u00e9cia).<\/p>\n<p>O cons\u00f3rcio inclui nove autoridades p\u00fablicas das cinco zonas do Programa Interreg Europe. Oito\u00a0participantes compreendem pequenas comunidades locais (munic\u00edpios), sendo o nono um governo distrital.<\/p>\n<p>Todos desempenham um papel central na execu\u00e7\u00e3o das a\u00e7\u00f5es Naturaly Based Solutions (NBS). Por estarem mais pr\u00f3ximos dos seus cidad\u00e3os e empresas, est\u00e3o melhor posicionados para envolver potenciais interessados, criando as condi\u00e7\u00f5es e o apoio necess\u00e1rios para que as iniciativas locais flores\u00e7am, garantindo que a adapta\u00e7\u00e3o clim\u00e1tica se transforme em a\u00e7\u00f5es significativas, eficazes e tang\u00edveis para todos.<\/p>\n<p>Os parceiros aplicar\u00e3o os princ\u00edpios do NBS, principalmente, em duas \u00e1reas: Pol\u00edticas de adapta\u00e7\u00e3o e Pol\u00edticas de redu\u00e7\u00e3o do risco de cat\u00e1strofes.<\/p>\n<p>No caso de \u00d3bidos, \u201ccidade patrim\u00f3nio\u201d, as a\u00e7\u00f5es a desenvolver ter\u00e3o como objetivo mitigar os riscos a que o territ\u00f3rio est\u00e1 exposto no que respeita a altera\u00e7\u00f5es clim\u00e1ticas, e que est\u00e3o ligados, sobretudo, \u00e0 sua vulnerabilidade a inc\u00eandios florestais. Uma vulnerabilidade que pode aumentar devido \u00e0 subida das temperaturas, per\u00edodos de seca e a eventos extremos cada vez mais frequentes.<\/p>\n<p>Com o \u201cNaturally Local\u201d, o munic\u00edpio pretende integrar o conceito de Solu\u00e7\u00f5es Baseadas na Natureza nas suas pol\u00edticas, e v\u00ea a sua participa\u00e7\u00e3o como uma oportunidade de coopera\u00e7\u00e3o que permitir\u00e1 desenvolver pr\u00e1ticas que poder\u00e3o ser replicadas noutros territ\u00f3rios.<\/p>\n<p>Os objetivos deste projeto compreendem os seguintes princ\u00edpios:<\/p>\n<p>&#8211; AGIR = ACELERAR a transi\u00e7\u00e3o para a neutralidade clim\u00e1tica atrav\u00e9s da angaria\u00e7\u00e3o de fundos da UE para aumentar a entrega de solu\u00e7\u00f5es SBN pelas comunidades locais da Europa;<\/p>\n<p>&#8211; INSPIRAR = MOTIVAR MUDAN\u00c7AS para outras autoridades p\u00fablicas, mostrando as melhores pr\u00e1ticas, hist\u00f3rias verdes, partilhando e disseminando resultados;<\/p>\n<p>&#8211; INTENSIFICAR = DESENVOLVER CAPACIDADE tanto a n\u00edvel interno como com os vizinhos;<br \/>\n&#8211; MEDIDA = COMPROMISSO DE MAPEAMENTO, realizando altera\u00e7\u00f5es de pol\u00edticas.<\/p>\n<p>O financiamento global do projeto ascende a cerca de dois milh\u00f5es de euros, a aplicar pelos nove pa\u00edses que integram a parceria. A \u00d3bidos cabe um financiamento de 194 300\u20ac, a executar ao longo dos pr\u00f3ximos quatro anos.<\/p>\n<p><strong>Pol\u00edticas europeias<\/strong><\/p>\n<p>O projeto \u201cNaturally Local\u201d inscreve-se nas prioridades das pol\u00edticas europeias para a transi\u00e7\u00e3o verde e combate \u00e0s altera\u00e7\u00f5es clim\u00e1ticas, na procura de planos de a\u00e7\u00e3o apoiados no princ\u00edpio NBS (Naturaly Based Solutions). Uma forma fundamental de abordar a adapta\u00e7\u00e3o e a resili\u00eancia socioecol\u00f3gica, com igual depend\u00eancia dos dom\u00ednios social, ambiental e econ\u00f3mico.<\/p>\n<p>O projeto j\u00e1 est\u00e1 em curso, tendo estado, at\u00e9 aqui, focado em trabalhos de planeamento e coordena\u00e7\u00e3o entre os diversos parceiros. A primeira reuni\u00e3o presencial de coordena\u00e7\u00e3o vai ser dirigida pelo leading partner, em Selnica ob Dravi, na Eslov\u00e9nia, nos pr\u00f3ximos dias 30 de setembro e 1 de outubro, para balan\u00e7o do primeiro semestre e lan\u00e7amento de perspectivas de continuidade do projeto.<\/p>\n<p>Refira-se que o Interreg Europe \u00e9 um programa de coopera\u00e7\u00e3o inter-regional, cofinanciado pela Uni\u00e3o Europeia, empenhada que est\u00e1 em reduzir as disparidades nos n\u00edveis de desenvolvimento, crescimento e qualidade de vida &#8211; nas e entre regi\u00f5es europeias.<\/p>\n<p>Este programa est\u00e1 ativo desde 2021 e decorre at\u00e9 2027.<\/p>\n<p><strong>\u00a0 \u00a0 Fonte: GCI|CMO<\/strong><\/p>\n","protected":false},"excerpt":{"rendered":"<p>O Munic\u00edpio de \u00d3bidos \u00e9 o parceiro portugu\u00eas do projeto europeu \u201cNaturally Local\u201d, uma iniciativa que est\u00e1 a ser desenvolvida, em cons\u00f3rcio, e que visa melhorar e desenvolver instrumentos de pol\u00edticas baseadas na Natureza em nove regi\u00f5es europeias (Eslov\u00e9nia &#8211; pa\u00eds coordenador e leading partner desta candidatura &#8211; Alemanha, Pol\u00f3nia, Espanha, Fran\u00e7a, Let\u00f3nia, Montenegro e [&hellip;]<\/p>\n","protected":false},"author":2,"featured_media":36790,"comment_status":"open","ping_status":"open","sticky":false,"template":"","format":"standard","meta":{"footnotes":""},"categories":[9],"tags":[],"class_list":["post-41338","post","type-post","status-publish","format-standard","has-post-thumbnail","hentry","category-ambiente"],"_links":{"self":[{"href":"https:\/\/tintafresca.net\/index.php\/wp-json\/wp\/v2\/posts\/41338","targetHints":{"allow":["GET"]}}],"collection":[{"href":"https:\/\/tintafresca.net\/index.php\/wp-json\/wp\/v2\/posts"}],"about":[{"href":"https:\/\/tintafresca.net\/index.php\/wp-json\/wp\/v2\/types\/post"}],"author":[{"embeddable":true,"href":"https:\/\/tintafresca.net\/index.php\/wp-json\/wp\/v2\/users\/2"}],"replies":[{"embeddable":true,"href":"https:\/\/tintafresca.net\/index.php\/wp-json\/wp\/v2\/comments?post=41338"}],"version-history":[{"count":2,"href":"https:\/\/tintafresca.net\/index.php\/wp-json\/wp\/v2\/posts\/41338\/revisions"}],"predecessor-version":[{"id":41340,"href":"https:\/\/tintafresca.net\/index.php\/wp-json\/wp\/v2\/posts\/41338\/revisions\/41340"}],"wp:featuredmedia":[{"embeddable":true,"href":"https:\/\/tintafresca.net\/index.php\/wp-json\/wp\/v2\/media\/36790"}],"wp:attachment":[{"href":"https:\/\/tintafresca.net\/index.php\/wp-json\/wp\/v2\/media?parent=41338"}],"wp:term":[{"taxonomy":"category","embeddable":true,"href":"https:\/\/tintafresca.net\/index.php\/wp-json\/wp\/v2\/categories?post=41338"},{"taxonomy":"post_tag","embeddable":true,"href":"https:\/\/tintafresca.net\/index.php\/wp-json\/wp\/v2\/tags?post=41338"}],"curies":[{"name":"wp","href":"https:\/\/api.w.org\/{rel}","templated":true}]}}