{"id":41376,"date":"2025-09-30T21:23:46","date_gmt":"2025-09-30T21:23:46","guid":{"rendered":"https:\/\/tintafresca.net\/?p=41376"},"modified":"2025-09-30T21:53:39","modified_gmt":"2025-09-30T21:53:39","slug":"medico-de-porto-de-mos-distinguido-com-medalha-de-merito-pela-sociedade-portuguesa-de-estomatologia-e-cirurgia-orofacial","status":"publish","type":"post","link":"https:\/\/tintafresca.net\/index.php\/2025\/09\/30\/medico-de-porto-de-mos-distinguido-com-medalha-de-merito-pela-sociedade-portuguesa-de-estomatologia-e-cirurgia-orofacial\/","title":{"rendered":"M\u00e9dico de Porto de M\u00f3s distinguido com Medalha de M\u00e9rito"},"content":{"rendered":"<div id=\"attachment_41384\" style=\"width: 410px\" class=\"wp-caption alignleft\"><img loading=\"lazy\" decoding=\"async\" aria-describedby=\"caption-attachment-41384\" class=\"wp-image-41384 size-full\" src=\"https:\/\/tintafresca.net\/wp-content\/uploads\/2025\/09\/PM_Prof.-David-Angelo_Medalha-de-Merito10.jpg\" alt=\"\" width=\"400\" height=\"600\" srcset=\"https:\/\/tintafresca.net\/wp-content\/uploads\/2025\/09\/PM_Prof.-David-Angelo_Medalha-de-Merito10.jpg 400w, https:\/\/tintafresca.net\/wp-content\/uploads\/2025\/09\/PM_Prof.-David-Angelo_Medalha-de-Merito10-200x300.jpg 200w\" sizes=\"auto, (max-width: 400px) 100vw, 400px\" \/><p id=\"caption-attachment-41384\" class=\"wp-caption-text\">David \u00c2ngelo<\/p><\/div>\n<p>O m\u00e9dico cirurgi\u00e3o David \u00c2ngelo acaba de ser galardoado com a Medalha de M\u00e9rito de Estomatologia, um pr\u00e9mio atribu\u00eddo durante o 8.\u00ba congresso Nacional de Estomatologia realizado pela Sociedade Portuguesa de Estomatologia e Cirurgia Orofacial (SPECO), em Vilamoura (Algarve).<\/p>\n<p>Na sua 1.\u00aa edi\u00e7\u00e3o, este galard\u00e3o foi criado pela SPECO como forma de distinguir profissionais que se t\u00eam destacado e contribu\u00eddo para a evolu\u00e7\u00e3o e o engrandecimento da Estomatologia em Portugal e al\u00e9m-fronteiras, nomeadamente atrav\u00e9s dos diversos pacientes que recebe de todo o mundo em Portugal para tratamentos espec\u00edficos, assim como acolhe m\u00e9dicos oriundos de todos os continentes para aprenderem os seus protocolos.<\/p>\n<p>Para David \u00c2ngelo, agraciado na sess\u00e3o de estreia da atribui\u00e7\u00e3o da Medalha de M\u00e9rito SPECO, \u201creceber este pr\u00e9mio \u00e9 uma honra imensa e um marco muito especial no meu percurso. Representa o reconhecimento do trabalho \u00e1rduo, da dedica\u00e7\u00e3o \u00e0 ci\u00eancia e \u00e0 pr\u00e1tica cl\u00ednica, e do compromisso constante com a inova\u00e7\u00e3o e com a melhoria da vida dos doentes. Mais do que um pr\u00e9mio pessoal, encaro-o como um tributo a todos aqueles que colaboraram comigo ao longo dos anos &#8211; colegas, mentores, alunos e doentes -, e que tornaram poss\u00edvel cada etapa desta jornada.\u201d<\/p>\n<p>Emo\u00e7\u00e3o, gratid\u00e3o e sentido de responsabilidade foi o que o m\u00e9dico cirurgi\u00e3o sentiu com a atribui\u00e7\u00e3o desta distin\u00e7\u00e3o: \u201cSer o primeiro a receber este pr\u00e9mio confere-lhe um peso hist\u00f3rico, tornando o momento ainda mais especial. Ao mesmo tempo, aumenta o sentido de dever de continuar a honrar a confian\u00e7a da comunidade cient\u00edfica e de abrir caminho para que outros possam tamb\u00e9m ser distinguidos no futuro.\u201d<\/p>\n<p>Quanto aos principais desafios e conquistas que marcaram o seu percurso que culminou com este reconhecimento, David \u00c2ngelo salienta que o \u201ccaminho at\u00e9 aqui foi marcado por desafios exigentes, desde lidar com casos cl\u00ednicos de enorme complexidade at\u00e9 desenvolver t\u00e9cnicas cir\u00fargicas inovadoras e formar colegas provenientes de diversos pa\u00edses. A investiga\u00e7\u00e3o cient\u00edfica e a publica\u00e7\u00e3o de trabalhos que contribu\u00edram para o avan\u00e7o da \u00e1rea foram igualmente pilares deste percurso. Cada desafio superado refor\u00e7ou a minha convic\u00e7\u00e3o de que a dedica\u00e7\u00e3o \u00e0 excel\u00eancia cl\u00ednica, aliada \u00e0 partilha de conhecimento, constitui a base para um progresso duradouro.\u201d<\/p>\n<p>O presidente da Sociedade Portuguesa de Estomatologia e Cirurgia Orofacial, Gon\u00e7alo Coutinho revela que \u201ca escolha do Prof. Dr. David \u00c2ngelo para receber a Medalha de M\u00e9rito foi muito natural. Apesar de t\u00e3o jovem, tem um percurso absolutamente not\u00e1vel na \u00e1rea da articula\u00e7\u00e3o temporomandibular: em 2023 foi reconhecido como um dos 20 m\u00e9dicos mais influentes do mundo nesta \u00e1rea, e desde 2018 que abriu caminho como o primeiro m\u00e9dico portugu\u00eas distinguido pela American e pela European Society of Temporomandibular Joint Surgeons. Soma mais de 10 pr\u00e9mios de investiga\u00e7\u00e3o e mais de 40 artigos publicados, tendo sido pioneiro no desenvolvimento de t\u00e9cnicas cir\u00fargicas da articula\u00e7\u00e3o temporomandibular. Mas para al\u00e9m dos n\u00fameros, h\u00e1 algo que para n\u00f3s \u00e9 ainda mais importante: a forma como se tornou uma refer\u00eancia para internos, alunos e colegas, sempre dispon\u00edvel para ensinar, orientar e aconselhar.\u201d<\/p>\n<p>A finalizar o presidente da SPECO explica que \u201ca cria\u00e7\u00e3o desta medalha era um sonho antigo da Sociedade. Quer\u00edamos ter um reconhecimento pr\u00f3prio para quem se distingue pela excel\u00eancia acad\u00e9mica, cl\u00ednica e pelo contributo para a Estomatologia. Este \u00e9 o primeiro ano em que conseguimos concretizar essa ideia e queremos que a medalha seja, daqui para a frente, um marco simb\u00f3lico: valorizar quem eleva o nome da Estomatologia em Portugal e no mundo, mas tamb\u00e9m inspirar os mais jovens a seguir esse caminho de dedica\u00e7\u00e3o e m\u00e9rito.\u201d<\/p>\n<p><strong>Quem \u00e9 David \u00c2ngelo?<\/strong><\/p>\n<p>Nascido na Su\u00ed\u00e7a (La-Chaux-de-Fonds), o Prof. David \u00c2ngelo \u00e9 um dos 20 m\u00e9dicos mais influentes do mundo na especialidade de estomatologia, nomeadamente na \u00e1rea da articula\u00e7\u00e3o temporomandibular (ATM), destacando-se tamb\u00e9m por ser o primeiro m\u00e9dico portugu\u00eas &#8211; e o mais novo, com apenas 33 anos (2018) &#8211; a integrar a Sociedade Europeia de Cirurgi\u00f5es da Articula\u00e7\u00e3o Temporomandibular. \u00c9 tamb\u00e9m o primeiro estomatologista em Portugal a pertencer ao restrito grupo de m\u00e9dicos da Sociedade Americana de Cirurgi\u00f5es da Articula\u00e7\u00e3o Temporomandibular.<\/p>\n<p>Frequentou o curso de Medicina na Universidade da Beira Interior (Covilh\u00e3), tendo conclu\u00eddo a especialidade m\u00e9dica no Hospital de Santa Maria (Lisboa). Em 2018, completou o doutoramento em Cirurgia Maxilofacial pela Faculdade de Medicina da Universidade de Lisboa (FMUL), onde atualmente desempenha as fun\u00e7\u00f5es de professor auxiliar convidado, sendo o respons\u00e1vel pela p\u00f3s-gradua\u00e7\u00e3o de cirurgia aberta e artroscopia da articula\u00e7\u00e3o temporomandibular na mesma Faculdade.<\/p>\n<p>A par deste cargo \u00e9 tamb\u00e9m consultor especialista em cirurgia avan\u00e7ada da articula\u00e7\u00e3o temporomandibular no Hospital de Egas Moniz (Centro Hospitalar Lisboa Ocidental, E.P.E.), onde apoia o servi\u00e7o de Estomatologia na planifica\u00e7\u00e3o e cirurgia de casos de reconstru\u00e7\u00e3o complexa da ATM.<\/p>\n<p>Faz cirurgias in\u00e9ditas em Portugal e com t\u00e9cnicas desenvolvidas pelo pr\u00f3prio, nomeadamente o\u00a0RHITNI (Root of Helix Inter Tragus Notch Incision), uma incis\u00e3o da sua autoria (2020) que deixa cicatriz praticamente impercet\u00edvel, contribuindo para um melhor resultado est\u00e9tico e menor risco de les\u00e3o nervosa.<\/p>\n<p>A forma\u00e7\u00e3o continua a ser um pilar do seu desenvolvimento, mantendo um envolvimento ativo na \u00e1rea da forma\u00e7\u00e3o, tanto a n\u00edvel nacional como internacional, sendo o coordenador da p\u00f3s-gradua\u00e7\u00e3o em dor orofacial e disfun\u00e7\u00e3o temporomandibular da Faculdade de Medicina da Universidade de Lisboa e coordenador cient\u00edfico da p\u00f3s-gradua\u00e7\u00e3o em disfun\u00e7\u00e3o temporomandibular na Universidade Unicamillus (Roma). Para al\u00e9m disso, acolhe m\u00e9dicos de todo o mundo para o seu programa de TMJ international Fellowship.<\/p>\n<p>Em 2016 foi cofundador do Instituto Portugu\u00eas da Face (primeiro centro em Portugal certificado pela European Association for Cranio Maxillo Facial Surgery para forma\u00e7\u00e3o em Patologia da Articula\u00e7\u00e3o Temporomandibular e Cirurgia Ortogn\u00e1tica) onde \u00e9 Diretor Cl\u00ednico. Tem mais de 30 artigos cient\u00edficos publicados como primeiro autor, recebeu mais de 10 pr\u00e9mios de investiga\u00e7\u00e3o, nacionais e internacionais, e tem ajudado muitos m\u00e9dicos e doentes de todo o mundo, mundo\u00a0ao abrigo\u00a0do programa de forma\u00e7\u00e3o\u00a0Fellowship\u00a0(Su\u00e9cia, Malta, Rom\u00e9nia, It\u00e1lia, Mal\u00e1sia, Brasil, Indon\u00e9sia, \u2026).<\/p>\n<p>O ano passado (2024) lan\u00e7ou o primeiro livro da sua autoria: \u201cCr\u00f3nicas de um jovem investigador \u2013 O que ningu\u00e9m nos conta durante o percurso acad\u00e9mico\u201d, onde aborda a sua trajet\u00f3ria de vida, com especial foco para a investiga\u00e7\u00e3o que desenvolveu no \u00e2mbito da tese de doutoramento tendo por base um projeto experimental com destaque para a patologia da articula\u00e7\u00e3o temporomandibular (ATM).<\/p>\n<p><strong>\u00a0 \u00a0 Fonte: IPFace<\/strong><\/p>\n","protected":false},"excerpt":{"rendered":"<p>O m\u00e9dico cirurgi\u00e3o David \u00c2ngelo acaba de ser galardoado com a Medalha de M\u00e9rito de Estomatologia, um pr\u00e9mio atribu\u00eddo durante o 8.\u00ba congresso Nacional de Estomatologia realizado pela Sociedade Portuguesa de Estomatologia e Cirurgia Orofacial (SPECO), em Vilamoura (Algarve). Na sua 1.\u00aa edi\u00e7\u00e3o, este galard\u00e3o foi criado pela SPECO como forma de distinguir profissionais que [&hellip;]<\/p>\n","protected":false},"author":2,"featured_media":41383,"comment_status":"open","ping_status":"open","sticky":false,"template":"","format":"standard","meta":{"footnotes":""},"categories":[6],"tags":[],"class_list":["post-41376","post","type-post","status-publish","format-standard","has-post-thumbnail","hentry","category-saude"],"_links":{"self":[{"href":"https:\/\/tintafresca.net\/index.php\/wp-json\/wp\/v2\/posts\/41376","targetHints":{"allow":["GET"]}}],"collection":[{"href":"https:\/\/tintafresca.net\/index.php\/wp-json\/wp\/v2\/posts"}],"about":[{"href":"https:\/\/tintafresca.net\/index.php\/wp-json\/wp\/v2\/types\/post"}],"author":[{"embeddable":true,"href":"https:\/\/tintafresca.net\/index.php\/wp-json\/wp\/v2\/users\/2"}],"replies":[{"embeddable":true,"href":"https:\/\/tintafresca.net\/index.php\/wp-json\/wp\/v2\/comments?post=41376"}],"version-history":[{"count":5,"href":"https:\/\/tintafresca.net\/index.php\/wp-json\/wp\/v2\/posts\/41376\/revisions"}],"predecessor-version":[{"id":41385,"href":"https:\/\/tintafresca.net\/index.php\/wp-json\/wp\/v2\/posts\/41376\/revisions\/41385"}],"wp:featuredmedia":[{"embeddable":true,"href":"https:\/\/tintafresca.net\/index.php\/wp-json\/wp\/v2\/media\/41383"}],"wp:attachment":[{"href":"https:\/\/tintafresca.net\/index.php\/wp-json\/wp\/v2\/media?parent=41376"}],"wp:term":[{"taxonomy":"category","embeddable":true,"href":"https:\/\/tintafresca.net\/index.php\/wp-json\/wp\/v2\/categories?post=41376"},{"taxonomy":"post_tag","embeddable":true,"href":"https:\/\/tintafresca.net\/index.php\/wp-json\/wp\/v2\/tags?post=41376"}],"curies":[{"name":"wp","href":"https:\/\/api.w.org\/{rel}","templated":true}]}}