{"id":41391,"date":"2025-10-02T22:33:05","date_gmt":"2025-10-02T22:33:05","guid":{"rendered":"https:\/\/tintafresca.net\/?p=41391"},"modified":"2025-10-03T23:54:21","modified_gmt":"2025-10-03T23:54:21","slug":"centro-empresarial-da-marinha-grande-acolhe-prodpm-25","status":"publish","type":"post","link":"https:\/\/tintafresca.net\/index.php\/2025\/10\/02\/centro-empresarial-da-marinha-grande-acolhe-prodpm-25\/","title":{"rendered":"Centro Empresarial da Marinha Grande acolhe PRODPM \u201925"},"content":{"rendered":"<div id=\"attachment_41394\" style=\"width: 510px\" class=\"wp-caption alignleft\"><img loading=\"lazy\" decoding=\"async\" aria-describedby=\"caption-attachment-41394\" class=\"wp-image-41394 size-full\" src=\"https:\/\/tintafresca.net\/wp-content\/uploads\/2025\/10\/MG_Conferencia_PRODPM10.jpg\" alt=\"\" width=\"500\" height=\"332\" srcset=\"https:\/\/tintafresca.net\/wp-content\/uploads\/2025\/10\/MG_Conferencia_PRODPM10.jpg 500w, https:\/\/tintafresca.net\/wp-content\/uploads\/2025\/10\/MG_Conferencia_PRODPM10-300x199.jpg 300w\" sizes=\"auto, (max-width: 500px) 100vw, 500px\" \/><p id=\"caption-attachment-41394\" class=\"wp-caption-text\">Fernando Silva, Aur\u00e9lio Ferreira, Pedro Assun\u00e7\u00e3o e Joel Correia Vasco<\/p><\/div>\n<p>A 3\u00aa Confer\u00eancia Internacional sobre Progresso na Fabrica\u00e7\u00e3o Digital e F\u00edsica (ProDPM\u201925), organizada pela Escola Superior de Tecnologia e Gest\u00e3o (ESTG) do Instituto Polit\u00e9cnico de Leiria (IPL), iniciou esta quarta-feira, 1 de outubro, e decorre at\u00e9 3 de outubro de 2025, no Centro Empresarial da Marinha Grande.<\/p>\n<p>Este evento internacional re\u00fane especialistas de diversos pa\u00edses para debater inova\u00e7\u00e3o, produ\u00e7\u00e3o digital e f\u00edsica, promovendo o interc\u00e2mbio de conhecimento cient\u00edfico e a colabora\u00e7\u00e3o entre acad\u00e9micos, investigadores e parceiros industriais. Culminando no contributo para o desenvolvimento e inova\u00e7\u00e3o nos dom\u00ednios abordados.<\/p>\n<p>A sess\u00e3o de abertura foi presidida por Joel Correia Vasco (ESTG), acompanhado pelo Presidente da C\u00e2mara Municipal da Marinha Grande, Aur\u00e9lio Ferreira que destacou a import\u00e2ncia do interc\u00e2mbio de conhecimento e desejou um excelente aproveitamento a todos os participantes. Estiveram tamb\u00e9m presentes Pedro Assun\u00e7\u00e3o, vice-presidente do IPL, e Fernando Silva, subdiretor da ESTG.<\/p>\n<p><strong>Fonte: GCI|CMMG<\/strong><\/p>\n","protected":false},"excerpt":{"rendered":"<p>A 3\u00aa Confer\u00eancia Internacional sobre Progresso na Fabrica\u00e7\u00e3o Digital e F\u00edsica (ProDPM\u201925), organizada pela Escola Superior de Tecnologia e Gest\u00e3o (ESTG) do Instituto Polit\u00e9cnico de Leiria (IPL), iniciou esta quarta-feira, 1 de outubro, e decorre at\u00e9 3 de outubro de 2025, no Centro Empresarial da Marinha Grande. Este evento internacional re\u00fane especialistas de diversos pa\u00edses [&hellip;]<\/p>\n","protected":false},"author":2,"featured_media":41395,"comment_status":"open","ping_status":"open","sticky":false,"template":"","format":"standard","meta":{"footnotes":""},"categories":[7],"tags":[],"class_list":["post-41391","post","type-post","status-publish","format-standard","has-post-thumbnail","hentry","category-economia"],"_links":{"self":[{"href":"https:\/\/tintafresca.net\/index.php\/wp-json\/wp\/v2\/posts\/41391","targetHints":{"allow":["GET"]}}],"collection":[{"href":"https:\/\/tintafresca.net\/index.php\/wp-json\/wp\/v2\/posts"}],"about":[{"href":"https:\/\/tintafresca.net\/index.php\/wp-json\/wp\/v2\/types\/post"}],"author":[{"embeddable":true,"href":"https:\/\/tintafresca.net\/index.php\/wp-json\/wp\/v2\/users\/2"}],"replies":[{"embeddable":true,"href":"https:\/\/tintafresca.net\/index.php\/wp-json\/wp\/v2\/comments?post=41391"}],"version-history":[{"count":3,"href":"https:\/\/tintafresca.net\/index.php\/wp-json\/wp\/v2\/posts\/41391\/revisions"}],"predecessor-version":[{"id":41396,"href":"https:\/\/tintafresca.net\/index.php\/wp-json\/wp\/v2\/posts\/41391\/revisions\/41396"}],"wp:featuredmedia":[{"embeddable":true,"href":"https:\/\/tintafresca.net\/index.php\/wp-json\/wp\/v2\/media\/41395"}],"wp:attachment":[{"href":"https:\/\/tintafresca.net\/index.php\/wp-json\/wp\/v2\/media?parent=41391"}],"wp:term":[{"taxonomy":"category","embeddable":true,"href":"https:\/\/tintafresca.net\/index.php\/wp-json\/wp\/v2\/categories?post=41391"},{"taxonomy":"post_tag","embeddable":true,"href":"https:\/\/tintafresca.net\/index.php\/wp-json\/wp\/v2\/tags?post=41391"}],"curies":[{"name":"wp","href":"https:\/\/api.w.org\/{rel}","templated":true}]}}