{"id":41401,"date":"2025-10-03T23:50:33","date_gmt":"2025-10-03T23:50:33","guid":{"rendered":"https:\/\/tintafresca.net\/?p=41401"},"modified":"2025-10-04T23:31:57","modified_gmt":"2025-10-04T23:31:57","slug":"caldas-da-rainha-recebe-curso-tecnico-superior-profissional-da-area-do-termalismo-e-bem-estar","status":"publish","type":"post","link":"https:\/\/tintafresca.net\/index.php\/2025\/10\/03\/caldas-da-rainha-recebe-curso-tecnico-superior-profissional-da-area-do-termalismo-e-bem-estar\/","title":{"rendered":"Caldas da Rainha recebe Curso T\u00e9cnico Superior Profissional da \u00c1rea do Termalismo e Bem-estar"},"content":{"rendered":"<div id=\"attachment_16860\" style=\"width: 510px\" class=\"wp-caption alignleft\"><img loading=\"lazy\" decoding=\"async\" aria-describedby=\"caption-attachment-16860\" class=\"wp-image-16860 size-full\" src=\"https:\/\/tintafresca.net\/wp-content\/uploads\/2022\/05\/Hospital-Termal10.jpg\" alt=\"\" width=\"500\" height=\"375\" srcset=\"https:\/\/tintafresca.net\/wp-content\/uploads\/2022\/05\/Hospital-Termal10.jpg 500w, https:\/\/tintafresca.net\/wp-content\/uploads\/2022\/05\/Hospital-Termal10-300x225.jpg 300w\" sizes=\"auto, (max-width: 500px) 100vw, 500px\" \/><p id=\"caption-attachment-16860\" class=\"wp-caption-text\">Hospital Termal das Caldas da Rainha<\/p><\/div>\n<p>No dia 1 de outubro de 2025, as Termas das Caldas da Rainha acolheram a primeira turma do novo Curso T\u00e9cnico Superior Profissional (TeSP) da \u00e1rea do Termalismo e Bem-estar. A forma\u00e7\u00e3o profissionalizante, que ter\u00e1 a dura\u00e7\u00e3o de quatro semestres, resulta da parceria estabelecida entre o Munic\u00edpio das Caldas da Rainha e a Escola de Sa\u00fade do Instituto Polit\u00e9cnico de Leiria (IPL), e tem como objetivo estimular o crescimento das profiss\u00f5es ligadas ao termalismo, reconhecendo tamb\u00e9m a compet\u00eancia, a hist\u00f3ria, o car\u00e1cter diferenciador e o impacto das Termas das Caldas da Rainha.<\/p>\n<p>Alguns dos principais objetivos do curso s\u00e3o:<\/p>\n<p>\uf0b7 Planear e realizar t\u00e9cnicas terap\u00eauticas termais de massagem e de bem-estar,\u00a0utilizando os equipamentos e materiais adequados e de acordo com as necessidades\u00a0de cada pessoa;<\/p>\n<p>\uf0b7 Desenvolver e gerir compet\u00eancias profissionais de comunica\u00e7\u00e3o e rela\u00e7\u00e3o\u00a0interpessoal, cumprindo c\u00f3digos \u00e9ticos e deontol\u00f3gicos institucionais e legais;<\/p>\n<p>\uf0b7 Realizar e monitorizar registos dos tratamentos termais e de bem-estar realizados;<\/p>\n<p>\uf0b7 Coordenar e aplicar um correto manuseamento de m\u00e1quinas e equipamentos\u00a0espec\u00edficos de termalismo e de SPA;<\/p>\n<p>\uf0b7 Aplicar procedimentos e t\u00e9cnicas de primeiros socorros e suporte b\u00e1sico de vida adequados;<\/p>\n<p>Este projeto, enquadrado na estrat\u00e9gia de desenvolvimento definido para as Termas das Caldas da Rainha, permite alargar o painel de compet\u00eancias formativas j\u00e1 existentes nas\u00a0Caldas da Rainha, consolidando o posicionamento da cidade enquanto motor regional de\u00a0desenvolvimento econ\u00f3mico e acad\u00e9mico. Com o in\u00edcio deste curso, as Termas das Caldas consolidam o seu posicionamento no mercado do Termalismo a n\u00edvel nacional.<\/p>\n<p><strong>Fonte: UDM|CMCR<\/strong><\/p>\n","protected":false},"excerpt":{"rendered":"<p>No dia 1 de outubro de 2025, as Termas das Caldas da Rainha acolheram a primeira turma do novo Curso T\u00e9cnico Superior Profissional (TeSP) da \u00e1rea do Termalismo e Bem-estar. A forma\u00e7\u00e3o profissionalizante, que ter\u00e1 a dura\u00e7\u00e3o de quatro semestres, resulta da parceria estabelecida entre o Munic\u00edpio das Caldas da Rainha e a Escola de [&hellip;]<\/p>\n","protected":false},"author":2,"featured_media":16861,"comment_status":"open","ping_status":"open","sticky":false,"template":"","format":"standard","meta":{"footnotes":""},"categories":[14,6],"tags":[],"class_list":["post-41401","post","type-post","status-publish","format-standard","has-post-thumbnail","hentry","category-educacao","category-saude"],"_links":{"self":[{"href":"https:\/\/tintafresca.net\/index.php\/wp-json\/wp\/v2\/posts\/41401","targetHints":{"allow":["GET"]}}],"collection":[{"href":"https:\/\/tintafresca.net\/index.php\/wp-json\/wp\/v2\/posts"}],"about":[{"href":"https:\/\/tintafresca.net\/index.php\/wp-json\/wp\/v2\/types\/post"}],"author":[{"embeddable":true,"href":"https:\/\/tintafresca.net\/index.php\/wp-json\/wp\/v2\/users\/2"}],"replies":[{"embeddable":true,"href":"https:\/\/tintafresca.net\/index.php\/wp-json\/wp\/v2\/comments?post=41401"}],"version-history":[{"count":4,"href":"https:\/\/tintafresca.net\/index.php\/wp-json\/wp\/v2\/posts\/41401\/revisions"}],"predecessor-version":[{"id":41405,"href":"https:\/\/tintafresca.net\/index.php\/wp-json\/wp\/v2\/posts\/41401\/revisions\/41405"}],"wp:featuredmedia":[{"embeddable":true,"href":"https:\/\/tintafresca.net\/index.php\/wp-json\/wp\/v2\/media\/16861"}],"wp:attachment":[{"href":"https:\/\/tintafresca.net\/index.php\/wp-json\/wp\/v2\/media?parent=41401"}],"wp:term":[{"taxonomy":"category","embeddable":true,"href":"https:\/\/tintafresca.net\/index.php\/wp-json\/wp\/v2\/categories?post=41401"},{"taxonomy":"post_tag","embeddable":true,"href":"https:\/\/tintafresca.net\/index.php\/wp-json\/wp\/v2\/tags?post=41401"}],"curies":[{"name":"wp","href":"https:\/\/api.w.org\/{rel}","templated":true}]}}