{"id":4144,"date":"2021-05-17T12:30:17","date_gmt":"2021-05-17T12:30:17","guid":{"rendered":"https:\/\/tintafresca.net\/?p=4144"},"modified":"2021-05-17T12:36:45","modified_gmt":"2021-05-17T12:36:45","slug":"leiria-recebeu-autor-da-visao-estrategica-para-o-plano-de-recuperacao-economica-de-portugal-2020-2030-prr","status":"publish","type":"post","link":"https:\/\/tintafresca.net\/index.php\/2021\/05\/17\/leiria-recebeu-autor-da-visao-estrategica-para-o-plano-de-recuperacao-economica-de-portugal-2020-2030-prr\/","title":{"rendered":"Leiria recebeu autor da Vis\u00e3o Estrat\u00e9gica para o Plano de Recupera\u00e7\u00e3o Econ\u00f3mica de Portugal"},"content":{"rendered":"<div id=\"attachment_4147\" style=\"width: 510px\" class=\"wp-caption alignleft\"><img loading=\"lazy\" decoding=\"async\" aria-describedby=\"caption-attachment-4147\" class=\"wp-image-4147 size-full\" src=\"https:\/\/tintafresca.net\/wp-content\/uploads\/2021\/05\/Leiria_Plano-estrategico_costa_e_silva10.jpg\" alt=\"\" width=\"500\" height=\"333\" \/><p id=\"caption-attachment-4147\" class=\"wp-caption-text\">Ant\u00f3nio Costa e Silva<\/p><\/div>\n<p>\u201cN\u00e3o vamos conseguir executar (o financiamento dispon\u00edvel para os pr\u00f3ximos anos) sem o envolvimento de todos os territ\u00f3rios\u201d. \u00a0O autor da Vis\u00e3o Estrat\u00e9gica para o Plano de Recupera\u00e7\u00e3o Econ\u00f3mica de Portugal 2020-2030 (PRR) lan\u00e7ou na ter\u00e7a-feira, dia 11 de maio, em Leiria, um repto ao Pa\u00eds: \u201cN\u00e3o \u00e9 poss\u00edvel governar as sociedades do conhecimento do s\u00e9culo XXI com os modelos do passado: de cima para baixo\u201d.<\/p>\n<p>Ant\u00f3nio Costa e Silva falava no encerramento da confer\u00eancia \u201cDesenvolvimento da Regi\u00e3o de Leiria \u2013 A\u00e7\u00f5es Estrat\u00e9gicas 2030\u201d, promovida pelo Grupo Econ\u00f3mico e Social da Regi\u00e3o de Leiria (GESRL), que integra a CIMRL &#8211; Comunidade Intermunicipal da Regi\u00e3o de Leiria, a NERLEI \u2013 Associa\u00e7\u00e3o Empresarial da Regi\u00e3o de Leiria e o Polit\u00e9cnico de Leiria.<\/p>\n<p>A quest\u00e3o do modelo a adoptar na utiliza\u00e7\u00e3o dos fundos que estar\u00e3o dispon\u00edveis nos pr\u00f3ximos anos foi uma das quest\u00f5es debatidas nesta confer\u00eancia. Isabel Damasceno, Presidente da Comiss\u00e3o de Coordena\u00e7\u00e3o e Desenvolvimento Regional do Centro (CCDRC), respondendo a uma pergunta da plateia sobre o perigo da morosidade das institui\u00e7\u00f5es do Estado na an\u00e1lise de tantos projectos de investimento, disse: \u201cO Estado Central n\u00e3o tem capacidade de executar isto tudo. Acho que os nossos governantes j\u00e1 perceberam isso! Se me perguntam se perceberam isso desde o in\u00edcio? Acho que n\u00e3o! Quando foi apresentada a primeira vers\u00e3o do PRR era muito a l\u00f3gica do pensamento centralizado e da execu\u00e7\u00e3o centralizada.\u201d<\/p>\n<p>Para a presidente da CCDRC, \u201cneste momento, h\u00e1 uma no\u00e7\u00e3o clara \u2013 do ponto de vista do Governo \u2013 da vantagem da territorializa\u00e7\u00e3o da execu\u00e7\u00e3o do PRR\u201d. Isabel Damasceno falou sobre a possibilidade de institui\u00e7\u00f5es de refer\u00eancia das Regi\u00f5es poderem vir a gerir pacotes de financiamento, dando o exemplo das Comunidades Intermunicipais (CIM\u00b4s) j\u00e1 com larga experi\u00eancia na administra\u00e7\u00e3o de fundos deste tipo.<\/p>\n<p>E h\u00e1 \u201crecursos financeiros imensos\u201d, lembrou Ant\u00f3nio Costa e Silva. Nos pr\u00f3ximos anos \u201cestar\u00e3o dispon\u00edveis ainda 10 mil milh\u00f5es de Euros do Programa Portugal 2020 (3.8 mil milh\u00f5es de Euros para as empresas), 16.8 mil milh\u00f5es de Euros do PRR e 31 mil milh\u00f5es de Euros do Programa Portugal 2030\u201d.<\/p>\n<p>Para o respons\u00e1vel nacional pelo PRR, o exemplo do Plano Estrat\u00e9gico 2030 apresentado pela Regi\u00e3o de Leiria &#8211; Que elenca oito vectores de investimento e mais de 70 projectos concretos -, deve ser um exemplo seguido por todas as Regi\u00f5es. \u201cO trabalho deste Gabinete Econ\u00f3mico e Social (GES) \u00e9 o espelho do que precisamos fazer em todo o Pa\u00eds: \u00c9 falar uns com os outros, \u00e9 sairmos das nossas torres de marfim, \u00e9 dialogar, \u00e9 mobilizar todos os actores: Das autarquias \u00e0s empresas, aos Polit\u00e9cnicos, aos P\u00f3los de Ci\u00eancia e Tecnologia. Se n\u00e3o fizermos isso, vamos falhar esta grande oportunidade que temos \u00e0 nossa frente\u201d, disse.<\/p>\n<p><strong>Plano Estrat\u00e9gico para a Regi\u00e3o de Leiria assente em oito vectores<\/strong><\/p>\n<div id=\"attachment_4148\" style=\"width: 510px\" class=\"wp-caption alignleft\"><img loading=\"lazy\" decoding=\"async\" aria-describedby=\"caption-attachment-4148\" class=\"wp-image-4148 size-full\" src=\"https:\/\/tintafresca.net\/wp-content\/uploads\/2021\/05\/Leiria_Plano-estrategico_costa_e_silva20.jpg\" alt=\"\" width=\"500\" height=\"333\" \/><p id=\"caption-attachment-4148\" class=\"wp-caption-text\">Encerramento da confer\u00eancia \u201cDesenvolvimento da Regi\u00e3o de Leiria \u2013 A\u00e7\u00f5es Estrat\u00e9gicas 2030\u201d<\/p><\/div>\n<p>Pensar a Regi\u00e3o de Leiria a \u201cm\u00e9dio e longo prazo\u201d foi o mote lan\u00e7ado pelo coordenador do Grupo Econ\u00f3mico e Social (GES) para a apresenta\u00e7\u00e3o do documento estrat\u00e9gico. Jorge Santos, empres\u00e1rio, real\u00e7ou o contributo dos v\u00e1rios quadrantes da Regi\u00e3o na elabora\u00e7\u00e3o do documento, sobretudo dos dez presidentes de c\u00e2mara que integram a CIMRL.<\/p>\n<p>A apresenta\u00e7\u00e3o do Plano esteve a cargo do seu coordenador t\u00e9cnico, Jos\u00e9 Morais, que anunciou o documento como uma \u201cs\u00edntese da ambi\u00e7\u00e3o da Regi\u00e3o\u201d.<\/p>\n<p>S\u00e3o oito os vetores de Desenvolvimento que o documento lan\u00e7a: 1) Digitaliza\u00e7\u00e3o de produtos, processos e organiza\u00e7\u00e3o. 2) Reindustrializa\u00e7\u00e3o e reconvers\u00e3o industrial\u201d. 3) Capacita\u00e7\u00e3o em gest\u00e3o e t\u00e9cnicas espec\u00edficas. 4) Promo\u00e7\u00e3o de mobilidade nas cidades, intercidades e na Regi\u00e3o. 5) Investiga\u00e7\u00e3o, desenvolvimento e inova\u00e7\u00e3o aplicada. 6) Descarboniza\u00e7\u00e3o, efici\u00eancia energ\u00e9tica e economia circular transversal. 7) E-Commerce, cadeias log\u00edsticas e promo\u00e7\u00e3o da internacionaliza\u00e7\u00e3o e da produ\u00e7\u00e3o exportadora. 8) Sa\u00fade e Desenvolvimento Social.<\/p>\n<p>Esta \u201cambi\u00e7\u00e3o de uma Regi\u00e3o\u201d \u00e9 um mote partilhado por todas as entidades que gerem o GESRL: Comunidade Intermunicipal da Regi\u00e3o de Leiria, NERLEI \u2013 Associa\u00e7\u00e3o Empresarial de Leiria e Polit\u00e9cnico de Leiria.<\/p>\n<p>Gon\u00e7alo Lopes, presidente da CIMRL, real\u00e7ou o trabalho de equipa potenciado pela a\u00e7\u00e3o do GESRL, afirmando: \u201cSeparados somos fracos e \u00e9 o que temos sido at\u00e9 h\u00e1 pouco tempo. Estamos sempre \u00e0 espera que haja um autarca que se destaque dos outros, ou que haja um diretor do hospital que seja um super-homem ou de um presidente de um n\u00facleo empresarial que seja um empres\u00e1rio de refer\u00eancia ou de um dirigente extraordin\u00e1rio. Esse tipo de aposta j\u00e1 n\u00e3o faz sentido numa Regi\u00e3o como a nossa. S\u00f3 iremos ser muito fortes se pensarmos em grande e se pensarmos em conjunto. E se a m\u00e1quina funcionar bem oleada, iremos ter resultados na pr\u00f3xima d\u00e9cada. N\u00e3o h\u00e1 raz\u00f5es para duvidarmos disso. S\u00f3 iremos ter constrangimentos se duvidarmos da nossa for\u00e7a de trabalhar em equipa. Um bom exemplo foi este Gabinete, com uma filosofia de trabalho que se deve manter\u201d.<\/p>\n<p>Sobre o documento, Gon\u00e7alo Lopes afirmou que \u201cesta n\u00e3o \u00e9 uma carta ao Pai Natal, porque todas as a\u00e7\u00f5es do documento est\u00e3o alinhadas e representam a ambi\u00e7\u00e3o dos v\u00e1rios atores do territ\u00f3rio.\u201d Mais: \u201cOs l\u00edderes do territ\u00f3rio est\u00e3o engajados com este documento, falta agora energizar, ou seja, somar a energia de todos na a\u00e7\u00e3o\u201d.<\/p>\n<p>O autarca de Leiria falou sobretudo do sector da sa\u00fade, chamando a aten\u00e7\u00e3o para o Plano de Desenvolvimento do Hospital de Leiria, contido no documento, e para o alargamento da rede de centros de sa\u00fade que ter\u00e1 de ter uma a\u00e7\u00e3o fundamental por parte dos autarcas. Do sector social, real\u00e7ou a necessidade de constru\u00e7\u00e3o de creches e unidades de cuidados de sa\u00fade continuados. Chamou a aten\u00e7\u00e3o para o problema do envelhecimento da popula\u00e7\u00e3o e do inevit\u00e1vel apoio \u00e0s institui\u00e7\u00f5es que cuidam dos nossos idosos, como ficou patente durante a Pandemia.<\/p>\n<p>Gon\u00e7alo Lopes abordou ainda a quest\u00e3o ambiental que o Plano Estrat\u00e9gico encerra, lembrando o problema da polui\u00e7\u00e3o das linhas de \u00e1gua causado essencialmente pela ind\u00fastria agropecu\u00e1ria, que pretende ver resolvida nos pr\u00f3ximos cinco anos.<\/p>\n<p>Por fim, apontou ainda a quest\u00e3o das acessibilidades entre concelhos como priorit\u00e1ria para a coes\u00e3o do territ\u00f3rio. \u00c9 necess\u00e1rio \u201ccoser a regi\u00e3o, com liga\u00e7\u00f5es entre concelhos, sejam elas em forma de transportes p\u00fablicos ou em vias de comunica\u00e7\u00e3o pr\u00f3prias\u201d.<\/p>\n<p>Gon\u00e7alo Lopes terminaria a sua interven\u00e7\u00e3o real\u00e7ando a import\u00e2ncia da Cultura e do Desporto como caminhos para a Coes\u00e3o da Regi\u00e3o de Leiria, real\u00e7ando o projeto em curso da Candidatura a Capital Europeia da Cultura e que envolve ainda a Regi\u00e3o do Oeste e alguns Munic\u00edpios do M\u00e9dio Tejo.<\/p>\n<p>O presidente da NERLEI, Ant\u00f3nio Po\u00e7as, elencou cinco dos eixos do Plano Estrat\u00e9gico mais ligados ao sector empresarial: A digitaliza\u00e7\u00e3o das empresas \u2013 \u201cN\u00e3o uma quest\u00e3o t\u00e9cnica, mas de iliteracia comportamental\u201d, real\u00e7ando a cria\u00e7\u00e3o do \u201cLeiria Inovation Hub\u201d como uma pe\u00e7a fundamental desta estrat\u00e9gia.<\/p>\n<p>Falou ainda da reindustrializa\u00e7\u00e3o, com o apelo \u00e0 cria\u00e7\u00e3o de novas \u00e1reas de ind\u00fastria e novos produtos e do vetor da Economia Verde, pensada de forma integrada.<\/p>\n<p>Sobre a recapitaliza\u00e7\u00e3o das empresas, uma prioridade do Plano, Ant\u00f3nio Po\u00e7as considerou fundamental a cria\u00e7\u00e3o de um fundo regional.<\/p>\n<p>Por fim, o presidente da NERLEI falou do refor\u00e7o da \u201cMarca Leiria\u201d como eixo de uni\u00e3o para a Regi\u00e3o e para o qual todos est\u00e3o chamados a colaborar diretamente.<\/p>\n<p>Por sua vez, Rui Pedrosa, presidente do Polit\u00e9cnico de Leiria, real\u00e7ou que o GESRL potenciou a abertura da Regi\u00e3o \u201centre si, ao pa\u00eds, \u00e0 europa e ao mundo\u201d, refor\u00e7ando a import\u00e2ncia da cria\u00e7\u00e3o e refor\u00e7o de redes colaborativas. \u201cColaborar, porque os desafios s\u00e3o globais. Mas n\u00e3o h\u00e1 rede colaborativa global sem uma rede regional com impacto \u201d.<\/p>\n<p>Sobre as medidas concretas, Rui Pedrosa real\u00e7ou a reativa\u00e7\u00e3o do Observat\u00f3rio Estrat\u00e9gico para a Regi\u00e3o de Leiria: \u201cMonitorizando, fornecendo dados e informa\u00e7\u00e3o v\u00e1lida e rigorosa\u201d e a cria\u00e7\u00e3o de um Centro de Forma\u00e7\u00e3o Distrital com o IEFP de Leiria. Rui Pedrosa destacou ainda dois projetos emblem\u00e1ticos para si: A cria\u00e7\u00e3o do Laborat\u00f3rio Avan\u00e7ado de Epidemiologia e o investimento direto na cria\u00e7\u00e3o da nova Escola Superior de Educa\u00e7\u00e3o e Ci\u00eancias Sociais.<\/p>\n<p>Por fim, os interlocutores refor\u00e7aram a necessidade de \u201chorizontalizar\u201d o Plano\u201d de forma \u00a0a que todos se sintam confort\u00e1veis com a Estrat\u00e9gia\u201d o que dever\u00e1 ser a pr\u00f3xima prioridade do Grupo Econ\u00f3mico e Social da Regi\u00e3o de Leiria.<\/p>\n<p>Recorde-se que o GES Regi\u00e3o de Leiria \u00e9 uma estrutura informal, criada a 13 de abril de 2020, atrav\u00e9s de um memorando de entendimento entre a CIMRL (Comunidade Intermunicipal da Regi\u00e3o de Leiria), o Polit\u00e9cnico de Leiria e a NERLEI (Associa\u00e7\u00e3o Empresarial da Regi\u00e3o de Leiria). A motiva\u00e7\u00e3o de base para a cria\u00e7\u00e3o do Gabinete reside na consci\u00eancia de que, ao n\u00edvel regional, existe uma necessidade urgente de coordenar e partilhar a\u00e7\u00f5es, de modo a antecipar decis\u00f5es que possam manter a atividade empresarial, manter o emprego e a coes\u00e3o social da regi\u00e3o.<\/p>\n<p><strong>\u00a0 \u00a0 \u00a0Fonte: GESRL<\/strong><\/p>\n","protected":false},"excerpt":{"rendered":"<p>\u201cN\u00e3o vamos conseguir executar (o financiamento dispon\u00edvel para os pr\u00f3ximos anos) sem o envolvimento de todos os territ\u00f3rios\u201d. \u00a0O autor da Vis\u00e3o Estrat\u00e9gica para o Plano de Recupera\u00e7\u00e3o Econ\u00f3mica de Portugal 2020-2030 (PRR) lan\u00e7ou na ter\u00e7a-feira, dia 11 de maio, em Leiria, um repto ao Pa\u00eds: \u201cN\u00e3o \u00e9 poss\u00edvel governar as sociedades do conhecimento do [&hellip;]<\/p>\n","protected":false},"author":2,"featured_media":4149,"comment_status":"open","ping_status":"open","sticky":false,"template":"","format":"standard","meta":{"footnotes":""},"categories":[7],"tags":[],"class_list":["post-4144","post","type-post","status-publish","format-standard","has-post-thumbnail","hentry","category-economia"],"_links":{"self":[{"href":"https:\/\/tintafresca.net\/index.php\/wp-json\/wp\/v2\/posts\/4144","targetHints":{"allow":["GET"]}}],"collection":[{"href":"https:\/\/tintafresca.net\/index.php\/wp-json\/wp\/v2\/posts"}],"about":[{"href":"https:\/\/tintafresca.net\/index.php\/wp-json\/wp\/v2\/types\/post"}],"author":[{"embeddable":true,"href":"https:\/\/tintafresca.net\/index.php\/wp-json\/wp\/v2\/users\/2"}],"replies":[{"embeddable":true,"href":"https:\/\/tintafresca.net\/index.php\/wp-json\/wp\/v2\/comments?post=4144"}],"version-history":[{"count":4,"href":"https:\/\/tintafresca.net\/index.php\/wp-json\/wp\/v2\/posts\/4144\/revisions"}],"predecessor-version":[{"id":4151,"href":"https:\/\/tintafresca.net\/index.php\/wp-json\/wp\/v2\/posts\/4144\/revisions\/4151"}],"wp:featuredmedia":[{"embeddable":true,"href":"https:\/\/tintafresca.net\/index.php\/wp-json\/wp\/v2\/media\/4149"}],"wp:attachment":[{"href":"https:\/\/tintafresca.net\/index.php\/wp-json\/wp\/v2\/media?parent=4144"}],"wp:term":[{"taxonomy":"category","embeddable":true,"href":"https:\/\/tintafresca.net\/index.php\/wp-json\/wp\/v2\/categories?post=4144"},{"taxonomy":"post_tag","embeddable":true,"href":"https:\/\/tintafresca.net\/index.php\/wp-json\/wp\/v2\/tags?post=4144"}],"curies":[{"name":"wp","href":"https:\/\/api.w.org\/{rel}","templated":true}]}}