{"id":41463,"date":"2025-10-10T21:01:29","date_gmt":"2025-10-10T21:01:29","guid":{"rendered":"https:\/\/tintafresca.net\/?p=41463"},"modified":"2025-10-10T21:14:49","modified_gmt":"2025-10-10T21:14:49","slug":"uls-oeste-lanca-com-farmacias-comunitarias-projeto-sobre-vigilancia-de-virus-respiratorios","status":"publish","type":"post","link":"https:\/\/tintafresca.net\/index.php\/2025\/10\/10\/uls-oeste-lanca-com-farmacias-comunitarias-projeto-sobre-vigilancia-de-virus-respiratorios\/","title":{"rendered":"ULS Oeste lan\u00e7a com as farm\u00e1cias comunit\u00e1rias projeto sobre vigil\u00e2ncia de v\u00edrus respirat\u00f3rios"},"content":{"rendered":"<div id=\"attachment_41465\" style=\"width: 510px\" class=\"wp-caption alignleft\"><img loading=\"lazy\" decoding=\"async\" aria-describedby=\"caption-attachment-41465\" class=\"wp-image-41465 size-full\" src=\"https:\/\/tintafresca.net\/wp-content\/uploads\/2025\/10\/USF_Oeste_farmacias_gripe10.jpg\" alt=\"\" width=\"500\" height=\"306\" srcset=\"https:\/\/tintafresca.net\/wp-content\/uploads\/2025\/10\/USF_Oeste_farmacias_gripe10.jpg 500w, https:\/\/tintafresca.net\/wp-content\/uploads\/2025\/10\/USF_Oeste_farmacias_gripe10-300x184.jpg 300w\" sizes=\"auto, (max-width: 500px) 100vw, 500px\" \/><p id=\"caption-attachment-41465\" class=\"wp-caption-text\">Sess\u00e3o de apresenta\u00e7\u00e3o do projeto \u00abSistema Integrado de Vigil\u00e2ncia Epidemiol\u00f3gica de V\u00edrus Respirat\u00f3rios\u00bb<\/p><\/div>\n<p>Realizou-se em 22 de setembro de 2025, a sess\u00e3o de apresenta\u00e7\u00e3o do projeto \u00abSistema Integrado de Vigil\u00e2ncia Epidemiol\u00f3gica de V\u00edrus Respirat\u00f3rios\u00bb \u00e0 estrutura associativa das Farm\u00e1cias Comunit\u00e1rias do Oeste, em colabora\u00e7\u00e3o com a Associa\u00e7\u00e3o Nacional das Farm\u00e1cias (ANF), na Unidade Hospitalar de Torres Vedras.<\/p>\n<p>Nesta sess\u00e3o marcaram presen\u00e7a a presidente da ULS Oeste, Dra. Elsa Bai\u00e3o, a presidente da ANF, Dra. Ema Paulino, o coordenador do Departamento de Sa\u00fade P\u00fablica e das Popula\u00e7\u00f5es, Dr. Nuno Rodrigues e os representantes das Farm\u00e1cias Comunit\u00e1rias.<\/p>\n<p>O projeto, que ir\u00e1 decorrer na regi\u00e3o da ULS Oeste, visa aumentar e otimizar a capacidade da Sa\u00fade P\u00fablica na dete\u00e7\u00e3o e resposta a eventos epid\u00e9micos causados por v\u00edrus respirat\u00f3rios, diminuindo a carga de doen\u00e7a na popula\u00e7\u00e3o e a sobrecarga do sistema de sa\u00fade.<\/p>\n<p>Este \u00e9 um projeto piloto inovador por desenhar e implementar o Sistema de Vigil\u00e2ncia da Atividade de V\u00edrus Respirat\u00f3rios nas Farm\u00e1cias Comunit\u00e1rias e com a colabora\u00e7\u00e3o destas, o que permite o aumento do volume, rapidez e representatividade da informa\u00e7\u00e3o, integrando-o na vigil\u00e2ncia epidemiol\u00f3gica realizada no \u00e2mbito do Plano de Conting\u00eancia Sazonal.<\/p>\n<p>O envolvimento das Farm\u00e1cias Comunit\u00e1rias vai ser essencial \u00e0 efetiva\u00e7\u00e3o e ao sucesso deste projeto que ser\u00e1 implementado e testado nesta \u00e9poca outono-inverno.<\/p>\n<p><strong>Sobre a Unidade Local de Sa\u00fade do Oeste:<\/strong><\/p>\n<p>A Unidade Local de Sa\u00fade do Oeste agrega numa \u00fanica entidade o Centro Hospitalar do Oeste, o Agrupamento de Centros de Sa\u00fade do Oeste Norte e o Agrupamento de Centros de Sa\u00fade do Oeste Sul. A ULS do Oeste iniciou o seu funcionamento no dia 1 de janeiro de 2024 e integra os concelhos de Caldas da Rainha, \u00d3bidos, Bombarral, Peniche, Lourinh\u00e3, Cadaval, Torres Vedras, Sobral Monte Agra\u00e7o.<\/p>\n<p>Tem como Miss\u00e3o a resposta integrada \u00e0s necessidades de sa\u00fade da popula\u00e7\u00e3o da sua \u00e1rea de abrang\u00eancia, prestando cuidados de sa\u00fade de forma multidisciplinar, com rigor e excel\u00eancia t\u00e9cnica, cient\u00edfica e organizativa, com \u00e9tica profissional e justi\u00e7a social, assegurando a cada doente os cuidados que correspondam \u00e0s suas necessidades, de acordo com as melhores pr\u00e1ticas cl\u00ednicas e uma eficiente utiliza\u00e7\u00e3o dos recursos dispon\u00edveis.<\/p>\n<p><strong>\u00a0 \u00a0 Fonte: ULS Oeste<\/strong><\/p>\n","protected":false},"excerpt":{"rendered":"<p>Realizou-se em 22 de setembro de 2025, a sess\u00e3o de apresenta\u00e7\u00e3o do projeto \u00abSistema Integrado de Vigil\u00e2ncia Epidemiol\u00f3gica de V\u00edrus Respirat\u00f3rios\u00bb \u00e0 estrutura associativa das Farm\u00e1cias Comunit\u00e1rias do Oeste, em colabora\u00e7\u00e3o com a Associa\u00e7\u00e3o Nacional das Farm\u00e1cias (ANF), na Unidade Hospitalar de Torres Vedras. Nesta sess\u00e3o marcaram presen\u00e7a a presidente da ULS Oeste, Dra. Elsa [&hellip;]<\/p>\n","protected":false},"author":2,"featured_media":41466,"comment_status":"open","ping_status":"open","sticky":false,"template":"","format":"standard","meta":{"footnotes":""},"categories":[6],"tags":[],"class_list":["post-41463","post","type-post","status-publish","format-standard","has-post-thumbnail","hentry","category-saude"],"_links":{"self":[{"href":"https:\/\/tintafresca.net\/index.php\/wp-json\/wp\/v2\/posts\/41463","targetHints":{"allow":["GET"]}}],"collection":[{"href":"https:\/\/tintafresca.net\/index.php\/wp-json\/wp\/v2\/posts"}],"about":[{"href":"https:\/\/tintafresca.net\/index.php\/wp-json\/wp\/v2\/types\/post"}],"author":[{"embeddable":true,"href":"https:\/\/tintafresca.net\/index.php\/wp-json\/wp\/v2\/users\/2"}],"replies":[{"embeddable":true,"href":"https:\/\/tintafresca.net\/index.php\/wp-json\/wp\/v2\/comments?post=41463"}],"version-history":[{"count":3,"href":"https:\/\/tintafresca.net\/index.php\/wp-json\/wp\/v2\/posts\/41463\/revisions"}],"predecessor-version":[{"id":41468,"href":"https:\/\/tintafresca.net\/index.php\/wp-json\/wp\/v2\/posts\/41463\/revisions\/41468"}],"wp:featuredmedia":[{"embeddable":true,"href":"https:\/\/tintafresca.net\/index.php\/wp-json\/wp\/v2\/media\/41466"}],"wp:attachment":[{"href":"https:\/\/tintafresca.net\/index.php\/wp-json\/wp\/v2\/media?parent=41463"}],"wp:term":[{"taxonomy":"category","embeddable":true,"href":"https:\/\/tintafresca.net\/index.php\/wp-json\/wp\/v2\/categories?post=41463"},{"taxonomy":"post_tag","embeddable":true,"href":"https:\/\/tintafresca.net\/index.php\/wp-json\/wp\/v2\/tags?post=41463"}],"curies":[{"name":"wp","href":"https:\/\/api.w.org\/{rel}","templated":true}]}}