{"id":41490,"date":"2025-10-14T23:34:15","date_gmt":"2025-10-14T23:34:15","guid":{"rendered":"https:\/\/tintafresca.net\/?p=41490"},"modified":"2025-10-15T21:53:55","modified_gmt":"2025-10-15T21:53:55","slug":"icnf-cede-casa-florestal-da-mata-nacional-das-mestras-ao-municipio-das-caldas-da-rainha","status":"publish","type":"post","link":"https:\/\/tintafresca.net\/index.php\/2025\/10\/14\/icnf-cede-casa-florestal-da-mata-nacional-das-mestras-ao-municipio-das-caldas-da-rainha\/","title":{"rendered":"ICNF cede Casa Florestal da Mata Nacional das Mestras ao Munic\u00edpio das Caldas da Rainha"},"content":{"rendered":"<div id=\"attachment_38203\" style=\"width: 510px\" class=\"wp-caption alignleft\"><img loading=\"lazy\" decoding=\"async\" aria-describedby=\"caption-attachment-38203\" class=\"wp-image-38203 size-full\" src=\"https:\/\/tintafresca.net\/wp-content\/uploads\/2024\/12\/Camara_Caldas20.jpg\" alt=\"\" width=\"500\" height=\"375\" srcset=\"https:\/\/tintafresca.net\/wp-content\/uploads\/2024\/12\/Camara_Caldas20.jpg 500w, https:\/\/tintafresca.net\/wp-content\/uploads\/2024\/12\/Camara_Caldas20-300x225.jpg 300w\" sizes=\"auto, (max-width: 500px) 100vw, 500px\" \/><p id=\"caption-attachment-38203\" class=\"wp-caption-text\">Sede da C\u00e2mara Municipal de Caldas da Rainha<\/p><\/div>\n<p>O Munic\u00edpio das Caldas da Rainha assinou, dia 8 de outubro, o protocolo de ced\u00eancia da Casa Florestal da Mata Nacional das Mestras, por parte do Instituto de Conserva\u00e7\u00e3o da Natureza e Florestas (ICNF) ao Munic\u00edpio das Caldas da Rainha.<\/p>\n<p>A denominada \u201cCasa Florestal da Mata das Mestras\u201d, integrada no dom\u00ednio privado do Estado Portugu\u00eas, \u00e9 um conjunto de edif\u00edcios em estado devoluto e, atualmente, sem qualquer utiliza\u00e7\u00e3o, com uma \u00e1rea bruta de constru\u00e7\u00e3o de 176 m2 e um logradouro de 118 m2, situado no per\u00edmetro florestal da Mata Nacional das Mestras, na freguesia de Santa Catarina, no concelho de Caldas da Rainha.<\/p>\n<p>Esta ced\u00eancia deve-se ao interesse manifestado pelo Munic\u00edpio de Caldas da Rainha em reabilitar o espa\u00e7o para a cria\u00e7\u00e3o de um Centro de Educa\u00e7\u00e3o Ambiental, cujo objetivo principal ser\u00e1 sensibilizar a popula\u00e7\u00e3o para a preserva\u00e7\u00e3o da biodiversidade, a prote\u00e7\u00e3o da paisagem natural, a preven\u00e7\u00e3o de inc\u00eandios florestais e a promo\u00e7\u00e3o dos valores da natureza e do patrim\u00f3nio natural.<\/p>\n<p>Para todos os efeitos, o edificado cedido continuar\u00e1 a ser propriedade do Estado Portugu\u00eas, sob administra\u00e7\u00e3o do ICNF, passando o Munic\u00edpio das Caldas da Rainha a ter a responsabilidade sobre o seu uso, funcionamento, manuten\u00e7\u00e3o e conserva\u00e7\u00e3o.<\/p>\n<p>A assinatura do protocolo teve lugar na Sala de Sess\u00f5es dos Pa\u00e7os do Concelho das Caldas da Rainha, com a presen\u00e7a do presidente da C\u00e2mara Municipal das Caldas da Rainha, V\u00edtor Marques, e do Diretor Regional da Conserva\u00e7\u00e3o da Natureza e Florestas de Lisboa e Vale do Tejo do ICNF, Carlos Albuquerque.<\/p>\n<p><strong>\u00a0 \u00a0 Fonte: CMCR<\/strong><\/p>\n","protected":false},"excerpt":{"rendered":"<p>O Munic\u00edpio das Caldas da Rainha assinou, dia 8 de outubro, o protocolo de ced\u00eancia da Casa Florestal da Mata Nacional das Mestras, por parte do Instituto de Conserva\u00e7\u00e3o da Natureza e Florestas (ICNF) ao Munic\u00edpio das Caldas da Rainha. A denominada \u201cCasa Florestal da Mata das Mestras\u201d, integrada no dom\u00ednio privado do Estado Portugu\u00eas, [&hellip;]<\/p>\n","protected":false},"author":2,"featured_media":38204,"comment_status":"open","ping_status":"open","sticky":false,"template":"","format":"standard","meta":{"footnotes":""},"categories":[9],"tags":[],"class_list":["post-41490","post","type-post","status-publish","format-standard","has-post-thumbnail","hentry","category-ambiente"],"_links":{"self":[{"href":"https:\/\/tintafresca.net\/index.php\/wp-json\/wp\/v2\/posts\/41490","targetHints":{"allow":["GET"]}}],"collection":[{"href":"https:\/\/tintafresca.net\/index.php\/wp-json\/wp\/v2\/posts"}],"about":[{"href":"https:\/\/tintafresca.net\/index.php\/wp-json\/wp\/v2\/types\/post"}],"author":[{"embeddable":true,"href":"https:\/\/tintafresca.net\/index.php\/wp-json\/wp\/v2\/users\/2"}],"replies":[{"embeddable":true,"href":"https:\/\/tintafresca.net\/index.php\/wp-json\/wp\/v2\/comments?post=41490"}],"version-history":[{"count":5,"href":"https:\/\/tintafresca.net\/index.php\/wp-json\/wp\/v2\/posts\/41490\/revisions"}],"predecessor-version":[{"id":41495,"href":"https:\/\/tintafresca.net\/index.php\/wp-json\/wp\/v2\/posts\/41490\/revisions\/41495"}],"wp:featuredmedia":[{"embeddable":true,"href":"https:\/\/tintafresca.net\/index.php\/wp-json\/wp\/v2\/media\/38204"}],"wp:attachment":[{"href":"https:\/\/tintafresca.net\/index.php\/wp-json\/wp\/v2\/media?parent=41490"}],"wp:term":[{"taxonomy":"category","embeddable":true,"href":"https:\/\/tintafresca.net\/index.php\/wp-json\/wp\/v2\/categories?post=41490"},{"taxonomy":"post_tag","embeddable":true,"href":"https:\/\/tintafresca.net\/index.php\/wp-json\/wp\/v2\/tags?post=41490"}],"curies":[{"name":"wp","href":"https:\/\/api.w.org\/{rel}","templated":true}]}}