{"id":41886,"date":"2025-11-28T19:10:34","date_gmt":"2025-11-28T19:10:34","guid":{"rendered":"https:\/\/tintafresca.net\/?p=41886"},"modified":"2025-11-30T00:06:02","modified_gmt":"2025-11-30T00:06:02","slug":"arquiteto-rui-serrano-e-o-novo-presidente-da-direcao-da-nersant","status":"publish","type":"post","link":"https:\/\/tintafresca.net\/index.php\/2025\/11\/28\/arquiteto-rui-serrano-e-o-novo-presidente-da-direcao-da-nersant\/","title":{"rendered":"Arquiteto Rui Serrano \u00e9 o novo presidente da Dire\u00e7\u00e3o da NERSANT"},"content":{"rendered":"<div id=\"attachment_41888\" style=\"width: 360px\" class=\"wp-caption alignleft\"><img loading=\"lazy\" decoding=\"async\" aria-describedby=\"caption-attachment-41888\" class=\"wp-image-41888 size-full\" src=\"https:\/\/tintafresca.net\/wp-content\/uploads\/2025\/11\/Nersant-arq.-rui-serrano100.jpg\" alt=\"\" width=\"350\" height=\"350\" srcset=\"https:\/\/tintafresca.net\/wp-content\/uploads\/2025\/11\/Nersant-arq.-rui-serrano100.jpg 350w, https:\/\/tintafresca.net\/wp-content\/uploads\/2025\/11\/Nersant-arq.-rui-serrano100-300x300.jpg 300w, https:\/\/tintafresca.net\/wp-content\/uploads\/2025\/11\/Nersant-arq.-rui-serrano100-150x150.jpg 150w\" sizes=\"auto, (max-width: 350px) 100vw, 350px\" \/><p id=\"caption-attachment-41888\" class=\"wp-caption-text\">Rui Serrano<\/p><\/div>\n<p>Rui Serrano, representante da empresa Modo Associados \u2013 Arquitetura e Engenharia e at\u00e9 agora Vice-presidente da Dire\u00e7\u00e3o, sucede a partir de 27 de novembro, a Ant\u00f3nio Pedroso Leal na presid\u00eancia da Dire\u00e7\u00e3o da NERSANT \u2013 Associa\u00e7\u00e3o Empresarial da Regi\u00e3o de Santar\u00e9m \/ C\u00e2mara de Com\u00e9rcio e Ind\u00fastria, que abdicou do lugar por motivos pessoais.<\/p>\n<p>Com mais de 25 anos de carreira, Rui Serrano \u00e9 arquiteto de profiss\u00e3o, sendo s\u00f3cio-gerente da Associados \u2013 Arquitetura e Engenharia, empresa com sede no Sardoal, desde 2017. Trabalhou 12 anos na TAGUS &#8211; Ribatejo Interior, acumulando experi\u00eancia em projetos de arquitetura e urbanismo de grande relev\u00e2ncia regional. Desempenhou tamb\u00e9m fun\u00e7\u00f5es aut\u00e1rquicas como vice-presidente da C\u00e2mara Municipal de Abrantes (2009-2013) e vice-presidente e vereador da C\u00e2mara Municipal de Tomar (2013-2016).<\/p>\n<p>Na Ordem dos Arquitetos, Rui Serrano ocupou cargos de destaque, incluindo presidente do N\u00facleo do M\u00e9dio Tejo (2005-2007), vogal do Conselho Regional Sul (2007-2008), vogal do Conselho Nacional (2021-2023) e atualmente Conselheiro do Conselho de Supervis\u00e3o.<\/p>\n<p>\u00c9 doutorando em Arquitetura dos Territ\u00f3rios Metropolitanos Contempor\u00e2neos no ISCTE-IUL, com a tese \u201cO Quadril\u00e1tero Urbano do M\u00e9dio Tejo\u201d, e concluiu um MBA em Regenera\u00e7\u00e3o Urbana (2014), refletindo a sua aten\u00e7\u00e3o \u00e0 valoriza\u00e7\u00e3o do territ\u00f3rio regional.<\/p>\n<p>Com uma forte liga\u00e7\u00e3o ao movimento associativo e ao desenvolvimento econ\u00f3mico do M\u00e9dio Tejo e Ribatejo, Rui Serrano assume a lideran\u00e7a da NERSANT com o compromisso de dar continuidade ao trabalho desenvolvido, refor\u00e7ar a proximidade com o tecido empresarial e consolidar o papel da associa\u00e7\u00e3o enquanto agente impulsionador da competitividade regional. \u201c\u00c9 uma honra liderar a NERSANT neste momento e trabalhar para aproximar empresas, jovens e institui\u00e7\u00f5es, fortalecendo a nossa regi\u00e3o\u201d, afirmou Rui Serrano.<\/p>\n<p>A Dire\u00e7\u00e3o da NERSANT agradece a Ant\u00f3nio Pedroso Leal pelo seu mandato e inicia agora um novo ciclo de lideran\u00e7a, focado na continuidade, inova\u00e7\u00e3o e impacto econ\u00f3mico regional.<\/p>\n<p><strong>\u00a0 \u00a0 \u00a0Fonte: NERSANT<\/strong><\/p>\n","protected":false},"excerpt":{"rendered":"<p>Rui Serrano, representante da empresa Modo Associados \u2013 Arquitetura e Engenharia e at\u00e9 agora Vice-presidente da Dire\u00e7\u00e3o, sucede a partir de 27 de novembro, a Ant\u00f3nio Pedroso Leal na presid\u00eancia da Dire\u00e7\u00e3o da NERSANT \u2013 Associa\u00e7\u00e3o Empresarial da Regi\u00e3o de Santar\u00e9m \/ C\u00e2mara de Com\u00e9rcio e Ind\u00fastria, que abdicou do lugar por motivos pessoais. Com [&hellip;]<\/p>\n","protected":false},"author":2,"featured_media":41890,"comment_status":"open","ping_status":"open","sticky":false,"template":"","format":"standard","meta":{"footnotes":""},"categories":[7],"tags":[],"class_list":["post-41886","post","type-post","status-publish","format-standard","has-post-thumbnail","hentry","category-economia"],"_links":{"self":[{"href":"https:\/\/tintafresca.net\/index.php\/wp-json\/wp\/v2\/posts\/41886","targetHints":{"allow":["GET"]}}],"collection":[{"href":"https:\/\/tintafresca.net\/index.php\/wp-json\/wp\/v2\/posts"}],"about":[{"href":"https:\/\/tintafresca.net\/index.php\/wp-json\/wp\/v2\/types\/post"}],"author":[{"embeddable":true,"href":"https:\/\/tintafresca.net\/index.php\/wp-json\/wp\/v2\/users\/2"}],"replies":[{"embeddable":true,"href":"https:\/\/tintafresca.net\/index.php\/wp-json\/wp\/v2\/comments?post=41886"}],"version-history":[{"count":3,"href":"https:\/\/tintafresca.net\/index.php\/wp-json\/wp\/v2\/posts\/41886\/revisions"}],"predecessor-version":[{"id":41891,"href":"https:\/\/tintafresca.net\/index.php\/wp-json\/wp\/v2\/posts\/41886\/revisions\/41891"}],"wp:featuredmedia":[{"embeddable":true,"href":"https:\/\/tintafresca.net\/index.php\/wp-json\/wp\/v2\/media\/41890"}],"wp:attachment":[{"href":"https:\/\/tintafresca.net\/index.php\/wp-json\/wp\/v2\/media?parent=41886"}],"wp:term":[{"taxonomy":"category","embeddable":true,"href":"https:\/\/tintafresca.net\/index.php\/wp-json\/wp\/v2\/categories?post=41886"},{"taxonomy":"post_tag","embeddable":true,"href":"https:\/\/tintafresca.net\/index.php\/wp-json\/wp\/v2\/tags?post=41886"}],"curies":[{"name":"wp","href":"https:\/\/api.w.org\/{rel}","templated":true}]}}