{"id":42014,"date":"2025-12-10T13:10:10","date_gmt":"2025-12-10T13:10:10","guid":{"rendered":"https:\/\/tintafresca.net\/?p=42014"},"modified":"2025-12-10T13:25:29","modified_gmt":"2025-12-10T13:25:29","slug":"andre-sousa-eleito-presidente-da-direcao-da-adae","status":"publish","type":"post","link":"https:\/\/tintafresca.net\/index.php\/2025\/12\/10\/andre-sousa-eleito-presidente-da-direcao-da-adae\/","title":{"rendered":"Andr\u00e9 Sousa eleito presidente da Dire\u00e7\u00e3o da ADAE"},"content":{"rendered":"<div id=\"attachment_42015\" style=\"width: 407px\" class=\"wp-caption alignleft\"><img loading=\"lazy\" decoding=\"async\" aria-describedby=\"caption-attachment-42015\" class=\"wp-image-42015 size-full\" src=\"https:\/\/tintafresca.net\/wp-content\/uploads\/2025\/12\/Batalha_Presidente_Andre_Sousa10.jpg\" alt=\"\" width=\"397\" height=\"560\" srcset=\"https:\/\/tintafresca.net\/wp-content\/uploads\/2025\/12\/Batalha_Presidente_Andre_Sousa10.jpg 397w, https:\/\/tintafresca.net\/wp-content\/uploads\/2025\/12\/Batalha_Presidente_Andre_Sousa10-213x300.jpg 213w\" sizes=\"auto, (max-width: 397px) 100vw, 397px\" \/><p id=\"caption-attachment-42015\" class=\"wp-caption-text\">Andr\u00e9 Sousa<\/p><\/div>\n<p>A Associa\u00e7\u00e3o de Desenvolvimento da Alta Estremadura (ADAE) elegeu os seus \u00f3rg\u00e3os sociais para o bi\u00e9nio 2026-2027, passando a Dire\u00e7\u00e3o a ser presidida por Andr\u00e9 Sousa, presidente da C\u00e2mara Municipal da Batalha. Integram ainda a Dire\u00e7\u00e3o representantes dos Munic\u00edpios de Leiria e Porto de M\u00f3s, bem como da NERLEI\u2013CCI e da ACILIS, assegurando uma composi\u00e7\u00e3o plural e representativa do tecido institucional e econ\u00f3mico da regi\u00e3o.<\/p>\n<p>A Assembleia Geral \u00e9 presidida pela CIM da Regi\u00e3o de Leiria, contando com o Polit\u00e9cnico de Leiria e o Orfe\u00e3o de Leiria como secret\u00e1rios, enquanto o Conselho Fiscal ser\u00e1 presidido pela C\u00e2mara Municipal da Marinha Grande, acompanhado pela Escola Profissional de Leiria e pela RESIPINUS.<\/p>\n<p>Com esta nova lideran\u00e7a, a ADAE inicia um ciclo centrado no refor\u00e7o da proximidade ao territ\u00f3rio, assumindo como prioridade a divulga\u00e7\u00e3o e o acompanhamento das oportunidades de financiamento no \u00e2mbito do DLBC Rural 2030 e do DLBC Mar 2030. Estes dois instrumentos, determinantes para a competitividade do meio rural, para o desenvolvimento costeiro e para a dinamiza\u00e7\u00e3o das atividades agr\u00edcolas, econ\u00f3micas, culturais e ambientais, exigem uma atua\u00e7\u00e3o mais presente, mais acess\u00edvel e mais articulada com todos os parceiros locais.<\/p>\n<p>Andr\u00e9 Sousa destaca a import\u00e2ncia de a ADAE refor\u00e7ar a sua presen\u00e7a junto das comunidades, \u201clevando a informa\u00e7\u00e3o onde ela faz realmente falta\u201d e garantindo que agricultores, empresas, associa\u00e7\u00f5es e autarquias disp\u00f5em do apoio necess\u00e1rio para preparar candidaturas de qualidade. Neste novo mandato, ser\u00e1 dada particular aten\u00e7\u00e3o ao trabalho em rede com as juntas de freguesia, entidades fundamentais para aproximar a associa\u00e7\u00e3o das popula\u00e7\u00f5es e identificar necessidades, oportunidades e projetos emergentes.<\/p>\n<p>A aposta passa por mobilizar todos os parceiros institucionais, econ\u00f3micos e sociais dos quatro concelhos: Batalha, Leiria, Marinha Grande e Porto de M\u00f3s, promovendo um modelo de governa\u00e7\u00e3o colaborativo que valorize o conhecimento t\u00e9cnico da ADAE e a experi\u00eancia do territ\u00f3rio. O objetivo \u00e9 claro: assegurar que os fundos dispon\u00edveis chegam de forma eficiente \u00e0s comunidades, fortalecendo a coes\u00e3o, a sustentabilidade e o desenvolvimento econ\u00f3mico e social da Alta Estremadura, num contexto em que o novo quadro comunit\u00e1rio representa uma oportunidade decisiva para o futuro da regi\u00e3o.<\/p>\n","protected":false},"excerpt":{"rendered":"<p>A Associa\u00e7\u00e3o de Desenvolvimento da Alta Estremadura (ADAE) elegeu os seus \u00f3rg\u00e3os sociais para o bi\u00e9nio 2026-2027, passando a Dire\u00e7\u00e3o a ser presidida por Andr\u00e9 Sousa, presidente da C\u00e2mara Municipal da Batalha. Integram ainda a Dire\u00e7\u00e3o representantes dos Munic\u00edpios de Leiria e Porto de M\u00f3s, bem como da NERLEI\u2013CCI e da ACILIS, assegurando uma composi\u00e7\u00e3o [&hellip;]<\/p>\n","protected":false},"author":2,"featured_media":42016,"comment_status":"open","ping_status":"open","sticky":false,"template":"","format":"standard","meta":{"footnotes":""},"categories":[7],"tags":[],"class_list":["post-42014","post","type-post","status-publish","format-standard","has-post-thumbnail","hentry","category-economia"],"_links":{"self":[{"href":"https:\/\/tintafresca.net\/index.php\/wp-json\/wp\/v2\/posts\/42014","targetHints":{"allow":["GET"]}}],"collection":[{"href":"https:\/\/tintafresca.net\/index.php\/wp-json\/wp\/v2\/posts"}],"about":[{"href":"https:\/\/tintafresca.net\/index.php\/wp-json\/wp\/v2\/types\/post"}],"author":[{"embeddable":true,"href":"https:\/\/tintafresca.net\/index.php\/wp-json\/wp\/v2\/users\/2"}],"replies":[{"embeddable":true,"href":"https:\/\/tintafresca.net\/index.php\/wp-json\/wp\/v2\/comments?post=42014"}],"version-history":[{"count":1,"href":"https:\/\/tintafresca.net\/index.php\/wp-json\/wp\/v2\/posts\/42014\/revisions"}],"predecessor-version":[{"id":42017,"href":"https:\/\/tintafresca.net\/index.php\/wp-json\/wp\/v2\/posts\/42014\/revisions\/42017"}],"wp:featuredmedia":[{"embeddable":true,"href":"https:\/\/tintafresca.net\/index.php\/wp-json\/wp\/v2\/media\/42016"}],"wp:attachment":[{"href":"https:\/\/tintafresca.net\/index.php\/wp-json\/wp\/v2\/media?parent=42014"}],"wp:term":[{"taxonomy":"category","embeddable":true,"href":"https:\/\/tintafresca.net\/index.php\/wp-json\/wp\/v2\/categories?post=42014"},{"taxonomy":"post_tag","embeddable":true,"href":"https:\/\/tintafresca.net\/index.php\/wp-json\/wp\/v2\/tags?post=42014"}],"curies":[{"name":"wp","href":"https:\/\/api.w.org\/{rel}","templated":true}]}}