{"id":4224,"date":"2021-05-19T20:50:36","date_gmt":"2021-05-19T20:50:36","guid":{"rendered":"https:\/\/tintafresca.net\/?p=4224"},"modified":"2021-05-19T20:59:40","modified_gmt":"2021-05-19T20:59:40","slug":"lourinha-assinala-dia-europeu-do-mar-e-dia-internacional-da-biodiversidade-com-duas-acoes-de-sensibilizacao-ambiental","status":"publish","type":"post","link":"https:\/\/tintafresca.net\/index.php\/2021\/05\/19\/lourinha-assinala-dia-europeu-do-mar-e-dia-internacional-da-biodiversidade-com-duas-acoes-de-sensibilizacao-ambiental\/","title":{"rendered":"Lourinh\u00e3 assinala Dia Europeu do Mar e Dia Internacional da Biodiversidade com duas a\u00e7\u00f5es de sensibiliza\u00e7\u00e3o ambiental"},"content":{"rendered":"<div id=\"attachment_4227\" style=\"width: 510px\" class=\"wp-caption alignleft\"><img loading=\"lazy\" decoding=\"async\" aria-describedby=\"caption-attachment-4227\" class=\"wp-image-4227 size-full\" src=\"https:\/\/tintafresca.net\/wp-content\/uploads\/2021\/05\/Lourinha_PraiaPortoDinheiro.png\" alt=\"\" width=\"500\" height=\"332\" \/><p id=\"caption-attachment-4227\" class=\"wp-caption-text\">Praia de Porto Dinheiro<\/p><\/div>\n<p>O Munic\u00edpio da Lourinh\u00e3 vai assinalar o Dia Europeu do Mar (20 de maio) e o Dia Internacional da Biodiversidade (22 de maio) com duas a\u00e7\u00f5es de sensibiliza\u00e7\u00e3o ambiental direcionadas aos alunos de Eco Escolas do concelho, concretamente \u00e0 Escola B\u00e1sica Salvador Leonardo Ferreira e \u00e0 Escola B\u00e1sica 2,3 Dr. Jo\u00e3o das Regras.<\/p>\n<p>As a\u00e7\u00f5es ter\u00e3o lugar, respetivamente, na Praia de Porto Dinheiro e na Praia da Peralta e ter\u00e3o por objetivos alertar os alunos para os problemas relacionados com a polui\u00e7\u00e3o dos oceanos e dos mares, consciencializando-os para a problem\u00e1tica do lixo marinho e a premente necessidade de preserva\u00e7\u00e3o dos ecossistemas marinhos e costeiros.<\/p>\n<p>Pretende-se que, no final dos dois dias, estes alunos adotem ou reforcem comportamentos ambientalmente corretos e ajudem a reduzir os res\u00edduos gerados nas praias, seja atrav\u00e9s dos seus pr\u00f3prios comportamentos ou da sensibiliza\u00e7\u00e3o que possam realizar junto das suas comunidades.<\/p>\n<p>No dia 20, Dia Europeu do Mar, os alunos da Escola B\u00e1sica Salvador Leonardo Ferreira ir\u00e3o realizar uma limpeza da Praia de Porto Dinheiro e preencher um question\u00e1rio, elaborado pelo projeto Coastwatch Portugal, projeto europeu de educa\u00e7\u00e3o ambiental e ci\u00eancia cidad\u00e3, que incide na caracteriza\u00e7\u00e3o da biodiversidade, da zona\u00e7\u00e3o costeira, dos res\u00edduos, das contamina\u00e7\u00f5es e das press\u00f5es naturais e antr\u00f3picas do litoral portugu\u00eas.<\/p>\n<p>Foi ainda convidada a Associa\u00e7\u00e3o de Desenvolvimento e Apoio \u00e0s Pescas de Porto Dinheiro, que ir\u00e1 fornecer informa\u00e7\u00f5es aos alunos, sobre as piscinas naturais existentes na zona da Malhada, da Praia de Porto Dinheiro.<\/p>\n<p>A a\u00e7\u00e3o de dia 21, que remete para Dia Internacional da Biodiversidade, ser\u00e1 realizada em parceria com o aspiring Geoparque Oeste, na Praia da Peralta e ser\u00e1 dirigida aos alunos da Escola B\u00e1sica 2,3 Dr. Jo\u00e3o das Regras. Para al\u00e9m da limpeza da praia e do preenchimento do inqu\u00e9rito, ser\u00e1 feita a apresenta\u00e7\u00e3o deste aspirante a geoparque mundial da UNESCO aos presentes e um ge\u00f3logo daquela entidade dar\u00e1 uma explica\u00e7\u00e3o sobre a geologia da Peralta.<\/p>\n<p>A grelha das atividades \u00e9 a seguinte:<\/p>\n<table style=\"height: 508px;\" width=\"565\">\n<tbody>\n<tr>\n<td width=\"208\">Dia 20 de maio<\/td>\n<td width=\"283\">Dia 21 de maio<\/td>\n<\/tr>\n<tr>\n<td width=\"208\">Praia de Porto Dinheiro<\/td>\n<td width=\"283\">Praia da Peralta<\/td>\n<\/tr>\n<tr>\n<td width=\"208\">Escola B\u00e1sica Salvador Leonardo Ferreira<\/td>\n<td width=\"283\">Escola B\u00e1sica 2,3 Dr. Jo\u00e3o das Regras<\/td>\n<\/tr>\n<tr>\n<td width=\"208\">Hor\u00e1rio da atividade: 10h30 \u2013 15h<\/td>\n<td width=\"283\">Hor\u00e1rio da atividade: 09h30 \u2013 13h00<\/td>\n<\/tr>\n<tr>\n<td width=\"208\">Limpeza da praia + preenchimento de inqu\u00e9rito<\/td>\n<td width=\"283\">Limpeza da praia + preenchimento de inqu\u00e9rito<\/td>\n<\/tr>\n<tr>\n<td width=\"208\">Explica\u00e7\u00e3o \u2013 piscinas naturais Malhada<\/td>\n<td width=\"283\">Apresenta\u00e7\u00e3o aspiring Geopaque Oeste + Explica\u00e7\u00e3o geologia do espa\u00e7o<\/td>\n<\/tr>\n<\/tbody>\n<\/table>\n<p><strong> Fonte: CL|CCI|CML<\/strong><\/p>\n","protected":false},"excerpt":{"rendered":"<p>O Munic\u00edpio da Lourinh\u00e3 vai assinalar o Dia Europeu do Mar (20 de maio) e o Dia Internacional da Biodiversidade (22 de maio) com duas a\u00e7\u00f5es de sensibiliza\u00e7\u00e3o ambiental direcionadas aos alunos de Eco Escolas do concelho, concretamente \u00e0 Escola B\u00e1sica Salvador Leonardo Ferreira e \u00e0 Escola B\u00e1sica 2,3 Dr. Jo\u00e3o das Regras. As a\u00e7\u00f5es [&hellip;]<\/p>\n","protected":false},"author":2,"featured_media":4229,"comment_status":"open","ping_status":"open","sticky":false,"template":"","format":"standard","meta":{"footnotes":""},"categories":[9],"tags":[],"class_list":["post-4224","post","type-post","status-publish","format-standard","has-post-thumbnail","hentry","category-ambiente"],"_links":{"self":[{"href":"https:\/\/tintafresca.net\/index.php\/wp-json\/wp\/v2\/posts\/4224","targetHints":{"allow":["GET"]}}],"collection":[{"href":"https:\/\/tintafresca.net\/index.php\/wp-json\/wp\/v2\/posts"}],"about":[{"href":"https:\/\/tintafresca.net\/index.php\/wp-json\/wp\/v2\/types\/post"}],"author":[{"embeddable":true,"href":"https:\/\/tintafresca.net\/index.php\/wp-json\/wp\/v2\/users\/2"}],"replies":[{"embeddable":true,"href":"https:\/\/tintafresca.net\/index.php\/wp-json\/wp\/v2\/comments?post=4224"}],"version-history":[{"count":3,"href":"https:\/\/tintafresca.net\/index.php\/wp-json\/wp\/v2\/posts\/4224\/revisions"}],"predecessor-version":[{"id":4230,"href":"https:\/\/tintafresca.net\/index.php\/wp-json\/wp\/v2\/posts\/4224\/revisions\/4230"}],"wp:featuredmedia":[{"embeddable":true,"href":"https:\/\/tintafresca.net\/index.php\/wp-json\/wp\/v2\/media\/4229"}],"wp:attachment":[{"href":"https:\/\/tintafresca.net\/index.php\/wp-json\/wp\/v2\/media?parent=4224"}],"wp:term":[{"taxonomy":"category","embeddable":true,"href":"https:\/\/tintafresca.net\/index.php\/wp-json\/wp\/v2\/categories?post=4224"},{"taxonomy":"post_tag","embeddable":true,"href":"https:\/\/tintafresca.net\/index.php\/wp-json\/wp\/v2\/tags?post=4224"}],"curies":[{"name":"wp","href":"https:\/\/api.w.org\/{rel}","templated":true}]}}