{"id":42389,"date":"2026-01-24T22:40:06","date_gmt":"2026-01-24T22:40:06","guid":{"rendered":"https:\/\/tintafresca.net\/?p=42389"},"modified":"2026-01-25T11:26:23","modified_gmt":"2026-01-25T11:26:23","slug":"municipio-do-cartaxo-e-gnr-reforcam-seguranca-com-sistema-de-videovigilancia","status":"publish","type":"post","link":"https:\/\/tintafresca.net\/index.php\/2026\/01\/24\/municipio-do-cartaxo-e-gnr-reforcam-seguranca-com-sistema-de-videovigilancia\/","title":{"rendered":"Munic\u00edpio do Cartaxo e GNR refor\u00e7am seguran\u00e7a com sistema de videovigil\u00e2ncia"},"content":{"rendered":"<div id=\"attachment_42391\" style=\"width: 510px\" class=\"wp-caption alignleft\"><img loading=\"lazy\" decoding=\"async\" aria-describedby=\"caption-attachment-42391\" class=\"wp-image-42391 size-full\" src=\"https:\/\/tintafresca.net\/wp-content\/uploads\/2026\/01\/Cartaxo_videovigilancia10.jpg\" alt=\"\" width=\"500\" height=\"333\" srcset=\"https:\/\/tintafresca.net\/wp-content\/uploads\/2026\/01\/Cartaxo_videovigilancia10.jpg 500w, https:\/\/tintafresca.net\/wp-content\/uploads\/2026\/01\/Cartaxo_videovigilancia10-300x200.jpg 300w\" sizes=\"auto, (max-width: 500px) 100vw, 500px\" \/><p id=\"caption-attachment-42391\" class=\"wp-caption-text\">Coronel Pedro Miguel Duarte da Gra\u00e7a e presidente Jo\u00e3o Ferreira Heitor<\/p><\/div>\n<p><span style=\"font-size: medium;\">O Munic\u00edpio do Cartaxo e a Guarda Nacional Republicana (GNR) celebraram um Protocolo de Coopera\u00e7\u00e3o para a implementa\u00e7\u00e3o e ativa\u00e7\u00e3o de um sistema de videovigil\u00e2ncia em v\u00e1rios espa\u00e7os p\u00fablicos do concelho, com o objetivo de refor\u00e7ar a seguran\u00e7a de pessoas e bens e prevenir a pr\u00e1tica de il\u00edcitos criminais. <\/span><\/p>\n<p><span style=\"font-size: medium;\">O acordo foi assinado pelo presidente da C\u00e2mara Municipal do Cartaxo, Jo\u00e3o Ferreira Heitor, e pelo comandante do Comando Territorial de Santar\u00e9m da GNR, Coronel Pedro Miguel Duarte da Gra\u00e7a, e resulta de uma estrat\u00e9gia conjunta de coopera\u00e7\u00e3o institucional entre a autarquia e as for\u00e7as de seguran\u00e7a. <\/span><\/p>\n<p><span style=\"font-size: medium;\">O sistema de videovigil\u00e2ncia ser\u00e1 instalado em locais considerados estrat\u00e9gicos, nomeadamente parques de estacionamento, zonas centrais e eixos rodovi\u00e1rios, abrangendo inicialmente as freguesias de Pont\u00e9vel, Vale da Pedra e Vila Ch\u00e3 de Ourique. A medida visa refor\u00e7ar o sentimento de seguran\u00e7a da popula\u00e7\u00e3o, apoiar a atividade policial e aumentar a efic\u00e1cia da preven\u00e7\u00e3o e resposta a situa\u00e7\u00f5es de risco, sempre no estrito cumprimento da legisla\u00e7\u00e3o em vigor e das normas de prote\u00e7\u00e3o de dados.<\/span><\/p>\n<p><span style=\"font-size: medium;\">No \u00e2mbito do protocolo, o Munic\u00edpio do Cartaxo assegura a aquisi\u00e7\u00e3o, instala\u00e7\u00e3o, manuten\u00e7\u00e3o e sinaliza\u00e7\u00e3o do sistema, enquanto a GNR ser\u00e1 respons\u00e1vel pela sua opera\u00e7\u00e3o, monitoriza\u00e7\u00e3o e utiliza\u00e7\u00e3o exclusiva.<\/span><\/p>\n<p><span style=\"font-size: medium;\">Para o presidente da C\u00e2mara Municipal do Cartaxo, Jo\u00e3o Ferreira Heitor, \u201ca seguran\u00e7a das pessoas \u00e9 uma prioridade absoluta. Este protocolo representa um passo importante no refor\u00e7o da tranquilidade p\u00fablica no concelho, apostando numa l\u00f3gica de preven\u00e7\u00e3o, proximidade e coopera\u00e7\u00e3o com a GNR, sempre com total respeito pelos direitos, liberdades e garantias dos cidad\u00e3os\u201d.<\/span><\/p>\n<p><span style=\"font-size: medium;\">Este protocolo reafirma o compromisso do Munic\u00edpio do Cartaxo com pol\u00edticas p\u00fablicas de seguran\u00e7a que promovem a qualidade de vida, a confian\u00e7a da popula\u00e7\u00e3o e a valoriza\u00e7\u00e3o do espa\u00e7o p\u00fablico.<\/span><\/p>\n<p><strong>\u00a0 \u00a0 Fonte: MS|UFC|CMC<\/strong><\/p>\n","protected":false},"excerpt":{"rendered":"<p>O Munic\u00edpio do Cartaxo e a Guarda Nacional Republicana (GNR) celebraram um Protocolo de Coopera\u00e7\u00e3o para a implementa\u00e7\u00e3o e ativa\u00e7\u00e3o de um sistema de videovigil\u00e2ncia em v\u00e1rios espa\u00e7os p\u00fablicos do concelho, com o objetivo de refor\u00e7ar a seguran\u00e7a de pessoas e bens e prevenir a pr\u00e1tica de il\u00edcitos criminais. O acordo foi assinado pelo presidente [&hellip;]<\/p>\n","protected":false},"author":2,"featured_media":42393,"comment_status":"open","ping_status":"open","sticky":false,"template":"","format":"standard","meta":{"footnotes":""},"categories":[11],"tags":[],"class_list":["post-42389","post","type-post","status-publish","format-standard","has-post-thumbnail","hentry","category-sociedade"],"_links":{"self":[{"href":"https:\/\/tintafresca.net\/index.php\/wp-json\/wp\/v2\/posts\/42389","targetHints":{"allow":["GET"]}}],"collection":[{"href":"https:\/\/tintafresca.net\/index.php\/wp-json\/wp\/v2\/posts"}],"about":[{"href":"https:\/\/tintafresca.net\/index.php\/wp-json\/wp\/v2\/types\/post"}],"author":[{"embeddable":true,"href":"https:\/\/tintafresca.net\/index.php\/wp-json\/wp\/v2\/users\/2"}],"replies":[{"embeddable":true,"href":"https:\/\/tintafresca.net\/index.php\/wp-json\/wp\/v2\/comments?post=42389"}],"version-history":[{"count":3,"href":"https:\/\/tintafresca.net\/index.php\/wp-json\/wp\/v2\/posts\/42389\/revisions"}],"predecessor-version":[{"id":42394,"href":"https:\/\/tintafresca.net\/index.php\/wp-json\/wp\/v2\/posts\/42389\/revisions\/42394"}],"wp:featuredmedia":[{"embeddable":true,"href":"https:\/\/tintafresca.net\/index.php\/wp-json\/wp\/v2\/media\/42393"}],"wp:attachment":[{"href":"https:\/\/tintafresca.net\/index.php\/wp-json\/wp\/v2\/media?parent=42389"}],"wp:term":[{"taxonomy":"category","embeddable":true,"href":"https:\/\/tintafresca.net\/index.php\/wp-json\/wp\/v2\/categories?post=42389"},{"taxonomy":"post_tag","embeddable":true,"href":"https:\/\/tintafresca.net\/index.php\/wp-json\/wp\/v2\/tags?post=42389"}],"curies":[{"name":"wp","href":"https:\/\/api.w.org\/{rel}","templated":true}]}}