{"id":42402,"date":"2026-01-26T19:28:46","date_gmt":"2026-01-26T19:28:46","guid":{"rendered":"https:\/\/tintafresca.net\/?p=42402"},"modified":"2026-01-27T22:11:33","modified_gmt":"2026-01-27T22:11:33","slug":"quercus-subscreve-criticas-de-especialistas-e-alerta-para-pressao-do-governo-sobre-o-icnf","status":"publish","type":"post","link":"https:\/\/tintafresca.net\/index.php\/2026\/01\/26\/quercus-subscreve-criticas-de-especialistas-e-alerta-para-pressao-do-governo-sobre-o-icnf\/","title":{"rendered":"Quercus subscreve cr\u00edticas de especialistas e alerta para press\u00e3o do Governo sobre o ICNF"},"content":{"rendered":"<p><img loading=\"lazy\" decoding=\"async\" class=\"alignleft wp-image-42404 size-full\" src=\"https:\/\/tintafresca.net\/wp-content\/uploads\/2026\/01\/ICNF.webp\" alt=\"\" width=\"474\" height=\"249\" srcset=\"https:\/\/tintafresca.net\/wp-content\/uploads\/2026\/01\/ICNF.webp 474w, https:\/\/tintafresca.net\/wp-content\/uploads\/2026\/01\/ICNF-300x158.webp 300w\" sizes=\"auto, (max-width: 474px) 100vw, 474px\" \/>A Quercus \u2013 Associa\u00e7\u00e3o Nacional de Conserva\u00e7\u00e3o da Natureza veio publicamente manifestar, no dia 27 de janeiro, a sua profunda preocupa\u00e7\u00e3o e total subscri\u00e7\u00e3o da posi\u00e7\u00e3o por um conjunto alargado de especialistas, relativamente \u00e0s recentes declara\u00e7\u00f5es do Ministro da Agricultura dirigidas aos dirigentes do Instituto da Conserva\u00e7\u00e3o da Natureza e das Florestas (ICNF). Para a Quercus, o epis\u00f3dio do v\u00eddeo enviado pela tutela n\u00e3o pode ser minimizado como um mero lapso de linguagem. Trata-se de um sinal pol\u00edtico alarmante que p\u00f5e em causa a autonomia t\u00e9cnica de um organismo que j\u00e1 sobrevive asfixiado pela falta de recursos humanos e meios log\u00edsticos.<\/p>\n<p>A Associa\u00e7\u00e3o Nacional de Conserva\u00e7\u00e3o da Natureza, presidida por Alexandra Azevedo, refor\u00e7a que a sugest\u00e3o de que a \u201csensatez\u201d possa prevalecer sobre o cumprimento rigoroso da lei representa uma fratura conceptual perigosa. Num Estado de Direito, a legalidade ambiental n\u00e3o \u00e9 uma sugest\u00e3o male\u00e1vel, mas sim o \u00fanico referencial da a\u00e7\u00e3o administrativa.<\/p>\n<p>A Quercus\u00a0 recorda que &#8220;o ICNF n\u00e3o \u00e9 um \u201cFacilitador\u201d de Projetos nem de neg\u00f3cios. A associa\u00e7\u00e3o reitera que a miss\u00e3o do ICNF \u00e9 avaliar e escrutinar com base na ci\u00eancia. A reprova\u00e7\u00e3o de projetos ambientalmente invi\u00e1veis n\u00e3o \u00e9 um falhan\u00e7o do sistema mas sim a prova da sua integridade e independ\u00eancia do poder pol\u00edtico e econ\u00f3mico. Pressionar o instituto para \u201cfacilitar\u201d ou acelerar processos \u00e0 custa do rigor t\u00e9cnico \u00e9 desvirtuar a sua miss\u00e3o fundamental e expor o territ\u00f3rio a riscos irrevers\u00edveis.&#8221;<\/p>\n<p>A Quercus aproveita este momento para denunciar o que considera ser um erro estrutural profundo: a manuten\u00e7\u00e3o do ICNF numa tutela entre a Agricultura e o Ambiente. Esta solu\u00e7\u00e3o governativa:<\/p>\n<p>&#8211; Cria um limbo institucional que enfraquece o mandato de conserva\u00e7\u00e3o.<\/p>\n<p>&#8211; Abre espa\u00e7o a interfer\u00eancias contradit\u00f3rias e press\u00f5es setoriais.<\/p>\n<p>&#8211; Subordina a biodiversidade a interesses produtivistas que deveriam, eles pr\u00f3prios, ser regulados pela tutela ambiental, enfraquecendo assim o ambiente perante todos os interesses.<\/p>\n<p>A par da press\u00e3o pol\u00edtica, o ICNF enfrenta uma car\u00eancia cr\u00f3nica de t\u00e9cnicos e vigilantes da natureza. \u00c9 contradit\u00f3rio exigir celeridade quando desinveste na capacidade de resposta da institui\u00e7\u00e3o. A Quercus exige que o Governo passe das palavras aos atos, garantindo que as institui\u00e7\u00f5es t\u00eam respaldo pol\u00edtico e meios financeiros para dizer \u201cn\u00e3o\u201d sempre que a ci\u00eancia e a lei o exijam.<\/p>\n<p>&#8220;Quando o discurso \u00e9 amb\u00edguo, legitima o incumprimento; quando \u00e9 firme, protege o futuro.&#8221; A Quercus apela ao Governo que assuma o seu papel de guardi\u00e3o da legalidade ambiental, respeitando sem reservas a independ\u00eancia de quem tem a miss\u00e3o de defender o nosso patrim\u00f3nio natural.<\/p>\n","protected":false},"excerpt":{"rendered":"<p>A Quercus \u2013 Associa\u00e7\u00e3o Nacional de Conserva\u00e7\u00e3o da Natureza veio publicamente manifestar, no dia 27 de janeiro, a sua profunda preocupa\u00e7\u00e3o e total subscri\u00e7\u00e3o da posi\u00e7\u00e3o por um conjunto alargado de especialistas, relativamente \u00e0s recentes declara\u00e7\u00f5es do Ministro da Agricultura dirigidas aos dirigentes do Instituto da Conserva\u00e7\u00e3o da Natureza e das Florestas (ICNF). Para a [&hellip;]<\/p>\n","protected":false},"author":2,"featured_media":42405,"comment_status":"open","ping_status":"open","sticky":false,"template":"","format":"standard","meta":{"footnotes":""},"categories":[9],"tags":[],"class_list":["post-42402","post","type-post","status-publish","format-standard","has-post-thumbnail","hentry","category-ambiente"],"_links":{"self":[{"href":"https:\/\/tintafresca.net\/index.php\/wp-json\/wp\/v2\/posts\/42402","targetHints":{"allow":["GET"]}}],"collection":[{"href":"https:\/\/tintafresca.net\/index.php\/wp-json\/wp\/v2\/posts"}],"about":[{"href":"https:\/\/tintafresca.net\/index.php\/wp-json\/wp\/v2\/types\/post"}],"author":[{"embeddable":true,"href":"https:\/\/tintafresca.net\/index.php\/wp-json\/wp\/v2\/users\/2"}],"replies":[{"embeddable":true,"href":"https:\/\/tintafresca.net\/index.php\/wp-json\/wp\/v2\/comments?post=42402"}],"version-history":[{"count":2,"href":"https:\/\/tintafresca.net\/index.php\/wp-json\/wp\/v2\/posts\/42402\/revisions"}],"predecessor-version":[{"id":42406,"href":"https:\/\/tintafresca.net\/index.php\/wp-json\/wp\/v2\/posts\/42402\/revisions\/42406"}],"wp:featuredmedia":[{"embeddable":true,"href":"https:\/\/tintafresca.net\/index.php\/wp-json\/wp\/v2\/media\/42405"}],"wp:attachment":[{"href":"https:\/\/tintafresca.net\/index.php\/wp-json\/wp\/v2\/media?parent=42402"}],"wp:term":[{"taxonomy":"category","embeddable":true,"href":"https:\/\/tintafresca.net\/index.php\/wp-json\/wp\/v2\/categories?post=42402"},{"taxonomy":"post_tag","embeddable":true,"href":"https:\/\/tintafresca.net\/index.php\/wp-json\/wp\/v2\/tags?post=42402"}],"curies":[{"name":"wp","href":"https:\/\/api.w.org\/{rel}","templated":true}]}}