{"id":42407,"date":"2026-01-27T21:47:54","date_gmt":"2026-01-27T21:47:54","guid":{"rendered":"https:\/\/tintafresca.net\/?p=42407"},"modified":"2026-01-28T16:52:01","modified_gmt":"2026-01-28T16:52:01","slug":"cheias-na-bacia-hidrografica-do-tejo-regressam-ao-distrito-de-santarem","status":"publish","type":"post","link":"https:\/\/tintafresca.net\/index.php\/2026\/01\/27\/cheias-na-bacia-hidrografica-do-tejo-regressam-ao-distrito-de-santarem\/","title":{"rendered":"Cheias na bacia hidrogr\u00e1fica do Tejo regressam ao distrito de Santar\u00e9m"},"content":{"rendered":"<div id=\"attachment_22945\" style=\"width: 510px\" class=\"wp-caption alignleft\"><img loading=\"lazy\" decoding=\"async\" aria-describedby=\"caption-attachment-22945\" class=\"wp-image-22945 size-full\" src=\"https:\/\/tintafresca.net\/wp-content\/uploads\/2022\/12\/Constancia_Cheias10.jpg\" alt=\"\" width=\"500\" height=\"666\" srcset=\"https:\/\/tintafresca.net\/wp-content\/uploads\/2022\/12\/Constancia_Cheias10.jpg 500w, https:\/\/tintafresca.net\/wp-content\/uploads\/2022\/12\/Constancia_Cheias10-225x300.jpg 225w\" sizes=\"auto, (max-width: 500px) 100vw, 500px\" \/><p id=\"caption-attachment-22945\" class=\"wp-caption-text\">Zona ribeirinha de Const\u00e2ncia<\/p><\/div>\n<p>A precipita\u00e7\u00e3o que se tem sentido em Portugal e as \u00e1guas debitadas pelas barragens espanholas geraram um aumento consider\u00e1vel dos n\u00edveis hidrom\u00e9tricos, dos caudais do Rio Tejo e seus afluentes. Regista-se um aumento dos valores debitados pelo conjunto das barragens, que se traduz no aumento da altura hidrom\u00e9trica na esta\u00e7\u00e3o do Almourol, tendo existido algumas oscila\u00e7\u00f5es nas leituras deste per\u00edodo. Mantendo-se a situa\u00e7\u00e3o atual, e de acordo com a previs\u00e3o meteorol\u00f3gica para a bacia do Tejo, prev\u00ea-se que os caudais lan\u00e7ados no Rio Tejo pelos seus afluentes, apesar de oscila\u00e7\u00f5es, se mantenham elevados nos pr\u00f3ximos dias.<\/p>\n<p><strong>Efeitos observados<\/strong><\/p>\n<p><strong>Vias de comunica\u00e7\u00e3o afetadas:<\/strong><\/p>\n<p><strong>Munic\u00edpio de Coruche<\/strong><\/p>\n<p>\u2022 Submers\u00e3o do desvio \u00e1 Ponte da Escusa &#8211; (COU\u00c7O-CORUCHE).;<\/p>\n<p>\u2022 Submers\u00e3o liga\u00e7\u00e3o EN114 e a EN251 \u2013 Estrada das Meias<\/p>\n<p>\u2022 Submers\u00e3o liga\u00e7\u00e3o EN114-3 e a EN119 \u2013 Estrada da Amieira<\/p>\n<p>\u2022 Galgamento da margem esquerda do Rio Sorraia.<\/p>\n<p><strong>Munic\u00edpio do Cartaxo<\/strong><\/p>\n<p>\u2022 Submers\u00e3o EN114-2 \u2013 Entre Setil e a Ponte do Reguengo submersa.<\/p>\n<p>\u2022 Submers\u00e3o EN 3-2 \u2013 Entre Reguengo e Valada, interdita.<\/p>\n<p><strong>Munic\u00edpio de Santar\u00e9m<\/strong><\/p>\n<p>\u2022 Submers\u00e3o EN365-4 Ponte de Alcaides;<\/p>\n<p>\u2022 Cortada para manuten\u00e7\u00e3o &#8211; Ponte da Panela;<\/p>\n<p>\u2022 Submers\u00e3o EN365 Ponte do Celeiro;<\/p>\n<p>\u2022 Submers\u00e3o Ponte do Alviela -EN 365 \u2013 Pombalinho\/Vale de Figueira;<\/p>\n<p>\u2022 Submers\u00e3o EM 1348 Vale de Figueira \/Santar\u00e9m &#8211; Estrada do Campo em Vale Figueira.<\/p>\n<p>\u2022 Submers\u00e3o cais de embarque Ribeira de Santar\u00e9m<\/p>\n<p>\u2022 Rua da Amendoeira\/Rua S. Martinho submersa<\/p>\n<p>\u2022 Vale de Moinhos acesso \u00e0 A1 \u2013 EN114-2 submersa<\/p>\n<p>\u2022 Albergaria das Abitureiras \u2013 Outeiro da Corti\u00e7ada submersa<\/p>\n<p>\u2022 Pernes \u2013 Estrada do Livramento submersa<\/p>\n<p>\u2022 Pernes \u2013 Ponte Ribeira de Pernes submersa<\/p>\n<p>\u2022 Alfange \u2013 Estrada de acesso ao Centro Hist\u00f3rico \u2013 ced\u00eancia de talude<\/p>\n<p><strong>Munic\u00edpio de Goleg\u00e3<\/strong><\/p>\n<p>\u2022 Submers\u00e3o CM 1 \u2013 Estrada dos L\u00e1zaros<\/p>\n<p>\u2022 Submers\u00e3o Ponte do Alviela -EN 365 \u2013 Pombalinho\/Vale de Figueira (Interdita)<\/p>\n<p>\u2022 Campos agr\u00edcolas nas Freguesias da Goleg\u00e3, Azinhaga e Pombalinho inundados<\/p>\n<p><strong>Munic\u00edpio de Salvaterra de Magos<\/strong><\/p>\n<p>\u2022 Submers\u00e3o liga\u00e7\u00e3o Marinhais e Foros de Salvaterra \u2013 Estrada do Pa\u00fal<\/p>\n<p><strong>Munic\u00edpio de Rio Maior<\/strong><\/p>\n<p>\u2022 Submers\u00e3o CM Lobo Morto \/ P\u00e9 da Serra \u2013 interdita<\/p>\n<p>\u2022 Submers\u00e3o Quinta do Seabra \/ Vila da Marmeleira<\/p>\n<p>\u2022 Submers\u00e3o CM S\u00e3o Jo\u00e3o da Ribeira e Laroujo<\/p>\n<p>\u2022 CM \u2013 Valbom &gt;&gt;Marmeleira<\/p>\n<p><strong>Munic\u00edpio de Alpiar\u00e7a<\/strong><\/p>\n<p>\u2022 EN 368 Alpiar\u00e7a \/ Tapada \u2013 Via cortada<\/p>\n<p><strong>Munic\u00edpio da Azambuja<\/strong><\/p>\n<p>\u2022 Localidade de Carvalhos\/ Manique do Intendente\/Azambuja<\/p>\n<p>\u2022 Acesso \u00e0 localidade de Ma\u00e7ussa interdita (via submersa)<\/p>\n<p>\u2022 Estrada que liga Azambuja \u2013 Virtudes submersa<\/p>\n<p>\u2022 Submers\u00e3o EN 3-2 \u2013 Azambuja e Valada<\/p>\n<p>\u2022 Vila Nova da Rainha \u2013 Taludes do Rio Ota de Alenquer cederam<\/p>\n<p><strong>Munic\u00edpio de Benavente<\/strong><\/p>\n<p>\u2022 Submers\u00e3o da E.M 1456 \u2013 Benavente\/Reta do Cabo<\/p>\n<p><strong>Munic\u00edpio de Torres Novas<\/strong><\/p>\n<p>\u2022 Submers\u00e3o Estrada Municipal 570<\/p>\n<p>\u2022 Quinta do Paul do Boquilobo \u2013 Isolada devido ao galgamento do Rio Almonda<\/p>\n<p><strong>Munic\u00edpio de Vila Nova da Barquinha<\/strong><\/p>\n<p>\u2022 Cais do Almourol submerso.<\/p>\n<p><strong>\u00a0 \u00a0 \u00a0 \u00a0Efeitos expect\u00e1veis<\/strong><\/p>\n<p>A situa\u00e7\u00e3o meteorol\u00f3gica atual e a prevista pode originar:<\/p>\n<p>\u2022 A ocorr\u00eancia de inunda\u00e7\u00f5es em zonas urbanas, causadas pela acumula\u00e7\u00e3o de \u00e1guas pluviais\u00a0por obstru\u00e7\u00e3o dos sistemas de escoamento;<\/p>\n<p>\u2022 A ocorr\u00eancia de cheias, potenciadas pelo transbordo do leito de cursos de \u00e1gua e ribeiras;<\/p>\n<p>\u2022 A instabiliza\u00e7\u00e3o de vertentes, conduzindo a movimentos de massa (deslizamentos,\u00a0derrocadas e outros) motivados pela infiltra\u00e7\u00e3o da \u00e1gua, podendo ser potenciados pela\u00a0remo\u00e7\u00e3o do coberto vegetal;<\/p>\n<p>\u2022 O arrastamento para as vias rodovi\u00e1rias de objetos soltos, ou ao desprendimento de\u00a0estruturas m\u00f3veis ou deficientemente fixadas;<\/p>\n<p>\u2022 Piso rodovi\u00e1rio escorregadio e forma\u00e7\u00e3o de len\u00e7\u00f3is de \u00e1gua.<\/p>\n<p>\u2022 Interdi\u00e7\u00e3o de algumas vias rodovi\u00e1rias por submers\u00e3o.<\/p>\n<p>\u2022 \u00c9 espect\u00e1vel nas pr\u00f3ximas horas, a manuten\u00e7\u00e3o dos caudais elevados debitados pelas\u00a0barragens da bacia do tejo.<\/p>\n<p><strong>\u00a0 \u00a0 \u00a0Medidas preventivas<\/strong><\/p>\n<p>O Comando Regional de Lisboa e Vale do Tejo e em particular os Comandos Sub-Regionais da Lez\u00edria do Tejo e do M\u00e9dio Tejo, da Autoridade Nacional de Emerg\u00eancia e Prote\u00e7\u00e3o Civil em articula\u00e7\u00e3o com os Servi\u00e7os Municipais de Prote\u00e7\u00e3o Civil, Agentes de Prote\u00e7\u00e3o Civil e demais\u00a0entidades continuar\u00e3o a acompanhar a situa\u00e7\u00e3o. \u00c9 expect\u00e1vel nas pr\u00f3ximas horas, a manuten\u00e7\u00e3o dos caudais elevados debitados pelas barragens\u00a0da bacia do Tejo.<\/p>\n<p>Neste sentido aconselha-se:<\/p>\n<p>\u2022 Retire, das zonas confinantes, normalmente inund\u00e1veis, equipamentos agr\u00edcolas, industriais,\u00a0viaturas e outros bens;<\/p>\n<p>\u2022 Salvaguarde os animais em locais seguros, retirando os rebanhos que se encontram nas zonas\u00a0inund\u00e1veis;<\/p>\n<p>\u2022 N\u00e3o atravesse com viaturas ou a p\u00e9 estradas ou zonas alagadas;<\/p>\n<p>\u2022 Mantenha-se informado atrav\u00e9s dos \u00d3rg\u00e3os de Comunica\u00e7\u00e3o Social ou dos Agentes de\u00a0Prote\u00e7\u00e3o Civil, desenvolvendo as a\u00e7\u00f5es necess\u00e1rias para a sua prote\u00e7\u00e3o, da fam\u00edlia e bens.<\/p>\n<p>A Autoridade Nacional de Emerg\u00eancia e Prote\u00e7\u00e3o Civil, atrav\u00e9s do Comando Regional de Lisboa\u00a0e Vale do Tejo, e em particular o Comando Sub-regional da Lez\u00edria do Tejo e o Comando Subregional do M\u00e9dio Tejo, em articula\u00e7\u00e3o com a Ag\u00eancia Portuguesa do Ambiente, IP, EDP produ\u00e7\u00e3o, Servi\u00e7os Municipais de Prote\u00e7\u00e3o Civil e Agentes de Prote\u00e7\u00e3o Civil, continuar\u00e1 a\u00a0acompanhar a situa\u00e7\u00e3o e emitir\u00e1 outros comunicados que se entendam necess\u00e1rios.<\/p>\n<p>Para mais informa\u00e7\u00f5es, consulte os s\u00edtios na internet da ANEPC (<a href=\"http:\/\/www.prociv.gov.pt\">www.prociv.gov.pt<\/a>),\u00a0Instituto Portugu\u00eas do Mar e Atmosfera (<a href=\"http:\/\/www.ipma.pt\">www.ipma.pt<\/a>).<\/p>\n","protected":false},"excerpt":{"rendered":"<p>A precipita\u00e7\u00e3o que se tem sentido em Portugal e as \u00e1guas debitadas pelas barragens espanholas geraram um aumento consider\u00e1vel dos n\u00edveis hidrom\u00e9tricos, dos caudais do Rio Tejo e seus afluentes. Regista-se um aumento dos valores debitados pelo conjunto das barragens, que se traduz no aumento da altura hidrom\u00e9trica na esta\u00e7\u00e3o do Almourol, tendo existido algumas [&hellip;]<\/p>\n","protected":false},"author":2,"featured_media":23047,"comment_status":"open","ping_status":"open","sticky":false,"template":"","format":"standard","meta":{"footnotes":""},"categories":[9],"tags":[],"class_list":["post-42407","post","type-post","status-publish","format-standard","has-post-thumbnail","hentry","category-ambiente"],"_links":{"self":[{"href":"https:\/\/tintafresca.net\/index.php\/wp-json\/wp\/v2\/posts\/42407","targetHints":{"allow":["GET"]}}],"collection":[{"href":"https:\/\/tintafresca.net\/index.php\/wp-json\/wp\/v2\/posts"}],"about":[{"href":"https:\/\/tintafresca.net\/index.php\/wp-json\/wp\/v2\/types\/post"}],"author":[{"embeddable":true,"href":"https:\/\/tintafresca.net\/index.php\/wp-json\/wp\/v2\/users\/2"}],"replies":[{"embeddable":true,"href":"https:\/\/tintafresca.net\/index.php\/wp-json\/wp\/v2\/comments?post=42407"}],"version-history":[{"count":3,"href":"https:\/\/tintafresca.net\/index.php\/wp-json\/wp\/v2\/posts\/42407\/revisions"}],"predecessor-version":[{"id":42410,"href":"https:\/\/tintafresca.net\/index.php\/wp-json\/wp\/v2\/posts\/42407\/revisions\/42410"}],"wp:featuredmedia":[{"embeddable":true,"href":"https:\/\/tintafresca.net\/index.php\/wp-json\/wp\/v2\/media\/23047"}],"wp:attachment":[{"href":"https:\/\/tintafresca.net\/index.php\/wp-json\/wp\/v2\/media?parent=42407"}],"wp:term":[{"taxonomy":"category","embeddable":true,"href":"https:\/\/tintafresca.net\/index.php\/wp-json\/wp\/v2\/categories?post=42407"},{"taxonomy":"post_tag","embeddable":true,"href":"https:\/\/tintafresca.net\/index.php\/wp-json\/wp\/v2\/tags?post=42407"}],"curies":[{"name":"wp","href":"https:\/\/api.w.org\/{rel}","templated":true}]}}