{"id":42411,"date":"2026-01-28T16:38:33","date_gmt":"2026-01-28T16:38:33","guid":{"rendered":"https:\/\/tintafresca.net\/?p=42411"},"modified":"2026-01-29T10:17:33","modified_gmt":"2026-01-29T10:17:33","slug":"depressao-kristin-causa-constrangimentos-em-unidades-de-cuidados-de-saude-primarios","status":"publish","type":"post","link":"https:\/\/tintafresca.net\/index.php\/2026\/01\/28\/depressao-kristin-causa-constrangimentos-em-unidades-de-cuidados-de-saude-primarios\/","title":{"rendered":"Depress\u00e3o Kristin causa constrangimentos em unidades de cuidados de sa\u00fade prim\u00e1rios"},"content":{"rendered":"<div id=\"attachment_42414\" style=\"width: 510px\" class=\"wp-caption alignleft\"><img loading=\"lazy\" decoding=\"async\" aria-describedby=\"caption-attachment-42414\" class=\"wp-image-42414 size-full\" src=\"https:\/\/tintafresca.net\/wp-content\/uploads\/2026\/01\/Deptresssao_Kristine20.jpg\" alt=\"\" width=\"500\" height=\"281\" srcset=\"https:\/\/tintafresca.net\/wp-content\/uploads\/2026\/01\/Deptresssao_Kristine20.jpg 500w, https:\/\/tintafresca.net\/wp-content\/uploads\/2026\/01\/Deptresssao_Kristine20-300x169.jpg 300w\" sizes=\"auto, (max-width: 500px) 100vw, 500px\" \/><p id=\"caption-attachment-42414\" class=\"wp-caption-text\">Queda de \u00e1rvore causada pela depress\u00e3o Kristine<\/p><\/div>\n<p>A Unidade Local de Sa\u00fade da Lez\u00edria (ULS Lez\u00edria) informou esta quartas-feira, dia 28 de janeiro, que a passagem da depress\u00e3o Kristin provocou constrangimentos no funcionamento de algumas unidades de cuidados de sa\u00fade prim\u00e1rios, verificando-se perturba\u00e7\u00f5es no funcionamento de algumas unidades, sobretudo devido a falhas no fornecimento de energia el\u00e9trica, nos concelhos de Almeirim e Rio Maior.<\/p>\n<p>Destaca-se a situa\u00e7\u00e3o do Centro de Sa\u00fade de Rio Maior, que se encontra temporariamente sem condi\u00e7\u00f5es para assegurar o normal funcionamento.<\/p>\n<p>A situa\u00e7\u00e3o est\u00e1 a ser acompanhada de forma permanente, em articula\u00e7\u00e3o com as entidades competentes, estando a ser desenvolvidos todos os esfor\u00e7os para que as unidades afetadas possam retomar a sua atividade normal com a maior brevidade poss\u00edvel.<\/p>\n<p>Sempre que ocorram cancelamentos ou reagendamentos de consultas, os utentes ser\u00e3o contactados pelas respetivas unidades.<\/p>\n<p>Em caso de doen\u00e7a aguda, recomenda-se o contacto pr\u00e9vio com a Linha de Sa\u00fade SNS 24 (808 24 24 24) antes de recorrer aos servi\u00e7os de sa\u00fade.<\/p>\n<p>A ULS Lez\u00edria agradece a compreens\u00e3o de toda a popula\u00e7\u00e3o pelos constrangimentos causados.<\/p>\n","protected":false},"excerpt":{"rendered":"<p>A Unidade Local de Sa\u00fade da Lez\u00edria (ULS Lez\u00edria) informou esta quartas-feira, dia 28 de janeiro, que a passagem da depress\u00e3o Kristin provocou constrangimentos no funcionamento de algumas unidades de cuidados de sa\u00fade prim\u00e1rios, verificando-se perturba\u00e7\u00f5es no funcionamento de algumas unidades, sobretudo devido a falhas no fornecimento de energia el\u00e9trica, nos concelhos de Almeirim e [&hellip;]<\/p>\n","protected":false},"author":2,"featured_media":42415,"comment_status":"open","ping_status":"open","sticky":false,"template":"","format":"standard","meta":{"footnotes":""},"categories":[1],"tags":[],"class_list":["post-42411","post","type-post","status-publish","format-standard","has-post-thumbnail","hentry","category-uncategorized"],"_links":{"self":[{"href":"https:\/\/tintafresca.net\/index.php\/wp-json\/wp\/v2\/posts\/42411","targetHints":{"allow":["GET"]}}],"collection":[{"href":"https:\/\/tintafresca.net\/index.php\/wp-json\/wp\/v2\/posts"}],"about":[{"href":"https:\/\/tintafresca.net\/index.php\/wp-json\/wp\/v2\/types\/post"}],"author":[{"embeddable":true,"href":"https:\/\/tintafresca.net\/index.php\/wp-json\/wp\/v2\/users\/2"}],"replies":[{"embeddable":true,"href":"https:\/\/tintafresca.net\/index.php\/wp-json\/wp\/v2\/comments?post=42411"}],"version-history":[{"count":3,"href":"https:\/\/tintafresca.net\/index.php\/wp-json\/wp\/v2\/posts\/42411\/revisions"}],"predecessor-version":[{"id":42416,"href":"https:\/\/tintafresca.net\/index.php\/wp-json\/wp\/v2\/posts\/42411\/revisions\/42416"}],"wp:featuredmedia":[{"embeddable":true,"href":"https:\/\/tintafresca.net\/index.php\/wp-json\/wp\/v2\/media\/42415"}],"wp:attachment":[{"href":"https:\/\/tintafresca.net\/index.php\/wp-json\/wp\/v2\/media?parent=42411"}],"wp:term":[{"taxonomy":"category","embeddable":true,"href":"https:\/\/tintafresca.net\/index.php\/wp-json\/wp\/v2\/categories?post=42411"},{"taxonomy":"post_tag","embeddable":true,"href":"https:\/\/tintafresca.net\/index.php\/wp-json\/wp\/v2\/tags?post=42411"}],"curies":[{"name":"wp","href":"https:\/\/api.w.org\/{rel}","templated":true}]}}