{"id":42417,"date":"2026-01-29T10:06:51","date_gmt":"2026-01-29T10:06:51","guid":{"rendered":"https:\/\/tintafresca.net\/?p=42417"},"modified":"2026-01-30T14:07:51","modified_gmt":"2026-01-30T14:07:51","slug":"municipio-de-leiria-apela-ao-governo-que-decrete-a-situacao-de-calamidade","status":"publish","type":"post","link":"https:\/\/tintafresca.net\/index.php\/2026\/01\/29\/municipio-de-leiria-apela-ao-governo-que-decrete-a-situacao-de-calamidade\/","title":{"rendered":"Munic\u00edpio de Leiria apela ao Governo que decrete a situa\u00e7\u00e3o de calamidade"},"content":{"rendered":"<div id=\"attachment_42419\" style=\"width: 510px\" class=\"wp-caption alignleft\"><img loading=\"lazy\" decoding=\"async\" aria-describedby=\"caption-attachment-42419\" class=\"wp-image-42419 size-full\" src=\"https:\/\/tintafresca.net\/wp-content\/uploads\/2026\/01\/Leiria_estadio_Tempestade_Kristine10.jpg\" alt=\"\" width=\"500\" height=\"375\" srcset=\"https:\/\/tintafresca.net\/wp-content\/uploads\/2026\/01\/Leiria_estadio_Tempestade_Kristine10.jpg 500w, https:\/\/tintafresca.net\/wp-content\/uploads\/2026\/01\/Leiria_estadio_Tempestade_Kristine10-300x225.jpg 300w\" sizes=\"auto, (max-width: 500px) 100vw, 500px\" \/><p id=\"caption-attachment-42419\" class=\"wp-caption-text\">Est\u00e1dio Municipal de Leiria foi fortemente danificado<\/p><\/div>\n<p>A regi\u00e3o de Leiria foi atingida por uma forte tempestade, na madrugada desta quarta-feira, dia 28 de janeiro,com impacto significativo em v\u00e1rias freguesias do concelho.<\/p>\n<p>Os danos materiais s\u00e3o elevados, afetando infraestruturas p\u00fablicas e privadas, com estradas cortadas ou condicionadas, falhas no abastecimento de energia el\u00e9trica e \u00e1gua e perturba\u00e7\u00f5es nas telecomunica\u00e7\u00f5es.<\/p>\n<p>Face \u00e0 gravidade da situa\u00e7\u00e3o, o Munic\u00edpio de Leiria declarou a Situa\u00e7\u00e3o de Alerta, permitindo refor\u00e7ar a coordena\u00e7\u00e3o e a mobiliza\u00e7\u00e3o de meios no terreno.<\/p>\n<p>As equipas municipais e da Prote\u00e7\u00e3o Civil est\u00e3o totalmente mobilizadas, a percorrer todo o concelho e todas as freguesias. Est\u00e1 em curso um levantamento das infraestruturas danificadas, com prioridade \u00e0s situa\u00e7\u00f5es de maior gravidade e risco.<\/p>\n<p>No plano social, cerca de 60 lares e estruturas residenciais para idosos est\u00e3o a ser acompanhados de forma priorit\u00e1ria, estando em curso uma avalia\u00e7\u00e3o espec\u00edfica para garantir a continuidade dos cuidados e a seguran\u00e7a dos residentes.<\/p>\n<p>Relativamente ao abastecimento de \u00e1gua, o Munic\u00edpio apela \u00e0 disponibiliza\u00e7\u00e3o de geradores sempre que poss\u00edvel e ao consumo moderado e respons\u00e1vel, enquanto decorrem os trabalhos de reposi\u00e7\u00e3o da normalidade. Para a ced\u00eancia de geradores, pede que os cidad\u00e3os entrem em contacto para o n\u00famero 922 273 694.<\/p>\n<p>Mant\u00e9m-se o apelo \u00e0 popula\u00e7\u00e3o para que evite desloca\u00e7\u00f5es desnecess\u00e1rias, permane\u00e7a em casa sempre que poss\u00edvel e cumpra as indica\u00e7\u00f5es das autoridades, bem como \u00e0s empresas cuja atividade n\u00e3o seja essencial para reduzirem o funcionamento presencial.<\/p>\n<p>Face \u00e0 dimens\u00e3o dos danos e ao impacto na vida das pessoas e na economia local, o Munic\u00edpio de Leiria apela ao Governo para que avalie e decrete a situa\u00e7\u00e3o de calamidade.<\/p>\n<p>O Munic\u00edpio agradece o empenho de todos os meios envolvidos na resposta a esta situa\u00e7\u00e3o.<\/p>\n<p><strong>\u00a0 \u00a0 Fonte: DCRP|CML<\/strong><\/p>\n","protected":false},"excerpt":{"rendered":"<p>A regi\u00e3o de Leiria foi atingida por uma forte tempestade, na madrugada desta quarta-feira, dia 28 de janeiro,com impacto significativo em v\u00e1rias freguesias do concelho. Os danos materiais s\u00e3o elevados, afetando infraestruturas p\u00fablicas e privadas, com estradas cortadas ou condicionadas, falhas no abastecimento de energia el\u00e9trica e \u00e1gua e perturba\u00e7\u00f5es nas telecomunica\u00e7\u00f5es. Face \u00e0 gravidade [&hellip;]<\/p>\n","protected":false},"author":2,"featured_media":42420,"comment_status":"open","ping_status":"open","sticky":false,"template":"","format":"standard","meta":{"footnotes":""},"categories":[9],"tags":[],"class_list":["post-42417","post","type-post","status-publish","format-standard","has-post-thumbnail","hentry","category-ambiente"],"_links":{"self":[{"href":"https:\/\/tintafresca.net\/index.php\/wp-json\/wp\/v2\/posts\/42417","targetHints":{"allow":["GET"]}}],"collection":[{"href":"https:\/\/tintafresca.net\/index.php\/wp-json\/wp\/v2\/posts"}],"about":[{"href":"https:\/\/tintafresca.net\/index.php\/wp-json\/wp\/v2\/types\/post"}],"author":[{"embeddable":true,"href":"https:\/\/tintafresca.net\/index.php\/wp-json\/wp\/v2\/users\/2"}],"replies":[{"embeddable":true,"href":"https:\/\/tintafresca.net\/index.php\/wp-json\/wp\/v2\/comments?post=42417"}],"version-history":[{"count":2,"href":"https:\/\/tintafresca.net\/index.php\/wp-json\/wp\/v2\/posts\/42417\/revisions"}],"predecessor-version":[{"id":42421,"href":"https:\/\/tintafresca.net\/index.php\/wp-json\/wp\/v2\/posts\/42417\/revisions\/42421"}],"wp:featuredmedia":[{"embeddable":true,"href":"https:\/\/tintafresca.net\/index.php\/wp-json\/wp\/v2\/media\/42420"}],"wp:attachment":[{"href":"https:\/\/tintafresca.net\/index.php\/wp-json\/wp\/v2\/media?parent=42417"}],"wp:term":[{"taxonomy":"category","embeddable":true,"href":"https:\/\/tintafresca.net\/index.php\/wp-json\/wp\/v2\/categories?post=42417"},{"taxonomy":"post_tag","embeddable":true,"href":"https:\/\/tintafresca.net\/index.php\/wp-json\/wp\/v2\/tags?post=42417"}],"curies":[{"name":"wp","href":"https:\/\/api.w.org\/{rel}","templated":true}]}}