{"id":42422,"date":"2026-01-29T12:28:54","date_gmt":"2026-01-29T12:28:54","guid":{"rendered":"https:\/\/tintafresca.net\/?p=42422"},"modified":"2026-01-30T13:59:19","modified_gmt":"2026-01-30T13:59:19","slug":"municipio-de-pombal-defende-linhas-de-apoio-para-o-concelho-e-outros-municipios-da-regiao-afetados","status":"publish","type":"post","link":"https:\/\/tintafresca.net\/index.php\/2026\/01\/29\/municipio-de-pombal-defende-linhas-de-apoio-para-o-concelho-e-outros-municipios-da-regiao-afetados\/","title":{"rendered":"Munic\u00edpio de Pombal defende Linhas de Apoio para o concelho e outros munic\u00edpios da regi\u00e3o afetados"},"content":{"rendered":"<div id=\"attachment_42424\" style=\"width: 510px\" class=\"wp-caption alignleft\"><img loading=\"lazy\" decoding=\"async\" aria-describedby=\"caption-attachment-42424\" class=\"wp-image-42424 size-full\" src=\"https:\/\/tintafresca.net\/wp-content\/uploads\/2026\/01\/Alcobaca_Kristine10.jpg\" alt=\"\" width=\"500\" height=\"281\" srcset=\"https:\/\/tintafresca.net\/wp-content\/uploads\/2026\/01\/Alcobaca_Kristine10.jpg 500w, https:\/\/tintafresca.net\/wp-content\/uploads\/2026\/01\/Alcobaca_Kristine10-300x169.jpg 300w\" sizes=\"auto, (max-width: 500px) 100vw, 500px\" \/><p id=\"caption-attachment-42424\" class=\"wp-caption-text\">Empresas da regi\u00e3o foram fortemente afetadas<\/p><\/div>\n<p><span style=\"font-size: medium;\">Os acontecimentos registados nas \u00faltimas horas deixaram um rasto de destrui\u00e7\u00e3o, que tem um\u00a0<\/span><span style=\"font-size: medium;\">impacto significativo no concelho de Pombal e em v\u00e1rios munic\u00edpios da regi\u00e3o. As condi\u00e7\u00f5es\u00a0<\/span><span style=\"font-size: medium;\">meteorol\u00f3gicas excecionais causaram danos elevados em habita\u00e7\u00f5es, equipamentos p\u00fablicos,\u00a0<\/span><span style=\"font-size: medium;\">infraestruturas rodovi\u00e1rias e nas redes de energia, abastecimento de \u00e1gua e comunica\u00e7\u00f5es,\u00a0<\/span><span style=\"font-size: medium;\">afetando de forma direta munic\u00edpios, popula\u00e7\u00f5es e tecido empresarial e industrial afetados. O primeiro-ministro Lu\u00eds Montenegro visita esta quinta-feira, dia 29 de janeiro, alguns dos concelhos mais afetados. <\/span><\/p>\n<p><span style=\"font-size: medium;\">No que respeita ao edificado habitacional, os levantamentos preliminares apontam para danos\u00a0<\/span><span style=\"font-size: medium;\">generalizados em todo o concelho de Pombal, abrangendo as 17 freguesias que o comp\u00f5em,\u00a0<\/span><span style=\"font-size: medium;\">numa \u00e1rea geogr\u00e1fica aproximada de 626 km\u00b2, com uma incid\u00eancia que se aproxima da\u00a0<\/span><span style=\"font-size: medium;\">totalidade das habita\u00e7\u00f5es, evidenciando a dimens\u00e3o catastr\u00f3fica do impacto registado.<\/span><\/p>\n<p><span style=\"font-size: medium;\">Para al\u00e9m dos preju\u00edzos j\u00e1 identificados, verificam-se danos de dimens\u00e3o incalcul\u00e1vel, com <\/span><span style=\"font-size: medium;\">especial incid\u00eancia em unidades industriais estrat\u00e9gicas, que t\u00eam impacto em sectores\u00a0<\/span><span style=\"font-size: medium;\">importantes na Economia nacional, sendo, assim, um problema do pa\u00eds inteiro. A interrup\u00e7\u00e3o\u00a0<\/span><span style=\"font-size: medium;\">ou limita\u00e7\u00e3o da sua atividade representa um risco s\u00e9rio para a continuidade de cadeias de\u00a0<\/span><span style=\"font-size: medium;\">produ\u00e7\u00e3o e pode colocar em causa milhares de postos de trabalho, com impactos econ\u00f3micos\u00a0<\/span><span style=\"font-size: medium;\">e sociais que extravasam largamente o \u00e2mbito local e regional.<\/span><\/p>\n<p><span style=\"font-size: medium;\">O Munic\u00edpio de Pombal tem, desde a primeira hora, equipas t\u00e9cnicas no terreno a fazer um\u00a0<\/span><span style=\"font-size: medium;\">levantamento exaustivo dos preju\u00edzos e das necessidades. Ainda assim, os levantamentos\u00a0<\/span><span style=\"font-size: medium;\">preliminares indicam que os danos registados em equipamentos e infraestruturas ascendem j\u00e1 <\/span><span style=\"font-size: medium;\">a largas dezenas de milh\u00f5es de euros, refletindo a gravidade da situa\u00e7\u00e3o e a necessidade de\u00a0<\/span><span style=\"font-size: medium;\">uma resposta financeira robusta e imediata.<\/span><\/p>\n<p><span style=\"font-size: medium;\">As opera\u00e7\u00f5es de resposta encontram-se em curso, envolvendo meios de emerg\u00eancia, t\u00e9cnicos\u00a0<\/span><span style=\"font-size: medium;\">municipais e volunt\u00e1rios, que t\u00eam atuado de forma cont\u00ednua no terreno. Contudo, importa\u00a0<\/span><span style=\"font-size: medium;\">sublinhar que a fase subsequente \u2014 a da recupera\u00e7\u00e3o e reposi\u00e7\u00e3o da normalidade \u2014 exigir\u00e1 <\/span><span style=\"font-size: medium;\">um esfor\u00e7o financeiro que ultrapassa largamente a capacidade dos munic\u00edpios, das popula\u00e7\u00f5es\u00a0<\/span><span style=\"font-size: medium;\">e do tecido empresarial afetados. <\/span><\/p>\n<p><span style=\"font-size: medium;\">Neste contexto, o Munic\u00edpio de Pombal apela ao Governo para a ativa\u00e7\u00e3o urgente de linhas\u00a0<\/span><span style=\"font-size: medium;\">extraordin\u00e1rias de apoio, destinadas \u00e0 recupera\u00e7\u00e3o dos territ\u00f3rios atingidos, designadamente:<\/span><\/p>\n<p>\uf0b7 <span style=\"font-size: medium;\">Atribui\u00e7\u00e3o de fundos imediatos para a reconstru\u00e7\u00e3o de habita\u00e7\u00f5es e apoio direto \u00e0s\u00a0<\/span><span style=\"font-size: medium;\">fam\u00edlias afetadas;<\/span><\/p>\n<p>\uf0b7 <span style=\"font-size: medium;\">Implementa\u00e7\u00e3o de programas de apoio \u00e0s empresas e ao com\u00e9rcio local, salvaguardando a atividade econ\u00f3mica e os postos de trabalho;<\/span><\/p>\n<p>\uf0b7 <span style=\"font-size: medium;\">Financiamento para a reposi\u00e7\u00e3o de infraestruturas municipais, equipamentos p\u00fablicos e\u00a0<\/span><span style=\"font-size: medium;\">da rede vi\u00e1ria;<\/span><\/p>\n<p>\uf0b7 <span style=\"font-size: medium;\">Cria\u00e7\u00e3o de mecanismos de acesso aos apoios que sejam c\u00e9leres, simplificados e eficazes, evitando entraves burocr\u00e1ticos que comprometam a resposta.<\/span><\/p>\n<p><span style=\"font-size: medium;\">Para a C\u00e2mara Municipal de Pombal, presidida pelo social-democrata Pedro Pimp\u00e3o, \u201ca solidariedade nacional \u00e9 determinante em momentos como este. Nenhum territ\u00f3rio deve\u00a0<\/span><span style=\"font-size: medium;\">enfrentar isoladamente uma crise desta dimens\u00e3o. O concelho de Pombal distingue-se pela sua resili\u00eancia, esp\u00edrito de trabalho e coes\u00e3o comunit\u00e1ria. Com determina\u00e7\u00e3o, saberemos reconstruir. Contudo, neste momento, \u00e9 essencial que o pa\u00eds esteja ao lado das popula\u00e7\u00f5es afetadas, assegurando meios adequados, rapidez na resposta e um compromisso efetivo.\u201d<\/span><\/p>\n<p><span style=\"font-size: medium;\">O Munic\u00edpio de Pombal continuar\u00e1 a acompanhar atentamente a evolu\u00e7\u00e3o da situa\u00e7\u00e3o e a\u00a0<\/span><span style=\"font-size: medium;\">defender, com responsabilidade e firmeza, os interesses das suas popula\u00e7\u00f5es, garantindo que \u201cPombal n\u00e3o est\u00e1 sozinho. E n\u00e3o ficar\u00e1 para tr\u00e1s.\u201d<\/span><\/p>\n","protected":false},"excerpt":{"rendered":"<p>Os acontecimentos registados nas \u00faltimas horas deixaram um rasto de destrui\u00e7\u00e3o, que tem um\u00a0impacto significativo no concelho de Pombal e em v\u00e1rios munic\u00edpios da regi\u00e3o. As condi\u00e7\u00f5es\u00a0meteorol\u00f3gicas excecionais causaram danos elevados em habita\u00e7\u00f5es, equipamentos p\u00fablicos,\u00a0infraestruturas rodovi\u00e1rias e nas redes de energia, abastecimento de \u00e1gua e comunica\u00e7\u00f5es,\u00a0afetando de forma direta munic\u00edpios, popula\u00e7\u00f5es e tecido empresarial e [&hellip;]<\/p>\n","protected":false},"author":2,"featured_media":42425,"comment_status":"open","ping_status":"open","sticky":false,"template":"","format":"standard","meta":{"footnotes":""},"categories":[9],"tags":[],"class_list":["post-42422","post","type-post","status-publish","format-standard","has-post-thumbnail","hentry","category-ambiente"],"_links":{"self":[{"href":"https:\/\/tintafresca.net\/index.php\/wp-json\/wp\/v2\/posts\/42422","targetHints":{"allow":["GET"]}}],"collection":[{"href":"https:\/\/tintafresca.net\/index.php\/wp-json\/wp\/v2\/posts"}],"about":[{"href":"https:\/\/tintafresca.net\/index.php\/wp-json\/wp\/v2\/types\/post"}],"author":[{"embeddable":true,"href":"https:\/\/tintafresca.net\/index.php\/wp-json\/wp\/v2\/users\/2"}],"replies":[{"embeddable":true,"href":"https:\/\/tintafresca.net\/index.php\/wp-json\/wp\/v2\/comments?post=42422"}],"version-history":[{"count":2,"href":"https:\/\/tintafresca.net\/index.php\/wp-json\/wp\/v2\/posts\/42422\/revisions"}],"predecessor-version":[{"id":42426,"href":"https:\/\/tintafresca.net\/index.php\/wp-json\/wp\/v2\/posts\/42422\/revisions\/42426"}],"wp:featuredmedia":[{"embeddable":true,"href":"https:\/\/tintafresca.net\/index.php\/wp-json\/wp\/v2\/media\/42425"}],"wp:attachment":[{"href":"https:\/\/tintafresca.net\/index.php\/wp-json\/wp\/v2\/media?parent=42422"}],"wp:term":[{"taxonomy":"category","embeddable":true,"href":"https:\/\/tintafresca.net\/index.php\/wp-json\/wp\/v2\/categories?post=42422"},{"taxonomy":"post_tag","embeddable":true,"href":"https:\/\/tintafresca.net\/index.php\/wp-json\/wp\/v2\/tags?post=42422"}],"curies":[{"name":"wp","href":"https:\/\/api.w.org\/{rel}","templated":true}]}}