{"id":42427,"date":"2026-01-30T13:46:47","date_gmt":"2026-01-30T13:46:47","guid":{"rendered":"https:\/\/tintafresca.net\/?p=42427"},"modified":"2026-01-31T21:48:46","modified_gmt":"2026-01-31T21:48:46","slug":"municipio-lanca-movimento-reerguer-leiria-e-apela-a-participacao-em-acao-de-limpeza-este-sabado","status":"publish","type":"post","link":"https:\/\/tintafresca.net\/index.php\/2026\/01\/30\/municipio-lanca-movimento-reerguer-leiria-e-apela-a-participacao-em-acao-de-limpeza-este-sabado\/","title":{"rendered":"Munic\u00edpio lan\u00e7a movimento Reerguer Leiria e apela \u00e0 ades\u00e3o a a\u00e7\u00e3o de limpeza este s\u00e1bado"},"content":{"rendered":"<div id=\"attachment_42430\" style=\"width: 510px\" class=\"wp-caption alignleft\"><img loading=\"lazy\" decoding=\"async\" aria-describedby=\"caption-attachment-42430\" class=\"wp-image-42430 size-full\" src=\"https:\/\/tintafresca.net\/wp-content\/uploads\/2026\/01\/Deptresssao_Kristine10.jpg\" alt=\"\" width=\"500\" height=\"281\" srcset=\"https:\/\/tintafresca.net\/wp-content\/uploads\/2026\/01\/Deptresssao_Kristine10.jpg 500w, https:\/\/tintafresca.net\/wp-content\/uploads\/2026\/01\/Deptresssao_Kristine10-300x169.jpg 300w\" sizes=\"auto, (max-width: 500px) 100vw, 500px\" \/><p id=\"caption-attachment-42430\" class=\"wp-caption-text\">Depress\u00e3o Kristine causou a queda de centenas de \u00e1rvores na regi\u00e3o de Leiria<\/p><\/div>\n<p>O Munic\u00edpio de Leiria est\u00e1 a lan\u00e7ar o Reerguer Leiria, um movimento municipal dedicado \u00e0 reconstru\u00e7\u00e3o do concelho, que integrar\u00e1 a\u00e7\u00f5es concretas de envolvimento da comunidade e de todas as for\u00e7as locais, para juntos, superarem as consequ\u00eancias da calamidade que marcou profundamente o concelho.<\/p>\n<p>Reerguer Leiria \u00e9 mais do que um conjunto de a\u00e7\u00f5es: \u00e9 uma resposta coletiva, constru\u00edda com pessoas, institui\u00e7\u00f5es, associa\u00e7\u00f5es e empresas, para cuidar de quem foi mais afetado e recuperar os espa\u00e7os que fazem parte da nossa vida em comum. No \u00e2mbito deste movimento, este s\u00e1bado, o Munic\u00edpio promove uma a\u00e7\u00e3o comunit\u00e1ria de limpeza no Est\u00e1dio Municipal e na zona do Percurso Polis, como primeiro gesto simb\u00f3lico e concreto de participa\u00e7\u00e3o da comunidade.<\/p>\n<p>Concentra\u00e7\u00e3o: Porta 1 do Est\u00e1dio Municipal<br \/>\nHora: 9h<\/p>\n<p>Todos os que possam juntar-se s\u00e3o convidados a participar e, sempre que poss\u00edvel, a trazer utens\u00edlios de limpeza, como luvas, vassouras, p\u00e1s ou outros materiais de apoio.<\/p>\n<p>Num momento em que os servi\u00e7os municipais continuam concentrados nas situa\u00e7\u00f5es mais urgentes, este contributo volunt\u00e1rio \u00e9 uma forma de cuidarmos juntos do que \u00e9 de todos e de refor\u00e7armos o esp\u00edrito de solidariedade que se tem sentido em todo o concelho.<\/p>\n<p>\u201cTenho sentido, de forma muito clara, uma enorme onda de solidariedade em Leiria. Pessoas an\u00f3nimas, associa\u00e7\u00f5es, empresas e volunt\u00e1rios t\u00eam-se disponibilizado para ajudar e apoiar quem mais precisa. Quero agradecer profundamente esse gesto coletivo. \u00c9 essa uni\u00e3o que nos d\u00e1 for\u00e7a para enfrentar este momento dif\u00edcil e para reconstruir, juntos, o nosso concelho\u201d, diz Gon\u00e7alo Lopes, presidente da C\u00e2mara Municipal de Leiria.<\/p>\n<p>O autarca conclui sublinhando que &#8220;este \u00e9 apenas um primeiro passo de um caminho que faremos juntos para recuperar e avan\u00e7ar.\u00a0Vamos Reerguer Leiria, porque Juntos Somos Mais Fortes!&#8221;<\/p>\n<p><strong>\u00a0 \u00a0 \u00a0Fonte: DCRP|CML<\/strong><\/p>\n","protected":false},"excerpt":{"rendered":"<p>O Munic\u00edpio de Leiria est\u00e1 a lan\u00e7ar o Reerguer Leiria, um movimento municipal dedicado \u00e0 reconstru\u00e7\u00e3o do concelho, que integrar\u00e1 a\u00e7\u00f5es concretas de envolvimento da comunidade e de todas as for\u00e7as locais, para juntos, superarem as consequ\u00eancias da calamidade que marcou profundamente o concelho. Reerguer Leiria \u00e9 mais do que um conjunto de a\u00e7\u00f5es: \u00e9 [&hellip;]<\/p>\n","protected":false},"author":2,"featured_media":42437,"comment_status":"open","ping_status":"open","sticky":false,"template":"","format":"standard","meta":{"footnotes":""},"categories":[11],"tags":[],"class_list":["post-42427","post","type-post","status-publish","format-standard","has-post-thumbnail","hentry","category-sociedade"],"_links":{"self":[{"href":"https:\/\/tintafresca.net\/index.php\/wp-json\/wp\/v2\/posts\/42427","targetHints":{"allow":["GET"]}}],"collection":[{"href":"https:\/\/tintafresca.net\/index.php\/wp-json\/wp\/v2\/posts"}],"about":[{"href":"https:\/\/tintafresca.net\/index.php\/wp-json\/wp\/v2\/types\/post"}],"author":[{"embeddable":true,"href":"https:\/\/tintafresca.net\/index.php\/wp-json\/wp\/v2\/users\/2"}],"replies":[{"embeddable":true,"href":"https:\/\/tintafresca.net\/index.php\/wp-json\/wp\/v2\/comments?post=42427"}],"version-history":[{"count":7,"href":"https:\/\/tintafresca.net\/index.php\/wp-json\/wp\/v2\/posts\/42427\/revisions"}],"predecessor-version":[{"id":42435,"href":"https:\/\/tintafresca.net\/index.php\/wp-json\/wp\/v2\/posts\/42427\/revisions\/42435"}],"wp:featuredmedia":[{"embeddable":true,"href":"https:\/\/tintafresca.net\/index.php\/wp-json\/wp\/v2\/media\/42437"}],"wp:attachment":[{"href":"https:\/\/tintafresca.net\/index.php\/wp-json\/wp\/v2\/media?parent=42427"}],"wp:term":[{"taxonomy":"category","embeddable":true,"href":"https:\/\/tintafresca.net\/index.php\/wp-json\/wp\/v2\/categories?post=42427"},{"taxonomy":"post_tag","embeddable":true,"href":"https:\/\/tintafresca.net\/index.php\/wp-json\/wp\/v2\/tags?post=42427"}],"curies":[{"name":"wp","href":"https:\/\/api.w.org\/{rel}","templated":true}]}}