{"id":4274,"date":"2021-05-21T15:00:17","date_gmt":"2021-05-21T15:00:17","guid":{"rendered":"https:\/\/tintafresca.net\/?p=4274"},"modified":"2021-05-21T15:11:24","modified_gmt":"2021-05-21T15:11:24","slug":"campanha-juntos-pelas-abelhas-entrega-400-nucleos-de-abelha-rainha-a-apicultores-portugueses","status":"publish","type":"post","link":"https:\/\/tintafresca.net\/index.php\/2021\/05\/21\/campanha-juntos-pelas-abelhas-entrega-400-nucleos-de-abelha-rainha-a-apicultores-portugueses\/","title":{"rendered":"Campanha \u201cJuntos pelas Abelhas\u201d entrega 400 n\u00facleos de abelha-rainha a apicultores portugueses"},"content":{"rendered":"<div id=\"attachment_4276\" style=\"width: 510px\" class=\"wp-caption alignleft\"><img loading=\"lazy\" decoding=\"async\" aria-describedby=\"caption-attachment-4276\" class=\"wp-image-4276 size-full\" src=\"https:\/\/tintafresca.net\/wp-content\/uploads\/2021\/05\/Colmeias_Nestun10.jpg\" alt=\"\" width=\"500\" height=\"333\" \/><p id=\"caption-attachment-4276\" class=\"wp-caption-text\">Entrega das Colmeias<\/p><\/div>\n<p>No \u00e2mbito da Campanha \u201cJuntos pelas Abelhas\u201d, a Nestl\u00e9, atrav\u00e9s da sua marca NESTUM\u00ae, procedeu quinta-feira \u00e0 entrega dos dois primeiros n\u00facleos de abelhas-rainha de um total de 400 n\u00facleos que v\u00e3o agora ser entregues aos apicultores nacionais. De acordo com o regulamento da iniciativa, foram selecionados 61 apicultores, dos quais 25 dos distritos de Leiria e Santar\u00e9m, cujos api\u00e1rios se localizam em regi\u00f5es afetadas por cat\u00e1strofes e calamidades naturais registadas em 2020.<\/p>\n<p>Com esta iniciativa NESTUM est\u00e1 a contribuir para a reposi\u00e7\u00e3o da popula\u00e7\u00e3o de abelhas nessas regi\u00f5es, promovendo tamb\u00e9m a valoriza\u00e7\u00e3o do mel e dos produtos ap\u00edcolas nacionais. Os apicultores eleg\u00edveis para esta oferta foram apurados por um concurso que decorreu durante o m\u00eas de abril, seguindo os crit\u00e9rios definidos pela Dire\u00e7\u00e3o Geral de Alimenta\u00e7\u00e3o e Veterin\u00e1ria (DGAV), a entidade que tutela o sector.<\/p>\n<div id=\"attachment_4277\" style=\"width: 510px\" class=\"wp-caption alignleft\"><img loading=\"lazy\" decoding=\"async\" aria-describedby=\"caption-attachment-4277\" class=\"wp-image-4277 size-full\" src=\"https:\/\/tintafresca.net\/wp-content\/uploads\/2021\/05\/Colmeias_Nestun20.jpg\" alt=\"\" width=\"500\" height=\"333\" \/><p id=\"caption-attachment-4277\" class=\"wp-caption-text\">Novas colmeias v\u00e3o contribuir para a reposi\u00e7\u00e3o da popula\u00e7\u00e3o de abelhas nas regi\u00f5es afetadas pelos inc\u00eandios<\/p><\/div>\n<p>A entrega simb\u00f3lica, que decorreu 5\u00aa feira no Posto Ap\u00edcola do Instituto Nacional de Investiga\u00e7\u00e3o Agr\u00e1ria e Veterin\u00e1ria (INIAV), na Tapada da Ajuda, em Lisboa, \u00e9 o resultado do protocolo de colabora\u00e7\u00e3o para o desenvolvimento da campanha \u201cJuntos Pelas Abelhas\u201d, celebrado com a FNAP (Federa\u00e7\u00e3o Nacional dos Apicultores de Portugal) e a FENAPICOLA (Federa\u00e7\u00e3o Nacional de Cooperativas Ap\u00edcolas e de Produtores de Mel).<\/p>\n<p><strong>\u00a0 \u00a0 Fonte: Lift<\/strong><\/p>\n","protected":false},"excerpt":{"rendered":"<p>No \u00e2mbito da Campanha \u201cJuntos pelas Abelhas\u201d, a Nestl\u00e9, atrav\u00e9s da sua marca NESTUM\u00ae, procedeu quinta-feira \u00e0 entrega dos dois primeiros n\u00facleos de abelhas-rainha de um total de 400 n\u00facleos que v\u00e3o agora ser entregues aos apicultores nacionais. De acordo com o regulamento da iniciativa, foram selecionados 61 apicultores, dos quais 25 dos distritos de [&hellip;]<\/p>\n","protected":false},"author":2,"featured_media":4278,"comment_status":"open","ping_status":"open","sticky":false,"template":"","format":"standard","meta":{"footnotes":""},"categories":[9],"tags":[],"class_list":["post-4274","post","type-post","status-publish","format-standard","has-post-thumbnail","hentry","category-ambiente"],"_links":{"self":[{"href":"https:\/\/tintafresca.net\/index.php\/wp-json\/wp\/v2\/posts\/4274","targetHints":{"allow":["GET"]}}],"collection":[{"href":"https:\/\/tintafresca.net\/index.php\/wp-json\/wp\/v2\/posts"}],"about":[{"href":"https:\/\/tintafresca.net\/index.php\/wp-json\/wp\/v2\/types\/post"}],"author":[{"embeddable":true,"href":"https:\/\/tintafresca.net\/index.php\/wp-json\/wp\/v2\/users\/2"}],"replies":[{"embeddable":true,"href":"https:\/\/tintafresca.net\/index.php\/wp-json\/wp\/v2\/comments?post=4274"}],"version-history":[{"count":2,"href":"https:\/\/tintafresca.net\/index.php\/wp-json\/wp\/v2\/posts\/4274\/revisions"}],"predecessor-version":[{"id":4279,"href":"https:\/\/tintafresca.net\/index.php\/wp-json\/wp\/v2\/posts\/4274\/revisions\/4279"}],"wp:featuredmedia":[{"embeddable":true,"href":"https:\/\/tintafresca.net\/index.php\/wp-json\/wp\/v2\/media\/4278"}],"wp:attachment":[{"href":"https:\/\/tintafresca.net\/index.php\/wp-json\/wp\/v2\/media?parent=4274"}],"wp:term":[{"taxonomy":"category","embeddable":true,"href":"https:\/\/tintafresca.net\/index.php\/wp-json\/wp\/v2\/categories?post=4274"},{"taxonomy":"post_tag","embeddable":true,"href":"https:\/\/tintafresca.net\/index.php\/wp-json\/wp\/v2\/tags?post=4274"}],"curies":[{"name":"wp","href":"https:\/\/api.w.org\/{rel}","templated":true}]}}