{"id":42836,"date":"2026-03-08T00:42:48","date_gmt":"2026-03-08T00:42:48","guid":{"rendered":"https:\/\/tintafresca.net\/?p=42836"},"modified":"2026-03-08T21:35:14","modified_gmt":"2026-03-08T21:35:14","slug":"associacao-medicina-ulisboa-campus-de-torres-vedras-foi-constituida","status":"publish","type":"post","link":"https:\/\/tintafresca.net\/index.php\/2026\/03\/08\/associacao-medicina-ulisboa-campus-de-torres-vedras-foi-constituida\/","title":{"rendered":"Associa\u00e7\u00e3o Medicina ULisboa &#8211; Campus de Torres Vedras foi constitu\u00edda"},"content":{"rendered":"<div id=\"attachment_42838\" style=\"width: 510px\" class=\"wp-caption alignleft\"><img loading=\"lazy\" decoding=\"async\" aria-describedby=\"caption-attachment-42838\" class=\"wp-image-42838 size-full\" src=\"https:\/\/tintafresca.net\/wp-content\/uploads\/2026\/03\/TV_associacao_ULisboa10.jpg\" alt=\"\" width=\"500\" height=\"333\" srcset=\"https:\/\/tintafresca.net\/wp-content\/uploads\/2026\/03\/TV_associacao_ULisboa10.jpg 500w, https:\/\/tintafresca.net\/wp-content\/uploads\/2026\/03\/TV_associacao_ULisboa10-300x200.jpg 300w\" sizes=\"auto, (max-width: 500px) 100vw, 500px\" \/><p id=\"caption-attachment-42838\" class=\"wp-caption-text\">Celebra\u00e7\u00e3o da escritura para a constitui\u00e7\u00e3o da Associa\u00e7\u00e3o Medicina ULisboa &#8211; Campus de Torres Vedras<\/p><\/div>\n<p>No dia 4 de mar\u00e7o, foi celebrada a escritura para a constitui\u00e7\u00e3o da Associa\u00e7\u00e3o Medicina ULisboa &#8211; Campus de Torres Vedras, cujos membros fundadores s\u00e3o o Munic\u00edpio de Torres Vedras, a Faculdade de Medicina da Universidade de Lisboa e a Caixa de Cr\u00e9dito Agr\u00edcola M\u00fatuo de Torres Vedras.<\/p>\n<p>Neste ato estiveram presentes o presidente da C\u00e2mara Municipal de Torres Vedras, S\u00e9rgio Galv\u00e3o, o diretor e a administradora da Faculdade de Medicina da Universidade de Lisboa, Jo\u00e3o Eurico da Fonseca e Cristina Jacinto, e o presidente e os administradores da Caixa de Cr\u00e9dito Agr\u00edcola M\u00fatuo de Torres Vedras, Manuel Jos\u00e9 Guerreiro, Jos\u00e9 Sebasti\u00e3o Nunes e Tom\u00e1s Figueira.<\/p>\n<p>A Associa\u00e7\u00e3o Medicina ULisboa &#8211; Campus de Torres Vedras, uma entidade coletiva de direito privado sem fins lucrativos, tem como miss\u00e3o desenvolver, capacitar, implementar e promover atividades assistenciais, ensino, investiga\u00e7\u00e3o e forma\u00e7\u00e3o em sa\u00fade. O foco incide especialmente nos cuidados de sa\u00fade prim\u00e1rios, cuidados de sa\u00fade \u00e0 comunidade, cuidados multidisciplinares e integrados, a serem desenvolvidos no antigo Hospital Dr. Jos\u00e9 Maria Antunes J\u00fanior, que passa a ser a sede desta nova associa\u00e7\u00e3o.<\/p>\n<p>Neste momento encontram-se a decorrer diversas reuni\u00f5es com empresas e outras institui\u00e7\u00f5es p\u00fablicas e privadas, quer de \u00e2mbito nacional como local, com vista a promover a ades\u00e3o de associados e de mecenas que queiram integrar este projeto.<\/p>\n<p>O Medicina ULisboa &#8211; Campus de Torres Vedras vai dispor de uma oferta verdadeiramente inovadora e interdisciplinar, integrando no mesmo local um Polo de Cuidados de Sa\u00fade, onde se inclui a Unidade de Sa\u00fade Familiar Acad\u00e9mica e a Unidade Interdisciplinar com incid\u00eancia nas \u00e1reas cardiovascular, osteo-articular e neuroci\u00eancias; um Polo Acad\u00e9mico, onde se inclui o Centro Acad\u00e9mico, o Centro de Investiga\u00e7\u00e3o Cl\u00ednica e o Centro de Investiga\u00e7\u00e3o Tecnol\u00f3gica; um Polo de Medicina Humanit\u00e1ria, de Emerg\u00eancia e Cat\u00e1strofe; e um Polo Residencial.<\/p>\n<p>Os interessados em tornar-se associados ou em obter mais informa\u00e7\u00f5es podem entrar em contacto atrav\u00e9s do endere\u00e7o de correio eletr\u00f3nico geral@medicinacampusdetorresvedras.pt.<\/p>\n<p><strong>\u00a0 \u00a0Fonte: ACM|CMTV<\/strong><\/p>\n","protected":false},"excerpt":{"rendered":"<p>No dia 4 de mar\u00e7o, foi celebrada a escritura para a constitui\u00e7\u00e3o da Associa\u00e7\u00e3o Medicina ULisboa &#8211; Campus de Torres Vedras, cujos membros fundadores s\u00e3o o Munic\u00edpio de Torres Vedras, a Faculdade de Medicina da Universidade de Lisboa e a Caixa de Cr\u00e9dito Agr\u00edcola M\u00fatuo de Torres Vedras. Neste ato estiveram presentes o presidente da [&hellip;]<\/p>\n","protected":false},"author":2,"featured_media":42840,"comment_status":"open","ping_status":"open","sticky":false,"template":"","format":"standard","meta":{"footnotes":""},"categories":[14],"tags":[],"class_list":["post-42836","post","type-post","status-publish","format-standard","has-post-thumbnail","hentry","category-educacao"],"_links":{"self":[{"href":"https:\/\/tintafresca.net\/index.php\/wp-json\/wp\/v2\/posts\/42836","targetHints":{"allow":["GET"]}}],"collection":[{"href":"https:\/\/tintafresca.net\/index.php\/wp-json\/wp\/v2\/posts"}],"about":[{"href":"https:\/\/tintafresca.net\/index.php\/wp-json\/wp\/v2\/types\/post"}],"author":[{"embeddable":true,"href":"https:\/\/tintafresca.net\/index.php\/wp-json\/wp\/v2\/users\/2"}],"replies":[{"embeddable":true,"href":"https:\/\/tintafresca.net\/index.php\/wp-json\/wp\/v2\/comments?post=42836"}],"version-history":[{"count":3,"href":"https:\/\/tintafresca.net\/index.php\/wp-json\/wp\/v2\/posts\/42836\/revisions"}],"predecessor-version":[{"id":42841,"href":"https:\/\/tintafresca.net\/index.php\/wp-json\/wp\/v2\/posts\/42836\/revisions\/42841"}],"wp:featuredmedia":[{"embeddable":true,"href":"https:\/\/tintafresca.net\/index.php\/wp-json\/wp\/v2\/media\/42840"}],"wp:attachment":[{"href":"https:\/\/tintafresca.net\/index.php\/wp-json\/wp\/v2\/media?parent=42836"}],"wp:term":[{"taxonomy":"category","embeddable":true,"href":"https:\/\/tintafresca.net\/index.php\/wp-json\/wp\/v2\/categories?post=42836"},{"taxonomy":"post_tag","embeddable":true,"href":"https:\/\/tintafresca.net\/index.php\/wp-json\/wp\/v2\/tags?post=42836"}],"curies":[{"name":"wp","href":"https:\/\/api.w.org\/{rel}","templated":true}]}}