{"id":4285,"date":"2021-05-22T10:14:01","date_gmt":"2021-05-22T10:14:01","guid":{"rendered":"https:\/\/tintafresca.net\/?p=4285"},"modified":"2021-05-23T09:33:42","modified_gmt":"2021-05-23T09:33:42","slug":"reitor-da-universidade-de-coimbra-promete-agenda-mobilizadora-para-o-polo-de-alcobaca","status":"publish","type":"post","link":"https:\/\/tintafresca.net\/index.php\/2021\/05\/22\/reitor-da-universidade-de-coimbra-promete-agenda-mobilizadora-para-o-polo-de-alcobaca\/","title":{"rendered":"Reitor da Universidade de Coimbra promete \u201cagenda mobilizadora\u201d para o polo de Alcoba\u00e7a"},"content":{"rendered":"<div id=\"attachment_4287\" style=\"width: 510px\" class=\"wp-caption alignleft\"><img loading=\"lazy\" decoding=\"async\" aria-describedby=\"caption-attachment-4287\" class=\"wp-image-4287 size-full\" src=\"https:\/\/tintafresca.net\/wp-content\/uploads\/2021\/05\/Alcobaca_CESUCA10.jpg\" alt=\"\" width=\"500\" height=\"395\" \/><p id=\"caption-attachment-4287\" class=\"wp-caption-text\">Paulo In\u00e1cio e Am\u00edlcar Falc\u00e3o<\/p><\/div>\n<p>A C\u00e2mara Municipal de Alcoba\u00e7a e a Universidade de Coimbra assinalaram, no dia 19 de maio, na Casa Manuel Almeida (sede do CESUCA &#8211; Centro de Estudos Superiores da Universidade de Coimbra em Alcoba\u00e7a), os 20 anos do protocolo da funda\u00e7\u00e3o do polo de Alcoba\u00e7a da Universidade de Coimbra, tendo sido assinadas duas adendas ao documento que promovem o estreitamento das rela\u00e7\u00f5es entre ambas as institui\u00e7\u00f5es. O reitor da Universidade de Coimbra promete dar um novo impulso ao CESUCA com \u201cuma agenda mobilizadora em \u00e1reas que sejam importantes para Alcoba\u00e7a, no \u00e2mbito do Programa de Recupera\u00e7\u00e3o e Resili\u00eancia (PRR) e do Portugal 20-30, nomeadamente, em \u00e1reas como a agroalimentar, cultural e patrimonial, entre outras que possamos discutir.\u201d<\/p>\n<p>Am\u00edlcar Falc\u00e3o conta \u201creplicar o exemplo de Centro de Estudo Superiores de Alcoba\u00e7a para outras autarquias, nomeadamente na CIM de Coimbra, e creio que vamos ter a\u00ed um espa\u00e7o de di\u00e1logo e de forma\u00e7\u00e3o de rede muito interessante do ponto de vista da coes\u00e3o territorial.\u201d<\/p>\n<p>O Reitor, Professor da Faculdade de Farm\u00e1cia da Universidade de Coimbra, reconhece que as primeiras prioridades s\u00e3o a investiga\u00e7\u00e3o e a internacionaliza\u00e7\u00e3o (Coimbra j\u00e1 \u00e9 a mais internacional das universidades portuguesas, com mais de 20% dos estudantes estrangeiros, correspondente a mais de 100 nacionalidades), isso n\u00e3o significa que n\u00e3o olhe com muita aten\u00e7\u00e3o para o seu territ\u00f3rio, onde se inclui tamb\u00e9m a regi\u00e3o de Alcoba\u00e7a (Distrito de Leiria), que Am\u00edlcar Falc\u00e3o garante conhecer muito bem.<\/p>\n<div id=\"attachment_4289\" style=\"width: 510px\" class=\"wp-caption alignleft\"><img loading=\"lazy\" decoding=\"async\" aria-describedby=\"caption-attachment-4289\" class=\"wp-image-4289 size-full\" src=\"https:\/\/tintafresca.net\/wp-content\/uploads\/2021\/05\/Alcobaca_CESUCA20.jpg\" alt=\"\" width=\"500\" height=\"375\" \/><p id=\"caption-attachment-4289\" class=\"wp-caption-text\">Personalidades presentes na assinatura dos protocolos<\/p><\/div>\n<p>O refor\u00e7o do protocolo assinado esta quarta-feira ser\u00e1 feito atrav\u00e9s do desenvolvimento de projetos de coopera\u00e7\u00e3o, nomeadamente a cria\u00e7\u00e3o de uma biblioteca infanto-juvenil no CESUCA (\u201cvisando o alargamento do fundo documental acess\u00edvel aos utilizadores da Rede de Bibliotecas Escolares do Concelho de Alcoba\u00e7a\u201d); e a cria\u00e7\u00e3o do Centro de Interpreta\u00e7\u00e3o e Educa\u00e7\u00e3o Ambiental do Concelho de Alcoba\u00e7a. No protocolo pode ler-se que este \u201cprojeto encontra-se em linha com os Objetivos do Desenvolvimento Sustent\u00e1vel da Agenda 2030, emergindo o seu car\u00e1ter inovador e distintivo da centralidade do bem-estar, sa\u00fade, educa\u00e7\u00e3o e prosperidade dos cidad\u00e3os, potenciada pela sua qualidade ambiental.\u201d<\/p>\n<p>O Centro ser\u00e1 sediado na Estufa n\u00ba1 (maior) do Parque Verde, sendo que o espa\u00e7o ser\u00e1 dotado de todas as condi\u00e7\u00f5es estruturais para a realiza\u00e7\u00e3o de atividades de car\u00e1ter educacional, investigacional e formativo.<\/p>\n<p>A cerim\u00f3nia de assinatura contou com a presen\u00e7a de Am\u00edlcar Falc\u00e3o, Reitor da Universidade de Coimbra, natural da Nazar\u00e9, mas que viveu e cresceu no concelho de Alcoba\u00e7a, facto saudado pelo presidente da C\u00e2mara Municipal de Alcoba\u00e7a Paulo In\u00e1cio: \u201cAs institui\u00e7\u00f5es s\u00e3o um dos esteios mais importantes da sociedade e s\u00e3o um garante da sua perenidade no tempo. Os homens que temporariamente as representam v\u00e3o e v\u00eam, mas as institui\u00e7\u00f5es perduram. Este legado deve ser n\u00e3o apenas respeitado, mas sobretudo trabalhado e desenvolvido de modo a estreitar a coopera\u00e7\u00e3o e a solidariedade m\u00fatua\u201d, sublinhou o edil.<\/p>\n<p>Estiveram ainda presentes os presidentes da Banda de Alcoba\u00e7a, Rui Morais, e da Associa\u00e7\u00e3o para a Valoriza\u00e7\u00e3o e Defesa do Patrim\u00f3nio Cultural de Alcoba\u00e7a (ADEPA), Lu\u00eds Peres Pereira, que tamb\u00e9m assinaram documentos de coopera\u00e7\u00e3o com a CESUCA.<\/p>\n<p><strong>\u00a0 \u00a0 M\u00e1rio Lopes<\/strong><br \/>\n(Com GRPP|CMA)<\/p>\n","protected":false},"excerpt":{"rendered":"<p>A C\u00e2mara Municipal de Alcoba\u00e7a e a Universidade de Coimbra assinalaram, no dia 19 de maio, na Casa Manuel Almeida (sede do CESUCA &#8211; Centro de Estudos Superiores da Universidade de Coimbra em Alcoba\u00e7a), os 20 anos do protocolo da funda\u00e7\u00e3o do polo de Alcoba\u00e7a da Universidade de Coimbra, tendo sido assinadas duas adendas ao [&hellip;]<\/p>\n","protected":false},"author":2,"featured_media":4320,"comment_status":"open","ping_status":"open","sticky":false,"template":"","format":"standard","meta":{"footnotes":""},"categories":[14],"tags":[],"class_list":["post-4285","post","type-post","status-publish","format-standard","has-post-thumbnail","hentry","category-educacao"],"_links":{"self":[{"href":"https:\/\/tintafresca.net\/index.php\/wp-json\/wp\/v2\/posts\/4285","targetHints":{"allow":["GET"]}}],"collection":[{"href":"https:\/\/tintafresca.net\/index.php\/wp-json\/wp\/v2\/posts"}],"about":[{"href":"https:\/\/tintafresca.net\/index.php\/wp-json\/wp\/v2\/types\/post"}],"author":[{"embeddable":true,"href":"https:\/\/tintafresca.net\/index.php\/wp-json\/wp\/v2\/users\/2"}],"replies":[{"embeddable":true,"href":"https:\/\/tintafresca.net\/index.php\/wp-json\/wp\/v2\/comments?post=4285"}],"version-history":[{"count":3,"href":"https:\/\/tintafresca.net\/index.php\/wp-json\/wp\/v2\/posts\/4285\/revisions"}],"predecessor-version":[{"id":4291,"href":"https:\/\/tintafresca.net\/index.php\/wp-json\/wp\/v2\/posts\/4285\/revisions\/4291"}],"wp:featuredmedia":[{"embeddable":true,"href":"https:\/\/tintafresca.net\/index.php\/wp-json\/wp\/v2\/media\/4320"}],"wp:attachment":[{"href":"https:\/\/tintafresca.net\/index.php\/wp-json\/wp\/v2\/media?parent=4285"}],"wp:term":[{"taxonomy":"category","embeddable":true,"href":"https:\/\/tintafresca.net\/index.php\/wp-json\/wp\/v2\/categories?post=4285"},{"taxonomy":"post_tag","embeddable":true,"href":"https:\/\/tintafresca.net\/index.php\/wp-json\/wp\/v2\/tags?post=4285"}],"curies":[{"name":"wp","href":"https:\/\/api.w.org\/{rel}","templated":true}]}}