{"id":42873,"date":"2026-03-12T14:05:26","date_gmt":"2026-03-12T14:05:26","guid":{"rendered":"https:\/\/tintafresca.net\/?p=42873"},"modified":"2026-03-12T14:12:01","modified_gmt":"2026-03-12T14:12:01","slug":"tempestade-kristin-provoca-mais-de-143-milhoes-de-euros-em-prejuizos-no-concelho-da-marinha-grande","status":"publish","type":"post","link":"https:\/\/tintafresca.net\/index.php\/2026\/03\/12\/tempestade-kristin-provoca-mais-de-143-milhoes-de-euros-em-prejuizos-no-concelho-da-marinha-grande\/","title":{"rendered":"Tempestade \u201cKristin\u201d provoca mais de 143 milh\u00f5es de euros em preju\u00edzos no concelho da Marinha Grande"},"content":{"rendered":"<div id=\"attachment_42686\" style=\"width: 510px\" class=\"wp-caption alignleft\"><img loading=\"lazy\" decoding=\"async\" aria-describedby=\"caption-attachment-42686\" class=\"wp-image-42686 size-full\" src=\"https:\/\/tintafresca.net\/wp-content\/uploads\/2026\/02\/MG_Ministro-Economia_10.jpg\" alt=\"\" width=\"500\" height=\"332\" srcset=\"https:\/\/tintafresca.net\/wp-content\/uploads\/2026\/02\/MG_Ministro-Economia_10.jpg 500w, https:\/\/tintafresca.net\/wp-content\/uploads\/2026\/02\/MG_Ministro-Economia_10-300x199.jpg 300w\" sizes=\"auto, (max-width: 500px) 100vw, 500px\" \/><p id=\"caption-attachment-42686\" class=\"wp-caption-text\">Paulo Vicente com o ministro da Economia e Coes\u00e3o Territorial<\/p><\/div>\n<p>O Munic\u00edpio da Marinha Grande submeteu \u00e0 Comiss\u00e3o de Coordena\u00e7\u00e3o e Desenvolvimento Regional do Centro (CCDR\u00a0C) os mapas detalhados dos preju\u00edzos provocados pela tempestade Kristin, que, no dia 28 de janeiro, atingiu com grande viol\u00eancia todo o concelho, causando danos significativos em infraestruturas, equipamentos e \u00e1reas naturais.<\/p>\n<p>De acordo com a avalia\u00e7\u00e3o t\u00e9cnica realizada pelos servi\u00e7os municipais, os preju\u00edzos ultrapassam os &#8211; 143 milh\u00f5es de euros, assim distribu\u00eddos:<\/p>\n<p>&#8211; 132 milh\u00f5es de euros \u2014 danos em equipamentos e infraestruturas municipais, incluindo edif\u00edcios p\u00fablicos, vias rodovi\u00e1rias, sistemas de drenagem, espa\u00e7os verdes, equipamentos desportivos e culturais;<\/p>\n<p>&#8211; 1,13 milh\u00f5es de euros \u2014 preju\u00edzos registados pelas Juntas de Freguesia;<\/p>\n<p>&#8211; 10 milh\u00f5es de euros \u2014 danos reportados por Institui\u00e7\u00f5es Particulares de Solidariedade Social (IPSS), associa\u00e7\u00f5es, coletividades e entidades religiosas do concelho.<\/p>\n<p>O presidente da C\u00e2mara Municipal da Marinha Grande, Paulo Vicente, sublinha \u201ca gravidade da situa\u00e7\u00e3o e a necessidade urgente de resposta, uma vez que estamos perante uma das maiores destrui\u00e7\u00f5es registadas no concelho nas \u00faltimas d\u00e9cadas. A dimens\u00e3o dos preju\u00edzos \u00e9 avassaladora, tanto ao n\u00edvel das infraestruturas municipais como das nossas institui\u00e7\u00f5es, que desempenham um papel essencial no apoio \u00e0 comunidade.\u201d<\/p>\n<p>Apesar de n\u00e3o estarem inclu\u00eddos no levantamento submetido \u00e0 CCDR\u00a0C \u2014 por n\u00e3o dependerem de reporte direto ao Munic\u00edpio \u2014 Paulo Vicente destaca que \u201cas empresas do concelho tamb\u00e9m sofreram preju\u00edzos muito elevados, quer em equipamentos e estruturas, quer em mat\u00e9ria\u00a0prima, maquinaria, armaz\u00e9ns e per\u00edodos prolongados de paragem produtiva. Estes impactos agravam ainda mais o cen\u00e1rio de destrui\u00e7\u00e3o provocado pela tempestade Kristin.\u201d<\/p>\n<p>O autarca refor\u00e7a que \u201ca reconstru\u00e7\u00e3o ser\u00e1 um processo exigente, que exigir\u00e1 recursos avultados e trabalho articulado entre entidades locais, regionais e nacionais. A nossa prioridade \u00e9 clara: garantir que ningu\u00e9m fica para tr\u00e1s. Estamos a trabalhar com todos os parceiros para acelerar procedimentos, assegurar os apoios necess\u00e1rios e restabelecer condi\u00e7\u00f5es de normalidade para as fam\u00edlias, para as institui\u00e7\u00f5es e para o espa\u00e7o p\u00fablico.\u201d<\/p>\n<p><strong>\u00a0 \u00a0 Fonte: GCI|CMMG<\/strong><\/p>\n","protected":false},"excerpt":{"rendered":"<p>O Munic\u00edpio da Marinha Grande submeteu \u00e0 Comiss\u00e3o de Coordena\u00e7\u00e3o e Desenvolvimento Regional do Centro (CCDR\u00a0C) os mapas detalhados dos preju\u00edzos provocados pela tempestade Kristin, que, no dia 28 de janeiro, atingiu com grande viol\u00eancia todo o concelho, causando danos significativos em infraestruturas, equipamentos e \u00e1reas naturais. De acordo com a avalia\u00e7\u00e3o t\u00e9cnica realizada pelos [&hellip;]<\/p>\n","protected":false},"author":2,"featured_media":42642,"comment_status":"open","ping_status":"open","sticky":false,"template":"","format":"standard","meta":{"footnotes":""},"categories":[11],"tags":[],"class_list":["post-42873","post","type-post","status-publish","format-standard","has-post-thumbnail","hentry","category-sociedade"],"_links":{"self":[{"href":"https:\/\/tintafresca.net\/index.php\/wp-json\/wp\/v2\/posts\/42873","targetHints":{"allow":["GET"]}}],"collection":[{"href":"https:\/\/tintafresca.net\/index.php\/wp-json\/wp\/v2\/posts"}],"about":[{"href":"https:\/\/tintafresca.net\/index.php\/wp-json\/wp\/v2\/types\/post"}],"author":[{"embeddable":true,"href":"https:\/\/tintafresca.net\/index.php\/wp-json\/wp\/v2\/users\/2"}],"replies":[{"embeddable":true,"href":"https:\/\/tintafresca.net\/index.php\/wp-json\/wp\/v2\/comments?post=42873"}],"version-history":[{"count":3,"href":"https:\/\/tintafresca.net\/index.php\/wp-json\/wp\/v2\/posts\/42873\/revisions"}],"predecessor-version":[{"id":42876,"href":"https:\/\/tintafresca.net\/index.php\/wp-json\/wp\/v2\/posts\/42873\/revisions\/42876"}],"wp:featuredmedia":[{"embeddable":true,"href":"https:\/\/tintafresca.net\/index.php\/wp-json\/wp\/v2\/media\/42642"}],"wp:attachment":[{"href":"https:\/\/tintafresca.net\/index.php\/wp-json\/wp\/v2\/media?parent=42873"}],"wp:term":[{"taxonomy":"category","embeddable":true,"href":"https:\/\/tintafresca.net\/index.php\/wp-json\/wp\/v2\/categories?post=42873"},{"taxonomy":"post_tag","embeddable":true,"href":"https:\/\/tintafresca.net\/index.php\/wp-json\/wp\/v2\/tags?post=42873"}],"curies":[{"name":"wp","href":"https:\/\/api.w.org\/{rel}","templated":true}]}}