{"id":42879,"date":"2026-03-13T23:44:17","date_gmt":"2026-03-13T23:44:17","guid":{"rendered":"https:\/\/tintafresca.net\/?p=42879"},"modified":"2026-03-13T23:55:43","modified_gmt":"2026-03-13T23:55:43","slug":"ministra-do-ambiente-e-energia-regressa-a-marinha-grande-para-acompanhar-a-recuperacao-pos-kristin","status":"publish","type":"post","link":"https:\/\/tintafresca.net\/index.php\/2026\/03\/13\/ministra-do-ambiente-e-energia-regressa-a-marinha-grande-para-acompanhar-a-recuperacao-pos-kristin\/","title":{"rendered":"Ministra do Ambiente regressa \u00e0 Marinha Grande para acompanhar a recupera\u00e7\u00e3o p\u00f3s-Kristin"},"content":{"rendered":"<div id=\"attachment_42882\" style=\"width: 510px\" class=\"wp-caption alignleft\"><img loading=\"lazy\" decoding=\"async\" aria-describedby=\"caption-attachment-42882\" class=\"wp-image-42882 size-full\" src=\"https:\/\/tintafresca.net\/wp-content\/uploads\/2026\/03\/MG_Maria_Graca_Carvalho10.jpg\" alt=\"\" width=\"500\" height=\"332\" srcset=\"https:\/\/tintafresca.net\/wp-content\/uploads\/2026\/03\/MG_Maria_Graca_Carvalho10.jpg 500w, https:\/\/tintafresca.net\/wp-content\/uploads\/2026\/03\/MG_Maria_Graca_Carvalho10-300x199.jpg 300w\" sizes=\"auto, (max-width: 500px) 100vw, 500px\" \/><p id=\"caption-attachment-42882\" class=\"wp-caption-text\">Maria da Gra\u00e7a Carvalho em declara\u00e7\u00f5es aos jornalistas presentes<\/p><\/div>\n<p>A ministra do Ambiente e Energia, Maria da Gra\u00e7a Carvalho deslocou-se \u00e0 Marinha Grande esta sexta-feira, 13 de mar\u00e7o, tendo sido recebida pelo presidente da C\u00e2mara Municipal da Marinha Grande, Paulo Vicente.<\/p>\n<p>No decorrer da visita, \u00e0 Praia da Vieira estiveram presentes o presidente da Estrutura de Miss\u00e3o para recupera\u00e7\u00e3o das zonas afetadas, Paulo Fernandes, o secret\u00e1rio de estado da Energia, Jean Barroca, e o presidente da Junta de Freguesia de Vieira de Leiria, \u00c1lvaro Cardoso.<\/p>\n<p>Paulo Vicente, o presidente da C\u00e2mara, reivindicou o apoio efetivo do Governo e da Estrutura de Miss\u00e3o, sublinhando que recuperar o concelho exige solu\u00e7\u00f5es com maior resili\u00eancia estrutural para enfrentar futuros epis\u00f3dios clim\u00e1ticos desta intensidade.<\/p>\n<div id=\"attachment_42883\" style=\"width: 510px\" class=\"wp-caption alignleft\"><img loading=\"lazy\" decoding=\"async\" aria-describedby=\"caption-attachment-42883\" class=\"wp-image-42883 size-full\" src=\"https:\/\/tintafresca.net\/wp-content\/uploads\/2026\/03\/MG_Maria_Graca_Carvalho20.jpg\" alt=\"\" width=\"500\" height=\"332\" srcset=\"https:\/\/tintafresca.net\/wp-content\/uploads\/2026\/03\/MG_Maria_Graca_Carvalho20.jpg 500w, https:\/\/tintafresca.net\/wp-content\/uploads\/2026\/03\/MG_Maria_Graca_Carvalho20-300x199.jpg 300w\" sizes=\"auto, (max-width: 500px) 100vw, 500px\" \/><p id=\"caption-attachment-42883\" class=\"wp-caption-text\">Visita \u00e0 zona atingida<\/p><\/div>\n<p>Maria da Gra\u00e7a Carvalho, ministra do Ambiente e Energia, refor\u00e7ou que, nesta fase, a reconstru\u00e7\u00e3o das zonas afetadas constitui o principal foco do Programa Sustent\u00e1vel 2030, estando inclusive a ser redirecionados financiamentos de outras \u00e1reas para suprir esta necessidade de cariz urgente. \u201cAproveitar a oportunidade para que fique melhor, do que estava, mais seguro e resiliente\u201d, reiterando o apelo do autarca da Marinha Grande.<\/p>\n<p><strong>\u00a0 \u00a0 Fonte: GCI|CMMG<\/strong><\/p>\n","protected":false},"excerpt":{"rendered":"<p>A ministra do Ambiente e Energia, Maria da Gra\u00e7a Carvalho deslocou-se \u00e0 Marinha Grande esta sexta-feira, 13 de mar\u00e7o, tendo sido recebida pelo presidente da C\u00e2mara Municipal da Marinha Grande, Paulo Vicente. No decorrer da visita, \u00e0 Praia da Vieira estiveram presentes o presidente da Estrutura de Miss\u00e3o para recupera\u00e7\u00e3o das zonas afetadas, Paulo Fernandes, [&hellip;]<\/p>\n","protected":false},"author":2,"featured_media":42884,"comment_status":"open","ping_status":"open","sticky":false,"template":"","format":"standard","meta":{"footnotes":""},"categories":[7],"tags":[],"class_list":["post-42879","post","type-post","status-publish","format-standard","has-post-thumbnail","hentry","category-economia"],"_links":{"self":[{"href":"https:\/\/tintafresca.net\/index.php\/wp-json\/wp\/v2\/posts\/42879","targetHints":{"allow":["GET"]}}],"collection":[{"href":"https:\/\/tintafresca.net\/index.php\/wp-json\/wp\/v2\/posts"}],"about":[{"href":"https:\/\/tintafresca.net\/index.php\/wp-json\/wp\/v2\/types\/post"}],"author":[{"embeddable":true,"href":"https:\/\/tintafresca.net\/index.php\/wp-json\/wp\/v2\/users\/2"}],"replies":[{"embeddable":true,"href":"https:\/\/tintafresca.net\/index.php\/wp-json\/wp\/v2\/comments?post=42879"}],"version-history":[{"count":4,"href":"https:\/\/tintafresca.net\/index.php\/wp-json\/wp\/v2\/posts\/42879\/revisions"}],"predecessor-version":[{"id":42886,"href":"https:\/\/tintafresca.net\/index.php\/wp-json\/wp\/v2\/posts\/42879\/revisions\/42886"}],"wp:featuredmedia":[{"embeddable":true,"href":"https:\/\/tintafresca.net\/index.php\/wp-json\/wp\/v2\/media\/42884"}],"wp:attachment":[{"href":"https:\/\/tintafresca.net\/index.php\/wp-json\/wp\/v2\/media?parent=42879"}],"wp:term":[{"taxonomy":"category","embeddable":true,"href":"https:\/\/tintafresca.net\/index.php\/wp-json\/wp\/v2\/categories?post=42879"},{"taxonomy":"post_tag","embeddable":true,"href":"https:\/\/tintafresca.net\/index.php\/wp-json\/wp\/v2\/tags?post=42879"}],"curies":[{"name":"wp","href":"https:\/\/api.w.org\/{rel}","templated":true}]}}