{"id":42887,"date":"2026-03-14T16:34:44","date_gmt":"2026-03-14T16:34:44","guid":{"rendered":"https:\/\/tintafresca.net\/?p=42887"},"modified":"2026-03-14T16:40:14","modified_gmt":"2026-03-14T16:40:14","slug":"camara-de-leiria-agradece-cooperacao-com-as-forcas-armadas-enquadrada-com-o-dispositivo-da-protecao-civil","status":"publish","type":"post","link":"https:\/\/tintafresca.net\/index.php\/2026\/03\/14\/camara-de-leiria-agradece-cooperacao-com-as-forcas-armadas-enquadrada-com-o-dispositivo-da-protecao-civil\/","title":{"rendered":"C\u00e2mara de Leiria agradece coopera\u00e7\u00e3o com as For\u00e7as Armadas enquadrada com o dispositivo da prote\u00e7\u00e3o civil."},"content":{"rendered":"<div id=\"attachment_42889\" style=\"width: 510px\" class=\"wp-caption alignleft\"><img loading=\"lazy\" decoding=\"async\" aria-describedby=\"caption-attachment-42889\" class=\"wp-image-42889 size-full\" src=\"https:\/\/tintafresca.net\/wp-content\/uploads\/2026\/03\/Leiria_Pacos_concelho10.jpg\" alt=\"\" width=\"500\" height=\"281\" srcset=\"https:\/\/tintafresca.net\/wp-content\/uploads\/2026\/03\/Leiria_Pacos_concelho10.jpg 500w, https:\/\/tintafresca.net\/wp-content\/uploads\/2026\/03\/Leiria_Pacos_concelho10-300x169.jpg 300w\" sizes=\"auto, (max-width: 500px) 100vw, 500px\" \/><p id=\"caption-attachment-42889\" class=\"wp-caption-text\">Pa\u00e7os do Concelho de Leiria<\/p><\/div>\n<p>Na sequ\u00eancia das declara\u00e7\u00f5es esta quinta-feira proferidas pelo ministro da Defesa Nacional na Assembleia da Rep\u00fablica, Nuno Melo, o Munic\u00edpio de Leiria considera importante esclarecer, com rigor factual, a sequ\u00eancia de acontecimentos ocorrida durante os dias mais cr\u00edticos da tempestade Kristin.<\/p>\n<p>Durante esse per\u00edodo, o concelho registou milhares de ocorr\u00eancias e mobilizou um dispositivo operacional de grande dimens\u00e3o, que chegou a integrar mais de 700 operacionais no concelho, que, nesse per\u00edodo, ficou privado de eletricidade e comunica\u00e7\u00f5es.<\/p>\n<p>Todas as decis\u00f5es relativas ao empenhamento de meios foram tomadas exclusivamente com base em crit\u00e9rios operacionais e em articula\u00e7\u00e3o permanente com as entidades presentes no Posto de Comando. A coopera\u00e7\u00e3o com as For\u00e7as Armadas existiu desde o primeiro momento e foi sempre enquadrada na gest\u00e3o do dispositivo de prote\u00e7\u00e3o civil. Para que n\u00e3o subsistam d\u00favidas, importa esclarecer a cronologia dos acontecimentos.<\/p>\n<p><strong>Linha temporal da coopera\u00e7\u00e3o operacional<\/strong><\/p>\n<p><strong>28 de janeiro<\/strong><\/p>\n<p>Instala\u00e7\u00e3o do Posto de Comando no concelho de Leiria.<\/p>\n<p>In\u00edcio da coordena\u00e7\u00e3o operacional com todas as entidades de prote\u00e7\u00e3o e socorro.<\/p>\n<p>In\u00edcio do fornecimento de refei\u00e7\u00f5es a operacionais e militares nas instala\u00e7\u00f5es do Semin\u00e1rio de Leiria, assegurado pelo Munic\u00edpio e por volunt\u00e1rios.<\/p>\n<p>Realiza\u00e7\u00e3o de briefings operacionais di\u00e1rios \u00e0s 08h00 e \u00e0s 18h00, com presen\u00e7a de oficiais de liga\u00e7\u00e3o das diversas entidades.<\/p>\n<p><strong>28 e 29 de janeiro<\/strong><\/p>\n<p>O Munic\u00edpio de Leiria estabeleceu contactos diretos com as unidades militares sediadas no concelho &#8211; Regimento de Artilharia n.\u00ba 4 (RA4) e Base A\u00e9rea n.\u00ba 5 (BA5), bem como atrav\u00e9s do Comando Sub-Regional da Autoridade Nacional de Emerg\u00eancia e Prote\u00e7\u00e3o Civil.<\/p>\n<p>Esses contactos tiveram como objetivo avaliar a possibilidade de mobiliza\u00e7\u00e3o de meios militares.<\/p>\n<p>Devido aos danos provocados pela tempestade nas pr\u00f3prias instala\u00e7\u00f5es militares e \u00e0s dificuldades de comunica\u00e7\u00e3o registadas nesses dias, n\u00e3o foi poss\u00edvel mobilizar meios dessas unidades.<\/p>\n<p><strong>Desde os primeiros dias da opera\u00e7\u00e3o<\/strong><\/p>\n<p>A primeira for\u00e7a militar a entrar no concelho foi a Marinha, atrav\u00e9s de fuzileiros, mobilizados na sequ\u00eancia de contacto direto entre o Estado-Maior da Armada e o Munic\u00edpio de Leiria.<\/p>\n<p>Posteriormente, representantes dos diferentes ramos das For\u00e7as Armadas integraram o dispositivo de coordena\u00e7\u00e3o atrav\u00e9s de oficiais de liga\u00e7\u00e3o no Posto de Comando.<\/p>\n<p><strong>1 e 2 de fevereiro<\/strong><\/p>\n<p>Foi avaliada a possibilidade de empenhamento de militares para vigil\u00e2ncia de geradores devido a furtos registados.<\/p>\n<p>O dispositivo operacional entendeu n\u00e3o ser necess\u00e1rio esse refor\u00e7o, uma vez que PSP e GNR tinham sido refor\u00e7adas desde 29 de janeiro e mantinham capacidade de resposta no concelho.<\/p>\n<p>Considerou-se que esses meios poderiam ser mais \u00fateis noutros territ\u00f3rios afetados.<\/p>\n<p><strong>2 de fevereiro<\/strong><\/p>\n<p>Foi equacionada a disponibiliza\u00e7\u00e3o de drones a\u00e9reos.<\/p>\n<p>Nesse momento, o dispositivo j\u00e1 dispunha de meios pr\u00f3prios e equipamentos da Unidade Especial de Prote\u00e7\u00e3o e Socorro da GNR, pelo que essa capacidade adicional n\u00e3o foi considerada necess\u00e1ria nesse dia, tendo vindo a ser utilizada posteriormente.<\/p>\n<p><strong>3 de fevereiro<\/strong><\/p>\n<p>Foi proposta a instala\u00e7\u00e3o de uma cozinha de campanha.<\/p>\n<p>A proposta n\u00e3o foi considerada necess\u00e1ria, uma vez que desde 28 de janeiro o Munic\u00edpio assegurava o fornecimento regular de refei\u00e7\u00f5es a operacionais e militares nas instala\u00e7\u00f5es do Semin\u00e1rio de Leiria, sem qualquer constrangimento log\u00edstico.<\/p>\n<p>Importa referir que v\u00e1rios militares empenhados no concelho e em concelhos vizinhos realizaram as suas refei\u00e7\u00f5es nesse espa\u00e7o.<\/p>\n<p>Foi tamb\u00e9m proposta a mobiliza\u00e7\u00e3o de um refor\u00e7o adicional de mais de 90 militares da Marinha.<\/p>\n<p>Nessa data, o dispositivo j\u00e1 contava com cerca de 90 fuzileiros integrados nas opera\u00e7\u00f5es, inseridos num contingente global superior a 700 operacionais no terreno.<\/p>\n<p>Considerou-se, por isso, que esse refor\u00e7o poderia ser mais \u00fatil noutros concelhos afetados, o que veio a acontecer.<\/p>\n<p>O munic\u00edpio de Leiria refere igualmente que os meios militares que vieram a ser empenhados entraram num concelho onde o dispositivo de coordena\u00e7\u00e3o j\u00e1 se encontrava plenamente montado e em funcionamento, com Posto de Comando ativo, comunica\u00e7\u00f5es estabelecidas e capacidade log\u00edstica assegurada pelo Munic\u00edpio, incluindo combust\u00edvel, alimenta\u00e7\u00e3o e equipamentos disponibilizados para apoio \u00e0s miss\u00f5es que vieram a ser executadas.<\/p>\n<p>Durante toda a opera\u00e7\u00e3o, o Munic\u00edpio de Leiria manteve uma articula\u00e7\u00e3o permanente com as For\u00e7as Armadas, tendo recebido no Posto de Comando representantes dos diferentes ramos militares, incluindo elementos do Estado-Maior.<\/p>\n<p>Nessas ocasi\u00f5es, o Munic\u00edpio fez quest\u00e3o de expressar o seu reconhecimento e agradecimento pelo empenhamento dos militares no apoio \u00e0s popula\u00e7\u00f5es.<\/p>\n<p>O Munic\u00edpio de Leiria reafirma o profundo respeito institucional pelas For\u00e7as Armadas e pelo contributo que prestaram durante este per\u00edodo particularmente exigente.<\/p>\n<p>Num momento em que o concelho continua empenhado na recupera\u00e7\u00e3o do territ\u00f3rio e no apoio \u00e0s popula\u00e7\u00f5es afetadas, o essencial deve permanecer na coopera\u00e7\u00e3o institucional que sempre caracterizou a resposta a esta emerg\u00eancia.<\/p>\n<p><strong>Fonte: DCRP|CML<\/strong><\/p>\n","protected":false},"excerpt":{"rendered":"<p>Na sequ\u00eancia das declara\u00e7\u00f5es esta quinta-feira proferidas pelo ministro da Defesa Nacional na Assembleia da Rep\u00fablica, Nuno Melo, o Munic\u00edpio de Leiria considera importante esclarecer, com rigor factual, a sequ\u00eancia de acontecimentos ocorrida durante os dias mais cr\u00edticos da tempestade Kristin. Durante esse per\u00edodo, o concelho registou milhares de ocorr\u00eancias e mobilizou um dispositivo operacional [&hellip;]<\/p>\n","protected":false},"author":2,"featured_media":42890,"comment_status":"open","ping_status":"open","sticky":false,"template":"","format":"standard","meta":{"footnotes":""},"categories":[11],"tags":[],"class_list":["post-42887","post","type-post","status-publish","format-standard","has-post-thumbnail","hentry","category-sociedade"],"_links":{"self":[{"href":"https:\/\/tintafresca.net\/index.php\/wp-json\/wp\/v2\/posts\/42887","targetHints":{"allow":["GET"]}}],"collection":[{"href":"https:\/\/tintafresca.net\/index.php\/wp-json\/wp\/v2\/posts"}],"about":[{"href":"https:\/\/tintafresca.net\/index.php\/wp-json\/wp\/v2\/types\/post"}],"author":[{"embeddable":true,"href":"https:\/\/tintafresca.net\/index.php\/wp-json\/wp\/v2\/users\/2"}],"replies":[{"embeddable":true,"href":"https:\/\/tintafresca.net\/index.php\/wp-json\/wp\/v2\/comments?post=42887"}],"version-history":[{"count":2,"href":"https:\/\/tintafresca.net\/index.php\/wp-json\/wp\/v2\/posts\/42887\/revisions"}],"predecessor-version":[{"id":42891,"href":"https:\/\/tintafresca.net\/index.php\/wp-json\/wp\/v2\/posts\/42887\/revisions\/42891"}],"wp:featuredmedia":[{"embeddable":true,"href":"https:\/\/tintafresca.net\/index.php\/wp-json\/wp\/v2\/media\/42890"}],"wp:attachment":[{"href":"https:\/\/tintafresca.net\/index.php\/wp-json\/wp\/v2\/media?parent=42887"}],"wp:term":[{"taxonomy":"category","embeddable":true,"href":"https:\/\/tintafresca.net\/index.php\/wp-json\/wp\/v2\/categories?post=42887"},{"taxonomy":"post_tag","embeddable":true,"href":"https:\/\/tintafresca.net\/index.php\/wp-json\/wp\/v2\/tags?post=42887"}],"curies":[{"name":"wp","href":"https:\/\/api.w.org\/{rel}","templated":true}]}}