{"id":42892,"date":"2026-03-14T17:26:39","date_gmt":"2026-03-14T17:26:39","guid":{"rendered":"https:\/\/tintafresca.net\/?p=42892"},"modified":"2026-03-14T17:35:35","modified_gmt":"2026-03-14T17:35:35","slug":"convento-de-cristo-recebe-xii-feira-da-laranja-no-dia-19-de-abril","status":"publish","type":"post","link":"https:\/\/tintafresca.net\/index.php\/2026\/03\/14\/convento-de-cristo-recebe-xii-feira-da-laranja-no-dia-19-de-abril\/","title":{"rendered":"Convento de Cristo recebe XII Feira da Laranja a 19 de abril"},"content":{"rendered":"<div id=\"attachment_42895\" style=\"width: 410px\" class=\"wp-caption alignleft\"><img loading=\"lazy\" decoding=\"async\" aria-describedby=\"caption-attachment-42895\" class=\"wp-image-42895 size-full\" src=\"https:\/\/tintafresca.net\/wp-content\/uploads\/2026\/03\/Tomar_Feira_da_Laranja10.jpg\" alt=\"\" width=\"400\" height=\"565\" srcset=\"https:\/\/tintafresca.net\/wp-content\/uploads\/2026\/03\/Tomar_Feira_da_Laranja10.jpg 400w, https:\/\/tintafresca.net\/wp-content\/uploads\/2026\/03\/Tomar_Feira_da_Laranja10-212x300.jpg 212w\" sizes=\"auto, (max-width: 400px) 100vw, 400px\" \/><p id=\"caption-attachment-42895\" class=\"wp-caption-text\">Cartaz<\/p><\/div>\n<p align=\"JUSTIFY\">No dia 19 de abril o Convento de Cristo organiza mais uma edi\u00e7\u00e3o da Feira da Laranja inspirada no laranjal do Convento de Cristo.<\/p>\n<p align=\"JUSTIFY\">A Feira da Laranja tornou-se j\u00e1 um marco para quem visita Tomar. De cariz solid\u00e1rio, destina-se a apoiar as institui\u00e7\u00f5es participantes, IPSS\u2019s, Coletividades e Associa\u00e7\u00f5es de Pais das Escolas do Concelho de Tomar, cuja venda dos mais diversos produtos produzidos a partir da laranja, reverte a favor das referidas entidades.<\/p>\n<p align=\"JUSTIFY\">No decorrer da mesma, \u00e0 semelhan\u00e7a de edi\u00e7\u00f5es anteriores, decorrer\u00e1 o Concurso que oferecer\u00e1\u00a0<i>Vouchers<\/i>\u00a0de compras no Intermarch\u00e9 de Tomar, aos vencedores.\u00a0 As categorias a concurso s\u00e3o:\u00a0 originalidade, do\u00e7aria, compotas, licores e melhor banca.<\/p>\n<p align=\"JUSTIFY\">Um dia de festa e anima\u00e7\u00e3o musical com a colabora\u00e7\u00e3o das mais diversas associa\u00e7\u00f5es culturais de Tomar, a n\u00e3o perder no Convento de Cristo.<\/p>\n<p align=\"JUSTIFY\">A entrada para o evento \u00e9 gratuita e ser\u00e1 feita pelo Port\u00e3o do Claustro da Micha.<i><b>Organiza\u00e7\u00e3o:\u00a0<\/b><\/i>Convento de Cristo<\/p>\n<p align=\"JUSTIFY\"><i><b>Parcerias:<\/b><\/i><b>\u00a0<\/b>Munic\u00edpio de Tomar e Uni\u00e3o de Freguesias S. Jo\u00e3o Baptista e Santa Maria dos Olivais.<\/p>\n<p align=\"JUSTIFY\"><b>NOTA:\u00a0<\/b><i>O\u00a0sorteio das bancas realizar-se-\u00e1 no\u00a0<\/i><i><u>dia 12 de abril pelas 10.30h<\/u><\/i>,\u00a0<i>na Sala Multiusos, sendo a entrada feita pela loja.\u00a0<\/i><\/p>\n","protected":false},"excerpt":{"rendered":"<p>No dia 19 de abril o Convento de Cristo organiza mais uma edi\u00e7\u00e3o da Feira da Laranja inspirada no laranjal do Convento de Cristo. A Feira da Laranja tornou-se j\u00e1 um marco para quem visita Tomar. De cariz solid\u00e1rio, destina-se a apoiar as institui\u00e7\u00f5es participantes, IPSS\u2019s, Coletividades e Associa\u00e7\u00f5es de Pais das Escolas do Concelho [&hellip;]<\/p>\n","protected":false},"author":2,"featured_media":42896,"comment_status":"open","ping_status":"open","sticky":false,"template":"","format":"standard","meta":{"footnotes":""},"categories":[10],"tags":[],"class_list":["post-42892","post","type-post","status-publish","format-standard","has-post-thumbnail","hentry","category-patrimonio"],"_links":{"self":[{"href":"https:\/\/tintafresca.net\/index.php\/wp-json\/wp\/v2\/posts\/42892","targetHints":{"allow":["GET"]}}],"collection":[{"href":"https:\/\/tintafresca.net\/index.php\/wp-json\/wp\/v2\/posts"}],"about":[{"href":"https:\/\/tintafresca.net\/index.php\/wp-json\/wp\/v2\/types\/post"}],"author":[{"embeddable":true,"href":"https:\/\/tintafresca.net\/index.php\/wp-json\/wp\/v2\/users\/2"}],"replies":[{"embeddable":true,"href":"https:\/\/tintafresca.net\/index.php\/wp-json\/wp\/v2\/comments?post=42892"}],"version-history":[{"count":6,"href":"https:\/\/tintafresca.net\/index.php\/wp-json\/wp\/v2\/posts\/42892\/revisions"}],"predecessor-version":[{"id":42900,"href":"https:\/\/tintafresca.net\/index.php\/wp-json\/wp\/v2\/posts\/42892\/revisions\/42900"}],"wp:featuredmedia":[{"embeddable":true,"href":"https:\/\/tintafresca.net\/index.php\/wp-json\/wp\/v2\/media\/42896"}],"wp:attachment":[{"href":"https:\/\/tintafresca.net\/index.php\/wp-json\/wp\/v2\/media?parent=42892"}],"wp:term":[{"taxonomy":"category","embeddable":true,"href":"https:\/\/tintafresca.net\/index.php\/wp-json\/wp\/v2\/categories?post=42892"},{"taxonomy":"post_tag","embeddable":true,"href":"https:\/\/tintafresca.net\/index.php\/wp-json\/wp\/v2\/tags?post=42892"}],"curies":[{"name":"wp","href":"https:\/\/api.w.org\/{rel}","templated":true}]}}