{"id":42901,"date":"2026-03-15T00:28:00","date_gmt":"2026-03-15T00:28:00","guid":{"rendered":"https:\/\/tintafresca.net\/?p=42901"},"modified":"2026-03-16T22:48:45","modified_gmt":"2026-03-16T22:48:45","slug":"oito-empresas-portuguesas-vao-estar-em-feira-na-alemanha-com-o-apoio-da-nerlei","status":"publish","type":"post","link":"https:\/\/tintafresca.net\/index.php\/2026\/03\/15\/oito-empresas-portuguesas-vao-estar-em-feira-na-alemanha-com-o-apoio-da-nerlei\/","title":{"rendered":"Oito empresas portuguesas v\u00e3o estar em feira na Alemanha com o apoio da NERLEI"},"content":{"rendered":"<p><img loading=\"lazy\" decoding=\"async\" class=\"alignleft wp-image-42902 size-full\" src=\"https:\/\/tintafresca.net\/wp-content\/uploads\/2026\/03\/Ceramitec10.jpg\" alt=\"\" width=\"500\" height=\"333\" srcset=\"https:\/\/tintafresca.net\/wp-content\/uploads\/2026\/03\/Ceramitec10.jpg 500w, https:\/\/tintafresca.net\/wp-content\/uploads\/2026\/03\/Ceramitec10-300x200.jpg 300w\" sizes=\"auto, (max-width: 500px) 100vw, 500px\" \/>Oito empresas dos distritos de Leiria, Braga e Aveiro com atividades ligadas a m\u00e1quinas, equipamentos e mat\u00e9rias-primas para a ind\u00fastria cer\u00e2mica, v\u00e3o participar na feira CERAMITEC 2026, que decorre entre 24 e 26 de mar\u00e7o, em Munique, na Alemanha, contando para tal com o apoio da NERLEI CCI \u2013 Associa\u00e7\u00e3o Empresarial da Regi\u00e3o de Leiria\/C\u00e2mara de Com\u00e9rcio e Ind\u00fastria.<\/p>\n<p>Esta \u00e9 a quinta edi\u00e7\u00e3o consecutiva em que a NERLEI CCI apoia a participa\u00e7\u00e3o de empresas portuguesas na CERAMITEC. E se at\u00e9 agora apenas tinham participado, com o apoio da NERLEI CCI, empresas do distrito de Leiria, na edi\u00e7\u00e3o de 2026, o apoio da Associa\u00e7\u00e3o foi alargado a empresas do distrito de Aveiro e de Braga.<\/p>\n<p>Assim, do concelho de Leiria estar\u00e3o presentes na CERAMITEC a Brastherm, Lda, empresa especialista em fornos industriais; a Corb\u00e1rio &#8211; Minerais Industriais, SA, empresa que se dedica \u00e0 extra\u00e7\u00e3o de argilas e caulinos; e a Leirimetal, SA, que trabalha na \u00e1rea das m\u00e1quinas e equipamentos industriais para as ind\u00fastrias de materiais de constru\u00e7\u00e3o, cer\u00e2mica e vidro.<\/p>\n<p>Do concelho de Alcoba\u00e7a estar\u00e3o a Metal\u00fargica Lopes e Capitaz, Lda e a RJC &#8211; Solu\u00e7\u00f5es Industriais, SA, ambas a atuar na \u00e1rea metal\u00fargica.<\/p>\n<p>Do concelho da Batalha vai participar a Induzir, Lda, que se dedica \u00e0 fabrica\u00e7\u00e3o de fornos para a ind\u00fastria cer\u00e2mica.<\/p>\n<p>Do concelho de Vila Nova de Famalic\u00e3o, estar\u00e1 a empresa CMW Foudries \u2013 Cruz Martins &amp; Wahl, Lda especialista em fundi\u00e7\u00e3o de ferro fundido; e do Concelho da Anadia, participar\u00e1 a empresa Esmalticer \u2013 Esmaltes Cer\u00e2micos, Lda, que se dedica \u00e0 produ\u00e7\u00e3o e comercializa\u00e7\u00e3o de fritas (mat\u00e9ria-prima do sector cer\u00e2mico), vidros compostos e corantes cer\u00e2micos.<\/p>\n<p>Entre 24 e 26 de mar\u00e7o de 2026, a CERAMITEC, em Munique, ser\u00e1 o ponto de encontro internacional para fornecedores, utilizadores e decisores da ind\u00fastria, investiga\u00e7\u00e3o e tecnologia. Este \u00e9 o primeiro ano do novo formato da feira, com uma dura\u00e7\u00e3o e ciclo mais curtos (de 2 em 2 anos e durante 3 dias), adaptando-se assim \u00e0s mudan\u00e7as em diversos ramos da ind\u00fastria, nos quais os ciclos de inova\u00e7\u00e3o est\u00e3o a acelerar significativamente.<\/p>\n<p>A Messe M\u00fcnchen Exhibition Center vai receber cerca de 500 expositores, de mais de trinta pa\u00edses. Portugal marcar\u00e1 presen\u00e7a com um total de 11 expositores, dos quais oito contam com o apoio da NERLEI CCI, posicionando-se entre os dez principais pa\u00edses estrangeiros representados no certame.<\/p>\n<p>Esta \u00e9 uma a\u00e7\u00e3o integrada no projeto International Business 2025-2026 que a NERLEI CCI est\u00e1 a promover e que durante os anos de 2025 e 2026 vai apoiar, em 50% das despesas eleg\u00edveis, as empresas que participem nas a\u00e7\u00f5es previstas pelo projeto e que englobam: participa\u00e7\u00e3o em diversas feiras internacionais, miss\u00f5es empresariais e a\u00e7\u00f5es de e-commerce e transforma\u00e7\u00e3o digital, com o objetivo de promover a competitividade e capacidade exportadora das PME participantes.<\/p>\n<p>O International Business 2025-26 \u00e9 financiado pelo Portugal 2030, no \u00e2mbito do PITD &#8211; Programa Inova\u00e7\u00e3o e Transi\u00e7\u00e3o Digital, no montante de 5.851.823,52 de euros, dos quais 3.091.115,22 de euros s\u00e3o provenientes do Fundo Europeu de Desenvolvimento Regional.<\/p>\n<p><strong>\u00a0 \u00a0 \u00a0Fonte: NERLEI<\/strong><\/p>\n","protected":false},"excerpt":{"rendered":"<p>Oito empresas dos distritos de Leiria, Braga e Aveiro com atividades ligadas a m\u00e1quinas, equipamentos e mat\u00e9rias-primas para a ind\u00fastria cer\u00e2mica, v\u00e3o participar na feira CERAMITEC 2026, que decorre entre 24 e 26 de mar\u00e7o, em Munique, na Alemanha, contando para tal com o apoio da NERLEI CCI \u2013 Associa\u00e7\u00e3o Empresarial da Regi\u00e3o de Leiria\/C\u00e2mara [&hellip;]<\/p>\n","protected":false},"author":2,"featured_media":42903,"comment_status":"open","ping_status":"open","sticky":false,"template":"","format":"standard","meta":{"footnotes":""},"categories":[7],"tags":[],"class_list":["post-42901","post","type-post","status-publish","format-standard","has-post-thumbnail","hentry","category-economia"],"_links":{"self":[{"href":"https:\/\/tintafresca.net\/index.php\/wp-json\/wp\/v2\/posts\/42901","targetHints":{"allow":["GET"]}}],"collection":[{"href":"https:\/\/tintafresca.net\/index.php\/wp-json\/wp\/v2\/posts"}],"about":[{"href":"https:\/\/tintafresca.net\/index.php\/wp-json\/wp\/v2\/types\/post"}],"author":[{"embeddable":true,"href":"https:\/\/tintafresca.net\/index.php\/wp-json\/wp\/v2\/users\/2"}],"replies":[{"embeddable":true,"href":"https:\/\/tintafresca.net\/index.php\/wp-json\/wp\/v2\/comments?post=42901"}],"version-history":[{"count":1,"href":"https:\/\/tintafresca.net\/index.php\/wp-json\/wp\/v2\/posts\/42901\/revisions"}],"predecessor-version":[{"id":42904,"href":"https:\/\/tintafresca.net\/index.php\/wp-json\/wp\/v2\/posts\/42901\/revisions\/42904"}],"wp:featuredmedia":[{"embeddable":true,"href":"https:\/\/tintafresca.net\/index.php\/wp-json\/wp\/v2\/media\/42903"}],"wp:attachment":[{"href":"https:\/\/tintafresca.net\/index.php\/wp-json\/wp\/v2\/media?parent=42901"}],"wp:term":[{"taxonomy":"category","embeddable":true,"href":"https:\/\/tintafresca.net\/index.php\/wp-json\/wp\/v2\/categories?post=42901"},{"taxonomy":"post_tag","embeddable":true,"href":"https:\/\/tintafresca.net\/index.php\/wp-json\/wp\/v2\/tags?post=42901"}],"curies":[{"name":"wp","href":"https:\/\/api.w.org\/{rel}","templated":true}]}}