{"id":42905,"date":"2026-03-15T21:51:14","date_gmt":"2026-03-15T21:51:14","guid":{"rendered":"https:\/\/tintafresca.net\/?p=42905"},"modified":"2026-03-15T21:57:06","modified_gmt":"2026-03-15T21:57:06","slug":"psp-detem-neto-agressor-em-caldas-da-rainha","status":"publish","type":"post","link":"https:\/\/tintafresca.net\/index.php\/2026\/03\/15\/psp-detem-neto-agressor-em-caldas-da-rainha\/","title":{"rendered":"PSP det\u00e9m neto agressor em Caldas da Rainha"},"content":{"rendered":"<p><img loading=\"lazy\" decoding=\"async\" class=\"alignleft wp-image-13703 size-full\" src=\"https:\/\/tintafresca.net\/wp-content\/uploads\/2022\/02\/Policia20.jpg\" alt=\"\" width=\"352\" height=\"264\" \/>O Comando Distrital de Leiria da Pol\u00edcia de Seguran\u00e7a P\u00fablica deteve, no dia 8 de mar\u00e7o de 2026, atrav\u00e9s da Esquadra de Investiga\u00e7\u00e3o Criminal da Divis\u00e3o Policial de Caldas da Rainha, um homem, de 20 anos de idade, pela pr\u00e1tica do crime de viol\u00eancia dom\u00e9stica.<\/p>\n<p>A deten\u00e7\u00e3o ocorreu fora de flagrante delito e em cumprimento de mandado de deten\u00e7\u00e3o, no \u00e2mbito de uma investiga\u00e7\u00e3o que indicia o homem pela pr\u00e1tica reiterada de atos de viol\u00eancia contra a sua av\u00f3, de 64 anos de idade, com quem residia h\u00e1 cerca de tr\u00eas meses.<\/p>\n<p>De acordo com os factos apurados, o jovem adotava um comportamento agressivo e intimidat\u00f3rio, recorrendo a agress\u00f5es f\u00edsicas, verbais e amea\u00e7as dirigidas \u00e0 v\u00edtima. Entre outros epis\u00f3dios, ter\u00e1 empurrado a v\u00edtima contra uma parede da habita\u00e7\u00e3o, proferido diversos improp\u00e9rios e amea\u00e7as \u00e0 sua integridade f\u00edsica, incluindo amea\u00e7as de morte. Para al\u00e9m da viol\u00eancia f\u00edsica e psicol\u00f3gica, o suspeito provocava ainda danos no interior da resid\u00eancia, destruindo mobili\u00e1rio e outros bens, exercendo igualmente press\u00e3o de natureza econ\u00f3mica e patrimonial sobre a v\u00edtima.<\/p>\n<p>Refira-se que muitos destes comportamentos ocorriam tamb\u00e9m em espa\u00e7os p\u00fablicos, onde a v\u00edtima era alvo de humilha\u00e7\u00e3o e intimida\u00e7\u00e3o por parte do homem.<\/p>\n<p>O jovem, dependente economicamente da av\u00f3, encontrava-se a viver com a mesma desde o final de 2025, ap\u00f3s ter residido anteriormente com outro familiar em Lisboa, onde era acompanhado em consultas de natureza psicol\u00f3gica. Apesar de sofrer de uma patologia do foro mental e de ter sido seguido por especialistas, o homem ter\u00e1 abandonado o acompanhamento cl\u00ednico, n\u00e3o se encontrando atualmente em tratamento.<\/p>\n<p>Importa ainda referir que a v\u00edtima j\u00e1 havia solicitado ajuda no final de 2025, procurando que o neto recebesse acompanhamento psicol\u00f3gico adequado, de forma a melhorar o seu comportamento<\/p>\n<p>\u00c0 v\u00edtima foi atribu\u00eddo o estatuto de v\u00edtima especialmente vulner\u00e1vel no \u00e2mbito do crime de viol\u00eancia dom\u00e9stica, o qual confere um conjunto de direitos e medidas espec\u00edficas de prote\u00e7\u00e3o e apoio.<\/p>\n<p>Ap\u00f3s o desenvolvimento de dilig\u00eancias investigat\u00f3rias por parte da PSP que culminaram na sua deten\u00e7\u00e3o, o homem foi presente a primeiro interrogat\u00f3rio judicial, tendo-lhe sido aplicada a medida de coa\u00e7\u00e3o de afastamento e proibi\u00e7\u00e3o de contactos com a v\u00edtima, bem como a instala\u00e7\u00e3o de dispositivo de alerta.<\/p>\n<p>O Comando Distrital de Leiria da PSP reafirma o seu compromisso na preven\u00e7\u00e3o e combate \u00e0 viol\u00eancia dom\u00e9stica, atuando com firmeza na prote\u00e7\u00e3o das v\u00edtimas e na promo\u00e7\u00e3o da seguran\u00e7a e tranquilidade p\u00fablicas.<\/p>\n<p><strong>\u00a0 \u00a0 Fonte: CDL|PSP<\/strong><\/p>\n","protected":false},"excerpt":{"rendered":"<p>O Comando Distrital de Leiria da Pol\u00edcia de Seguran\u00e7a P\u00fablica deteve, no dia 8 de mar\u00e7o de 2026, atrav\u00e9s da Esquadra de Investiga\u00e7\u00e3o Criminal da Divis\u00e3o Policial de Caldas da Rainha, um homem, de 20 anos de idade, pela pr\u00e1tica do crime de viol\u00eancia dom\u00e9stica. A deten\u00e7\u00e3o ocorreu fora de flagrante delito e em cumprimento [&hellip;]<\/p>\n","protected":false},"author":2,"featured_media":27257,"comment_status":"open","ping_status":"open","sticky":false,"template":"","format":"standard","meta":{"footnotes":""},"categories":[11],"tags":[],"class_list":["post-42905","post","type-post","status-publish","format-standard","has-post-thumbnail","hentry","category-sociedade"],"_links":{"self":[{"href":"https:\/\/tintafresca.net\/index.php\/wp-json\/wp\/v2\/posts\/42905","targetHints":{"allow":["GET"]}}],"collection":[{"href":"https:\/\/tintafresca.net\/index.php\/wp-json\/wp\/v2\/posts"}],"about":[{"href":"https:\/\/tintafresca.net\/index.php\/wp-json\/wp\/v2\/types\/post"}],"author":[{"embeddable":true,"href":"https:\/\/tintafresca.net\/index.php\/wp-json\/wp\/v2\/users\/2"}],"replies":[{"embeddable":true,"href":"https:\/\/tintafresca.net\/index.php\/wp-json\/wp\/v2\/comments?post=42905"}],"version-history":[{"count":1,"href":"https:\/\/tintafresca.net\/index.php\/wp-json\/wp\/v2\/posts\/42905\/revisions"}],"predecessor-version":[{"id":42906,"href":"https:\/\/tintafresca.net\/index.php\/wp-json\/wp\/v2\/posts\/42905\/revisions\/42906"}],"wp:featuredmedia":[{"embeddable":true,"href":"https:\/\/tintafresca.net\/index.php\/wp-json\/wp\/v2\/media\/27257"}],"wp:attachment":[{"href":"https:\/\/tintafresca.net\/index.php\/wp-json\/wp\/v2\/media?parent=42905"}],"wp:term":[{"taxonomy":"category","embeddable":true,"href":"https:\/\/tintafresca.net\/index.php\/wp-json\/wp\/v2\/categories?post=42905"},{"taxonomy":"post_tag","embeddable":true,"href":"https:\/\/tintafresca.net\/index.php\/wp-json\/wp\/v2\/tags?post=42905"}],"curies":[{"name":"wp","href":"https:\/\/api.w.org\/{rel}","templated":true}]}}