{"id":42907,"date":"2026-03-16T22:33:46","date_gmt":"2026-03-16T22:33:46","guid":{"rendered":"https:\/\/tintafresca.net\/?p=42907"},"modified":"2026-03-18T00:08:21","modified_gmt":"2026-03-18T00:08:21","slug":"municipio-de-leiria-aprova-emprestimo-de-25-milhoes-para-financiar-projetos-apos-a-tempestade","status":"publish","type":"post","link":"https:\/\/tintafresca.net\/index.php\/2026\/03\/16\/municipio-de-leiria-aprova-emprestimo-de-25-milhoes-para-financiar-projetos-apos-a-tempestade\/","title":{"rendered":"Munic\u00edpio de Leiria aprova empr\u00e9stimo de 25 milh\u00f5es para financiar projetos p\u00f3s-tempestade"},"content":{"rendered":"<div id=\"attachment_42909\" style=\"width: 510px\" class=\"wp-caption alignleft\"><img loading=\"lazy\" decoding=\"async\" aria-describedby=\"caption-attachment-42909\" class=\"wp-image-42909 size-full\" src=\"https:\/\/tintafresca.net\/wp-content\/uploads\/2026\/03\/Leiria_Pacos_concelho10-1.jpg\" alt=\"\" width=\"500\" height=\"281\" srcset=\"https:\/\/tintafresca.net\/wp-content\/uploads\/2026\/03\/Leiria_Pacos_concelho10-1.jpg 500w, https:\/\/tintafresca.net\/wp-content\/uploads\/2026\/03\/Leiria_Pacos_concelho10-1-300x169.jpg 300w\" sizes=\"auto, (max-width: 500px) 100vw, 500px\" \/><p id=\"caption-attachment-42909\" class=\"wp-caption-text\">Pa\u00e7os do Concelho de Leiria<\/p><\/div>\n<p>A C\u00e2mara Municipal de Leiria aprovou esta segunda-feira, dia 16 de mar\u00e7o, em reuni\u00e3o do executivo, a abertura do procedimento para contrata\u00e7\u00e3o de um empr\u00e9stimo banc\u00e1rio at\u00e9 ao montante m\u00e1ximo de 25 milh\u00f5es de euros para financiar projetos estruturantes no concelho, ap\u00f3s os danos provocados pela tempestade Kristin.<\/p>\n<p>A decis\u00e3o surge no contexto dos danos provocados pela tempestade Kristin, ocorrida a 28 de janeiro de 2026, que provocou impactos muito significativos em infraestruturas e equipamentos municipais, com preju\u00edzos de cerca de 193,4 milh\u00f5es de euros no patrim\u00f3nio do Munic\u00edpio.<\/p>\n<p>O financiamento permitir\u00e1 concretizar interven\u00e7\u00f5es priorit\u00e1rias para o desenvolvimento do concelho, contribuindo para refor\u00e7ar as infraestruturas e os servi\u00e7os p\u00fablicos, promover o desenvolvimento sustent\u00e1vel e melhorar a qualidade de vida em Leiria.<\/p>\n<p>Na \u00e1rea da educa\u00e7\u00e3o, est\u00e3o previstas obras de requalifica\u00e7\u00e3o na Escola B\u00e1sica e Secund\u00e1ria Henrique Sommer, na Maceira, e na Escola B\u00e1sica 2,3 de Colmeias, contribuindo para a moderniza\u00e7\u00e3o dos equipamentos escolares e para a melhoria das condi\u00e7\u00f5es de ensino e aprendizagem.<\/p>\n<p>No dom\u00ednio do desenvolvimento econ\u00f3mico, o plano inclui a segunda fase do Parque Empresarial de Monte Redondo e a cria\u00e7\u00e3o de um espa\u00e7o de cowork no antigo edif\u00edcio da EDP, iniciativas que visam promover o empreendedorismo, apoiar a instala\u00e7\u00e3o de empresas e estimular a cria\u00e7\u00e3o de emprego.<\/p>\n<p>O investimento contempla ainda a constru\u00e7\u00e3o de novos estaleiros municipais na antiga Exelis, infraestrutura que permitir\u00e1 refor\u00e7ar a organiza\u00e7\u00e3o e a capacidade operacional dos servi\u00e7os municipais.<\/p>\n<p>Na \u00e1rea da sa\u00fade, est\u00e1 prevista a reabilita\u00e7\u00e3o do Centro de Sa\u00fade Gorj\u00e3o Henriques, contribuindo para melhorar as condi\u00e7\u00f5es de presta\u00e7\u00e3o de cuidados de sa\u00fade e refor\u00e7ar o acesso da popula\u00e7\u00e3o a servi\u00e7os de proximidade.<\/p>\n<p>Est\u00e3o igualmente previstas v\u00e1rias interven\u00e7\u00f5es de requalifica\u00e7\u00e3o da rede vi\u00e1ria municipal, nomeadamente na Rua Nossa Senhora do Amparo, na Rua D. Jos\u00e9 Alves Correia da Silva, na envolvente da EN 356-2, nas Cortes, na Rua de S\u00e3o Lu\u00eds e no acesso \u00e0 Escola Dr. Correia Mateus, bem como na Rua de Santa Clara. Estas obras visam melhorar a mobilidade, refor\u00e7ar a seguran\u00e7a rodovi\u00e1ria e garantir melhores condi\u00e7\u00f5es de circula\u00e7\u00e3o.<\/p>\n<p>No total, os projetos representam um investimento global de 25 milh\u00f5es de euros e encontram-se integrados nos instrumentos de planeamento municipal.<\/p>\n<p>A proposta agora aprovada pelo executivo municipal ser\u00e1 submetida \u00e0 aprecia\u00e7\u00e3o e vota\u00e7\u00e3o da Assembleia Municipal.<\/p>\n<p><strong>\u00a0 \u00a0 \u00a0Fonte: DCRP|CML<\/strong><\/p>\n","protected":false},"excerpt":{"rendered":"<p>A C\u00e2mara Municipal de Leiria aprovou esta segunda-feira, dia 16 de mar\u00e7o, em reuni\u00e3o do executivo, a abertura do procedimento para contrata\u00e7\u00e3o de um empr\u00e9stimo banc\u00e1rio at\u00e9 ao montante m\u00e1ximo de 25 milh\u00f5es de euros para financiar projetos estruturantes no concelho, ap\u00f3s os danos provocados pela tempestade Kristin. A decis\u00e3o surge no contexto dos danos [&hellip;]<\/p>\n","protected":false},"author":2,"featured_media":42890,"comment_status":"open","ping_status":"open","sticky":false,"template":"","format":"standard","meta":{"footnotes":""},"categories":[7],"tags":[],"class_list":["post-42907","post","type-post","status-publish","format-standard","has-post-thumbnail","hentry","category-economia"],"_links":{"self":[{"href":"https:\/\/tintafresca.net\/index.php\/wp-json\/wp\/v2\/posts\/42907","targetHints":{"allow":["GET"]}}],"collection":[{"href":"https:\/\/tintafresca.net\/index.php\/wp-json\/wp\/v2\/posts"}],"about":[{"href":"https:\/\/tintafresca.net\/index.php\/wp-json\/wp\/v2\/types\/post"}],"author":[{"embeddable":true,"href":"https:\/\/tintafresca.net\/index.php\/wp-json\/wp\/v2\/users\/2"}],"replies":[{"embeddable":true,"href":"https:\/\/tintafresca.net\/index.php\/wp-json\/wp\/v2\/comments?post=42907"}],"version-history":[{"count":4,"href":"https:\/\/tintafresca.net\/index.php\/wp-json\/wp\/v2\/posts\/42907\/revisions"}],"predecessor-version":[{"id":42912,"href":"https:\/\/tintafresca.net\/index.php\/wp-json\/wp\/v2\/posts\/42907\/revisions\/42912"}],"wp:featuredmedia":[{"embeddable":true,"href":"https:\/\/tintafresca.net\/index.php\/wp-json\/wp\/v2\/media\/42890"}],"wp:attachment":[{"href":"https:\/\/tintafresca.net\/index.php\/wp-json\/wp\/v2\/media?parent=42907"}],"wp:term":[{"taxonomy":"category","embeddable":true,"href":"https:\/\/tintafresca.net\/index.php\/wp-json\/wp\/v2\/categories?post=42907"},{"taxonomy":"post_tag","embeddable":true,"href":"https:\/\/tintafresca.net\/index.php\/wp-json\/wp\/v2\/tags?post=42907"}],"curies":[{"name":"wp","href":"https:\/\/api.w.org\/{rel}","templated":true}]}}