{"id":42913,"date":"2026-03-17T01:01:20","date_gmt":"2026-03-17T01:01:20","guid":{"rendered":"https:\/\/tintafresca.net\/?p=42913"},"modified":"2026-03-17T01:10:38","modified_gmt":"2026-03-17T01:10:38","slug":"2a-edicao-do-festival-alcobaca-inspira-arte-literatura-e-paixao-vai-ser-dedicada-ao-tema-terra","status":"publish","type":"post","link":"https:\/\/tintafresca.net\/index.php\/2026\/03\/17\/2a-edicao-do-festival-alcobaca-inspira-arte-literatura-e-paixao-vai-ser-dedicada-ao-tema-terra\/","title":{"rendered":"2\u00aa edi\u00e7\u00e3o do Festival &#8220;Alcoba\u00e7a Inspira \u2013 Arte, Literatura e Paix\u00e3o&#8221; vai ser dedicada ao tema Terra"},"content":{"rendered":"<div id=\"attachment_42915\" style=\"width: 410px\" class=\"wp-caption alignleft\"><img loading=\"lazy\" decoding=\"async\" aria-describedby=\"caption-attachment-42915\" class=\"wp-image-42915 size-full\" src=\"https:\/\/tintafresca.net\/wp-content\/uploads\/2026\/03\/Alcobaca_inspira10.jpg\" alt=\"\" width=\"400\" height=\"524\" srcset=\"https:\/\/tintafresca.net\/wp-content\/uploads\/2026\/03\/Alcobaca_inspira10.jpg 400w, https:\/\/tintafresca.net\/wp-content\/uploads\/2026\/03\/Alcobaca_inspira10-229x300.jpg 229w\" sizes=\"auto, (max-width: 400px) 100vw, 400px\" \/><p id=\"caption-attachment-42915\" class=\"wp-caption-text\">Cartaz<\/p><\/div>\n<p>De 21 a 28 de mar\u00e7o, Alcoba\u00e7a reafirma-se como territ\u00f3rio de encontros e cultura com a 2.\u00aa edi\u00e7\u00e3o do Festival &#8220;Alcoba\u00e7a Inspira \u2013 Arte, Literatura e Paix\u00e3o&#8221;, este ano dedicada ao tema TERRA.<\/p>\n<p>A maior parte da programa\u00e7\u00e3o decorre no PANORAMA \u2013 Multiusos de Alcoba\u00e7a, estendendo-se a outros equipamentos culturais da cidade, como o Museu do Vinho, a Biblioteca Municipal e o Armaz\u00e9m das Artes. Ao longo de uma semana, o p\u00fablico poder\u00e1 assistir a espet\u00e1culos, exposi\u00e7\u00f5es, apresenta\u00e7\u00f5es de livros, \u00e0 Feira do Livro &#8211; com mais de 30 editoras nacionais e locais &#8211; e, paralelamente, atividades dirigidas a escolas.<\/p>\n<p>A abertura acontece com o Passeio Liter\u00e1rio pela Nossa Terra, em homenagem ao Dia Mundial da Poesia. O percurso percorre a cidade, revelando textos de autores ligados ao territ\u00f3rio, como Virg\u00ednia Victorino e Joaquim Vieira Natividade, ligando paisagem, mem\u00f3ria e identidade cultural.<\/p>\n<p>O espet\u00e1culo inaugural, \u201cFlor de Terra\u201d, prop\u00f5e uma viagem art\u00edstica pela mem\u00f3ria, conquistas e afetos que nos ligam ao territ\u00f3rio. M\u00fasica, poesia, palavra dita e imagem cruzam-se numa cria\u00e7\u00e3o que re\u00fane artistas portugueses de refer\u00eancia &#8211; Katia Guerreiro, Sofia Escobar, Caman\u00e9, J\u00fcra, Cl\u00e1udia Pascoal e Miguel \u00c2ngelo &#8211; em di\u00e1logo com artistas locais, grupos folcl\u00f3ricos e coros da comunidade. O momento presta homenagem a Jos\u00e9 Afonso Furtado, figura ligada \u00e0 cultura e a Alcoba\u00e7a.<\/p>\n<p><strong>\u00a0 \u00a0 \u00a0Fonte; GCRP|CMA<\/strong><\/p>\n","protected":false},"excerpt":{"rendered":"<p>De 21 a 28 de mar\u00e7o, Alcoba\u00e7a reafirma-se como territ\u00f3rio de encontros e cultura com a 2.\u00aa edi\u00e7\u00e3o do Festival &#8220;Alcoba\u00e7a Inspira \u2013 Arte, Literatura e Paix\u00e3o&#8221;, este ano dedicada ao tema TERRA. A maior parte da programa\u00e7\u00e3o decorre no PANORAMA \u2013 Multiusos de Alcoba\u00e7a, estendendo-se a outros equipamentos culturais da cidade, como o Museu [&hellip;]<\/p>\n","protected":false},"author":2,"featured_media":42916,"comment_status":"open","ping_status":"open","sticky":false,"template":"","format":"standard","meta":{"footnotes":""},"categories":[5],"tags":[],"class_list":["post-42913","post","type-post","status-publish","format-standard","has-post-thumbnail","hentry","category-artes"],"_links":{"self":[{"href":"https:\/\/tintafresca.net\/index.php\/wp-json\/wp\/v2\/posts\/42913","targetHints":{"allow":["GET"]}}],"collection":[{"href":"https:\/\/tintafresca.net\/index.php\/wp-json\/wp\/v2\/posts"}],"about":[{"href":"https:\/\/tintafresca.net\/index.php\/wp-json\/wp\/v2\/types\/post"}],"author":[{"embeddable":true,"href":"https:\/\/tintafresca.net\/index.php\/wp-json\/wp\/v2\/users\/2"}],"replies":[{"embeddable":true,"href":"https:\/\/tintafresca.net\/index.php\/wp-json\/wp\/v2\/comments?post=42913"}],"version-history":[{"count":3,"href":"https:\/\/tintafresca.net\/index.php\/wp-json\/wp\/v2\/posts\/42913\/revisions"}],"predecessor-version":[{"id":42918,"href":"https:\/\/tintafresca.net\/index.php\/wp-json\/wp\/v2\/posts\/42913\/revisions\/42918"}],"wp:featuredmedia":[{"embeddable":true,"href":"https:\/\/tintafresca.net\/index.php\/wp-json\/wp\/v2\/media\/42916"}],"wp:attachment":[{"href":"https:\/\/tintafresca.net\/index.php\/wp-json\/wp\/v2\/media?parent=42913"}],"wp:term":[{"taxonomy":"category","embeddable":true,"href":"https:\/\/tintafresca.net\/index.php\/wp-json\/wp\/v2\/categories?post=42913"},{"taxonomy":"post_tag","embeddable":true,"href":"https:\/\/tintafresca.net\/index.php\/wp-json\/wp\/v2\/tags?post=42913"}],"curies":[{"name":"wp","href":"https:\/\/api.w.org\/{rel}","templated":true}]}}