{"id":42919,"date":"2026-03-17T23:41:31","date_gmt":"2026-03-17T23:41:31","guid":{"rendered":"https:\/\/tintafresca.net\/?p=42919"},"modified":"2026-03-19T00:03:33","modified_gmt":"2026-03-19T00:03:33","slug":"regime-excecional-para-reconstrucao-de-edificios-apos-a-tempestade-kristin-vai-durar-um-ano","status":"publish","type":"post","link":"https:\/\/tintafresca.net\/index.php\/2026\/03\/17\/regime-excecional-para-reconstrucao-de-edificios-apos-a-tempestade-kristin-vai-durar-um-ano\/","title":{"rendered":"Regime excecional para reconstruir edif\u00edcios ap\u00f3s a tempestade Kristin vai durar um ano"},"content":{"rendered":"<div id=\"attachment_42465\" style=\"width: 510px\" class=\"wp-caption alignleft\"><img loading=\"lazy\" decoding=\"async\" aria-describedby=\"caption-attachment-42465\" class=\"wp-image-42465 size-full\" src=\"https:\/\/tintafresca.net\/wp-content\/uploads\/2026\/02\/Kristine40.jpg\" alt=\"\" width=\"500\" height=\"281\" srcset=\"https:\/\/tintafresca.net\/wp-content\/uploads\/2026\/02\/Kristine40.jpg 500w, https:\/\/tintafresca.net\/wp-content\/uploads\/2026\/02\/Kristine40-300x169.jpg 300w\" sizes=\"auto, (max-width: 500px) 100vw, 500px\" \/><p id=\"caption-attachment-42465\" class=\"wp-caption-text\">Habita\u00e7\u00e3o afetada pela tempestade Kristin<\/p><\/div>\n<p>A C\u00e2mara Municipal da Marinha Grande informa que entrou em vigor, no dia 14 de fevereiro de 2026, o Regime Excecional e Tempor\u00e1rio de Simplifica\u00e7\u00e3o Administrativa e Financeira, com vig\u00eancia de um ano, que visa agilizar e acelerar os processos de reconstru\u00e7\u00e3o, reabilita\u00e7\u00e3o e reposi\u00e7\u00e3o da normalidade em edif\u00edcios, patrim\u00f3nio e infraestruturas afetadas no concelho.<\/p>\n<p>Este regime foi estabelecido pelo Decreto\u00a0Lei n.\u00ba 40\u00a0A\/2026, aprovado pelo Governo, na sequ\u00eancia dos danos provocados pela tempestade Kristin.<\/p>\n<p>As obras de reconstru\u00e7\u00e3o, altera\u00e7\u00e3o, conserva\u00e7\u00e3o ou demoli\u00e7\u00e3o de edif\u00edcios afetados est\u00e3o dispensadas de licen\u00e7a ou comunica\u00e7\u00e3o pr\u00e9via, exigindo-se apenas uma comunica\u00e7\u00e3o eletr\u00f3nica obrigat\u00f3ria dirigida \u00e0 C\u00e2mara Municipal, atrav\u00e9s do e-mail geral@cm-mgrande.pt.<\/p>\n<p>A comunica\u00e7\u00e3o deve incluir:\u00a0Localiza\u00e7\u00e3o do im\u00f3vel, descri\u00e7\u00e3o das obras, fotografias comprovativas e data prevista de in\u00edcio dos trabalhos.\u00a0O incumprimento deste procedimento constitui contraordena\u00e7\u00e3o, com coimas aplic\u00e1veis a pessoas singulares e coletivas.<\/p>\n<p>A ocupa\u00e7\u00e3o do espa\u00e7o p\u00fablico com tapumes, andaimes, contentores ou materiais necess\u00e1rios \u00e0 realiza\u00e7\u00e3o das obras est\u00e1 dispensada de licen\u00e7a, durante os primeiros tr\u00eas meses do regime, desde que destinada \u00e0 salvaguarda de pessoas e bens.<\/p>\n<p>Apesar das simplifica\u00e7\u00f5es administrativas, as obras continuam sujeitas ao cumprimento das normas legais e regulamentares em vigor, nomeadamente PDM e normas t\u00e9cnicas de constru\u00e7\u00e3o.<\/p>\n<p>A fiscaliza\u00e7\u00e3o ser\u00e1 efetuada a posteriori.<\/p>\n<p>Fica suspensa, at\u00e9 29 de maio de 2026, a necessidade de autoriza\u00e7\u00e3o pr\u00e9via da ACT para a remo\u00e7\u00e3o de amianto, permanecendo obrigat\u00f3ria a notifica\u00e7\u00e3o \u00e0 entidade antes do in\u00edcio dos trabalhos.<\/p>\n<p>Os empreiteiros podem realizar obras de classe imediatamente superior \u00e0 do seu alvar\u00e1, exclusivamente no \u00e2mbito das interven\u00e7\u00f5es previstas neste regime excecional.<\/p>\n<p><strong>\u00a0 \u00a0Fonte: GCI|CMMG<\/strong><\/p>\n","protected":false},"excerpt":{"rendered":"<p>A C\u00e2mara Municipal da Marinha Grande informa que entrou em vigor, no dia 14 de fevereiro de 2026, o Regime Excecional e Tempor\u00e1rio de Simplifica\u00e7\u00e3o Administrativa e Financeira, com vig\u00eancia de um ano, que visa agilizar e acelerar os processos de reconstru\u00e7\u00e3o, reabilita\u00e7\u00e3o e reposi\u00e7\u00e3o da normalidade em edif\u00edcios, patrim\u00f3nio e infraestruturas afetadas no concelho. [&hellip;]<\/p>\n","protected":false},"author":2,"featured_media":42461,"comment_status":"open","ping_status":"open","sticky":false,"template":"","format":"standard","meta":{"footnotes":""},"categories":[7],"tags":[],"class_list":["post-42919","post","type-post","status-publish","format-standard","has-post-thumbnail","hentry","category-economia"],"_links":{"self":[{"href":"https:\/\/tintafresca.net\/index.php\/wp-json\/wp\/v2\/posts\/42919","targetHints":{"allow":["GET"]}}],"collection":[{"href":"https:\/\/tintafresca.net\/index.php\/wp-json\/wp\/v2\/posts"}],"about":[{"href":"https:\/\/tintafresca.net\/index.php\/wp-json\/wp\/v2\/types\/post"}],"author":[{"embeddable":true,"href":"https:\/\/tintafresca.net\/index.php\/wp-json\/wp\/v2\/users\/2"}],"replies":[{"embeddable":true,"href":"https:\/\/tintafresca.net\/index.php\/wp-json\/wp\/v2\/comments?post=42919"}],"version-history":[{"count":4,"href":"https:\/\/tintafresca.net\/index.php\/wp-json\/wp\/v2\/posts\/42919\/revisions"}],"predecessor-version":[{"id":42923,"href":"https:\/\/tintafresca.net\/index.php\/wp-json\/wp\/v2\/posts\/42919\/revisions\/42923"}],"wp:featuredmedia":[{"embeddable":true,"href":"https:\/\/tintafresca.net\/index.php\/wp-json\/wp\/v2\/media\/42461"}],"wp:attachment":[{"href":"https:\/\/tintafresca.net\/index.php\/wp-json\/wp\/v2\/media?parent=42919"}],"wp:term":[{"taxonomy":"category","embeddable":true,"href":"https:\/\/tintafresca.net\/index.php\/wp-json\/wp\/v2\/categories?post=42919"},{"taxonomy":"post_tag","embeddable":true,"href":"https:\/\/tintafresca.net\/index.php\/wp-json\/wp\/v2\/tags?post=42919"}],"curies":[{"name":"wp","href":"https:\/\/api.w.org\/{rel}","templated":true}]}}