{"id":4314,"date":"2021-05-23T09:24:42","date_gmt":"2021-05-23T09:24:42","guid":{"rendered":"https:\/\/tintafresca.net\/?p=4314"},"modified":"2021-05-23T09:32:00","modified_gmt":"2021-05-23T09:32:00","slug":"centro-hospitalar-de-leiria-medalhado-com-grau-ouro-pelo-contributo-inestimavel-no-combate-a-pandemia","status":"publish","type":"post","link":"https:\/\/tintafresca.net\/index.php\/2021\/05\/23\/centro-hospitalar-de-leiria-medalhado-com-grau-ouro-pelo-contributo-inestimavel-no-combate-a-pandemia\/","title":{"rendered":"Centro Hospitalar de Leiria medalhado com grau \u201cOuro\u201d pelo contributo no combate \u00e0 pandemia"},"content":{"rendered":"<div id=\"attachment_4316\" style=\"width: 510px\" class=\"wp-caption alignleft\"><img loading=\"lazy\" decoding=\"async\" aria-describedby=\"caption-attachment-4316\" class=\"wp-image-4316 size-full\" src=\"https:\/\/tintafresca.net\/wp-content\/uploads\/2021\/05\/CHL_governantes30.jpg\" alt=\"\" width=\"500\" height=\"333\" \/><p id=\"caption-attachment-4316\" class=\"wp-caption-text\">Centro Hospitalar de Leiria foi homenageado pelo inestim\u00e1vel contributo de todos os grupos profissionais que o integram no combate \u00e0 pandemia de Covid19<\/p><\/div>\n<p>O Centro Hospitalar de Leiria (CHL) foi homenageado este s\u00e1bado com a medalha de m\u00e9rito municipal de grau \u201cOuro\u201d pela C\u00e2mara Municipal de Leiria, na classe \u201cServi\u00e7os Relevantes\u201d, pelo \u201cinestim\u00e1vel\u201d contributo de todos os grupos profissionais que o integram nas a\u00e7\u00f5es de combate \u00e0 pandemia por Covid-19. Lic\u00ednio de Carvalho, presidente do Conselho de Administra\u00e7\u00e3o do CHL, subiu ao palco do Teatro Jos\u00e9 L\u00facio da Silva para receber a distin\u00e7\u00e3o em nome da institui\u00e7\u00e3o, na cerim\u00f3nia solene do Dia do Munic\u00edpio de Leiria, realizada neste dia 22 de maio.<\/p>\n<p>\u00abGostava de tornar extens\u00edvel este pr\u00e9mio n\u00e3o apenas ao Munic\u00edpio, mas tamb\u00e9m a toda a comunidade que nos apoiou, desde a primeira hora, fossem associa\u00e7\u00f5es p\u00fablicas, privadas, particulares, empres\u00e1rios, autarcas, outros servi\u00e7os prestadores de cuidados de sa\u00fade, o que nos deu muito alento, muita coragem, muito apoio, e realmente \u00e9 de elementar justi\u00e7a eu permitir interpretar que este pr\u00e9mio n\u00e3o \u00e9 apenas do Munic\u00edpio, mas de toda a comunidade que nos envolveu. Muito obrigado a todos por esta distin\u00e7\u00e3o, e por este apoio e suporte que deram a todos os nossos profissionais\u00bb, agradeceu Lic\u00ednio de Carvalho.<\/p>\n<p>\u00abEsta distin\u00e7\u00e3o e este reconhecimento \u00e9 de todos os profissionais do Centro Hospitalar de Leiria. \u00c9 a eles que eu endosso este pr\u00e9mio. E n\u00e3o \u00e9 apenas dos profissionais que pertencem ao quadro do hospital, \u00e9 tamb\u00e9m dos prestadores de servi\u00e7os, \u00e9 dos colaboradores de todas as empresas que permitem que as quatro institui\u00e7\u00f5es que comp\u00f5em o CHL funcionem, que d\u00ea respostas 24 sobre 24 horas \u00e0 nossa popula\u00e7\u00e3o, que aqui foi referenciada como sendo superior a 400 mil habitantes de oito concelhos desta zona do nosso pa\u00eds\u00bb, real\u00e7ou o presidente do Conselho de Administra\u00e7\u00e3o do CHL.<\/p>\n<p>\u00abTamb\u00e9m com a anu\u00eancia do senhor presidente da Assembleia Municipal e do senhor presidente da C\u00e2mara Municipal de Leiria, gostava de dizer que este pr\u00e9mio e este reconhecimento \u00e9 tamb\u00e9m devido a todos os familiares dos nossos profissionais. N\u00e3o apenas dos profissionais que ficaram em isolamento profil\u00e1tico, aos que foram infetados, todos no fundo foram e s\u00e3o afetados por esta pandemia e por este ano inesquec\u00edvel, infelizmente por muitas m\u00e1s raz\u00f5es, como \u00e9 reconhecido\u00bb, sublinhou Lic\u00ednio de Carvalho. \u00abEste reconhecimento deve ser extens\u00edvel aos nossos familiares, aos familiares dos mais de 2.500 profissionais envolvidos no centro hospitalar, que viveram tamb\u00e9m momentos de ang\u00fastia, de incerteza, momentos de risco e momentos de grande sofrimento at\u00e9, em v\u00e1rias ocasi\u00f5es. A todos, muito obrigado! O pr\u00e9mio \u00e9 deles, o pr\u00e9mio \u00e9 vosso, e eu agrade\u00e7o imenso, e \u00e9 com grande orgulho que represento aqui o Centro Hospitalar de Leiria.\u00bb<\/p>\n<p>Gon\u00e7alo Lopes, presidente da C\u00e2mara Municipal de Leiria, congratulou todo o setor da Sa\u00fade no combate \u00e0 pandemia por Covid-19, tendo distinguido tamb\u00e9m o ACES Pinhal Litoral e o Grupo Beatriz Godinho nesta cerim\u00f3nia. \u00abN\u00e3o h\u00e1 palavras que traduzam a nossa gratid\u00e3o, n\u00e3o h\u00e1 dinheiro que pague a vossa entrega e a vossa generosidade. As mulheres e homens que estiveram expostos aos riscos na linha da frente, desde o primeiro minuto, s\u00e3o os her\u00f3is entre os her\u00f3is, que lutam por n\u00f3s contra a pandemia. As medalhas que vos atribu\u00edmos simbolizam o abra\u00e7o de reconhecimento e gratid\u00e3o que a nossa popula\u00e7\u00e3o desejaria dar a todos os profissionais de sa\u00fade. Muito obrigado. Muito obrigado do cora\u00e7\u00e3o!\u00bb<\/p>\n<p>Na sess\u00e3o solene do Dia do Munic\u00edpio de Leiria foram atribu\u00eddas medalhas de m\u00e9rito municipal nas classes empresarial, servi\u00e7os relevantes, cultura e desporto, a 19 pessoas e institui\u00e7\u00f5es, nos graus \u201cCobre\u201d, \u201cPrata\u201d e \u201cOuro\u201d.<\/p>\n<p><strong>Munic\u00edpio de Leiria homenageia empres\u00e1rios pelo contributo no combate \u00e0 pandemia Covid-19<\/strong><\/p>\n<p>O Munic\u00edpio de Leiria promoveu este s\u00e1bado uma sess\u00e3o de homenagem \u00e0 classe empresarial do concelho de Leiria pelo importante papel desempenhado durante o combate \u00e0 pandemia Covid-19.<\/p>\n<p>Na sess\u00e3o, o presidente da C\u00e2mara Municipal de Leiria, Gon\u00e7alo Lopes, manifestou enorme gratid\u00e3o e reconhecimento perante o papel que a classe empresarial do concelho desempenhou no combate \u00e0 pandemia e na redu\u00e7\u00e3o do seu impacto econ\u00f3mico na nossa regi\u00e3o.<\/p>\n<p>\u201cFoi profundamente moralizador e animador sentir, naqueles primeiros dias marcados por um sentimento de ang\u00fastia e incerteza em rela\u00e7\u00e3o ao futuro, que todos v\u00f3s, l\u00edderes empresariais, estavam j\u00e1 na linha da frente prontos para o que fosse necess\u00e1rio, a criar solu\u00e7\u00f5es inovadoras e urgentes de resposta \u00e0 pandemia\u201d, disse Gon\u00e7alo Lopes, destacando o forte espirito solid\u00e1rio que se manifestou em muitas empresas que disponibilizaram os seus recursos para prestar apoio a quem mais necessitava.<\/p>\n<p>\u201cEste movimento, que envolveu a nossa comunidade empresarial, constitui a prova inequ\u00edvoca de que, ao contr\u00e1rio do que se diz, os leirienses s\u00e3o bairristas, amam a sua terra e t\u00eam uma enorme capacidade de adapta\u00e7\u00e3o, dando provas extraordin\u00e1rias de solidariedade e de resili\u00eancia\u201d, real\u00e7ou o presidente da C\u00e2mara.<\/p>\n<p>\u201cAgora que j\u00e1 conseguimos olhar para a frente com um pouco mais de seguran\u00e7a e confian\u00e7a, podemos tirar uma grande ila\u00e7\u00e3o desta pandemia: a for\u00e7a e o potencial das empresas de Leiria s\u00e3o extraordin\u00e1rios. Esta pandemia veio mostrar tamb\u00e9m que, sempre que nos unirmos, seremos capazes de projetar ainda mais o nosso concelho e fazer de Leiria uma verdadeira e reconhecida pot\u00eancia econ\u00f3mica\u201d, disse, manifestando total empenho em criar as melhores condi\u00e7\u00f5es para o desenvolvimento do potencial de Leiria, consolidando cada vez mais esta regi\u00e3o em estreita colabora\u00e7\u00e3o com as diferentes entidades relevantes para este caminho, como \u00e9 o Polit\u00e9cnico de Leiria, a Nerlei e a Acilis.<\/p>\n<p>\u201cN\u00e3o tenho qualquer reserva, muito pelo contr\u00e1rio, em incluir os nossos empres\u00e1rios e trabalhadores entre os her\u00f3is desta pandemia\u201d, afirmou Gon\u00e7alo Lopes, numa sess\u00e3o em que foram homenageadas cerca\u00a0 de 50 empresas.<\/p>\n<p><strong>\u00a0 \u00a0 Fonte: Midlandcom e GRPG|CML<\/strong><\/p>\n","protected":false},"excerpt":{"rendered":"<p>O Centro Hospitalar de Leiria (CHL) foi homenageado este s\u00e1bado com a medalha de m\u00e9rito municipal de grau \u201cOuro\u201d pela C\u00e2mara Municipal de Leiria, na classe \u201cServi\u00e7os Relevantes\u201d, pelo \u201cinestim\u00e1vel\u201d contributo de todos os grupos profissionais que o integram nas a\u00e7\u00f5es de combate \u00e0 pandemia por Covid-19. Lic\u00ednio de Carvalho, presidente do Conselho de Administra\u00e7\u00e3o [&hellip;]<\/p>\n","protected":false},"author":2,"featured_media":4317,"comment_status":"open","ping_status":"open","sticky":false,"template":"","format":"standard","meta":{"footnotes":""},"categories":[6],"tags":[],"class_list":["post-4314","post","type-post","status-publish","format-standard","has-post-thumbnail","hentry","category-saude"],"_links":{"self":[{"href":"https:\/\/tintafresca.net\/index.php\/wp-json\/wp\/v2\/posts\/4314","targetHints":{"allow":["GET"]}}],"collection":[{"href":"https:\/\/tintafresca.net\/index.php\/wp-json\/wp\/v2\/posts"}],"about":[{"href":"https:\/\/tintafresca.net\/index.php\/wp-json\/wp\/v2\/types\/post"}],"author":[{"embeddable":true,"href":"https:\/\/tintafresca.net\/index.php\/wp-json\/wp\/v2\/users\/2"}],"replies":[{"embeddable":true,"href":"https:\/\/tintafresca.net\/index.php\/wp-json\/wp\/v2\/comments?post=4314"}],"version-history":[{"count":3,"href":"https:\/\/tintafresca.net\/index.php\/wp-json\/wp\/v2\/posts\/4314\/revisions"}],"predecessor-version":[{"id":4319,"href":"https:\/\/tintafresca.net\/index.php\/wp-json\/wp\/v2\/posts\/4314\/revisions\/4319"}],"wp:featuredmedia":[{"embeddable":true,"href":"https:\/\/tintafresca.net\/index.php\/wp-json\/wp\/v2\/media\/4317"}],"wp:attachment":[{"href":"https:\/\/tintafresca.net\/index.php\/wp-json\/wp\/v2\/media?parent=4314"}],"wp:term":[{"taxonomy":"category","embeddable":true,"href":"https:\/\/tintafresca.net\/index.php\/wp-json\/wp\/v2\/categories?post=4314"},{"taxonomy":"post_tag","embeddable":true,"href":"https:\/\/tintafresca.net\/index.php\/wp-json\/wp\/v2\/tags?post=4314"}],"curies":[{"name":"wp","href":"https:\/\/api.w.org\/{rel}","templated":true}]}}