{"id":43244,"date":"2026-04-26T23:49:15","date_gmt":"2026-04-26T23:49:15","guid":{"rendered":"https:\/\/tintafresca.net\/?p=43244"},"modified":"2026-04-26T23:53:11","modified_gmt":"2026-04-26T23:53:11","slug":"santarem-lanca-centro-vivo-2025-2035-e-assume-revitalizacao-do-centro-historico-em-10-anos","status":"publish","type":"post","link":"https:\/\/tintafresca.net\/index.php\/2026\/04\/26\/santarem-lanca-centro-vivo-2025-2035-e-assume-revitalizacao-do-centro-historico-em-10-anos\/","title":{"rendered":"Santar\u00e9m lan\u00e7a Centro Vivo 2025-2035 e assume revitaliza\u00e7\u00e3o do Centro Hist\u00f3rico em 10 anos"},"content":{"rendered":"<div id=\"attachment_43247\" style=\"width: 510px\" class=\"wp-caption alignleft\"><img loading=\"lazy\" decoding=\"async\" aria-describedby=\"caption-attachment-43247\" class=\"wp-image-43247 size-full\" src=\"https:\/\/tintafresca.net\/wp-content\/uploads\/2026\/04\/Santarem_SIL10.jpg\" alt=\"\" width=\"500\" height=\"334\" srcset=\"https:\/\/tintafresca.net\/wp-content\/uploads\/2026\/04\/Santarem_SIL10.jpg 500w, https:\/\/tintafresca.net\/wp-content\/uploads\/2026\/04\/Santarem_SIL10-300x200.jpg 300w\" sizes=\"auto, (max-width: 500px) 100vw, 500px\" \/><p id=\"caption-attachment-43247\" class=\"wp-caption-text\">Interven\u00e7\u00e3o de Jo\u00e3o Teixeira Leite no SIL<\/p><\/div>\n<p>A revitaliza\u00e7\u00e3o dos centros hist\u00f3ricos \u00e9 hoje um desafio comum a muitas cidades, em Portugal e na Europa. Em Santar\u00e9m, esse tema foi assumido como prioridade, com a apresenta\u00e7\u00e3o, no Sal\u00e3o Imobili\u00e1rio de Lisboa (SIL), do programa \u201cCentro Vivo 2025\u20132035\u201d, que marca uma nova fase de interven\u00e7\u00e3o, centrada na concretiza\u00e7\u00e3o de projetos no terreno.<\/p>\n<p>\u00c9 um plano de investimento para os pr\u00f3ximos anos, com uma dimens\u00e3o significativa e impacto direto no Centro Hist\u00f3rico e na Ribeira, orientado para devolver vida a estes territ\u00f3rios e refor\u00e7ar a sua atratividade para viver, trabalhar, investir e visitar.<\/p>\n<p>O programa organiza-se em v\u00e1rias \u00e1reas de interven\u00e7\u00e3o, como a economia e o com\u00e9rcio, a habita\u00e7\u00e3o e a reabilita\u00e7\u00e3o urbana, o espa\u00e7o p\u00fablico e a mobilidade, o patrim\u00f3nio e a identidade, bem como a liga\u00e7\u00e3o \u00e0 Ribeira e ao rio Tejo, que funcionam em conjunto para melhorar o dia a dia no centro da cidade.<\/p>\n<p>No centro desta estrat\u00e9gia est\u00e3o projetos com capacidade de criar din\u00e2mica e atrair pessoas. Entre eles destaca-se a requalifica\u00e7\u00e3o da antiga Escola Pr\u00e1tica de Cavalaria (EPC), o projeto mais estruturante, que dar\u00e1 origem a um novo polo com servi\u00e7os municipais, resid\u00eancias de estudantes, a sede do Instituto Polit\u00e9cnico de Santar\u00e9m, o Pal\u00e1cio da Justi\u00e7a, o Museu de Abril e dos Valores Universais, uma unidade hoteleira e espa\u00e7os de lazer e desporto. As resid\u00eancias de estudantes j\u00e1 se encontram em obra.<\/p>\n<p>Em articula\u00e7\u00e3o, o antigo Pres\u00eddio Militar ser\u00e1 reconvertido em unidade hoteleira, refor\u00e7ando a atratividade tur\u00edstica e a economia local. O Mercado Municipal afirma-se como um espa\u00e7o de dinamiza\u00e7\u00e3o econ\u00f3mica e social, atrav\u00e9s de programa\u00e7\u00e3o regular e utiliza\u00e7\u00e3o cont\u00ednua.<\/p>\n<p>Na \u00e1rea da habita\u00e7\u00e3o, o programa aposta na requalifica\u00e7\u00e3o do edificado e na cria\u00e7\u00e3o de condi\u00e7\u00f5es para fixar popula\u00e7\u00e3o, destacando tamb\u00e9m o investimento privado j\u00e1 em curso. Est\u00e3o previstas interven\u00e7\u00f5es nas escolas de S\u00e3o Bento, Pereiro e S\u00e3o Salvador (para uma creche), melhorando as suas condi\u00e7\u00f5es, bem como a aquisi\u00e7\u00e3o de im\u00f3veis estrat\u00e9gicos para habita\u00e7\u00e3o e novos usos, incluindo resid\u00eancias de estudantes e habita\u00e7\u00e3o jovem.<\/p>\n<p>O patrim\u00f3nio e a cultura s\u00e3o tamb\u00e9m centrais. A requalifica\u00e7\u00e3o do Teatro Rosa Damasceno dar\u00e1 origem \u00e0 futura Casa das Artes e Cultura de Santar\u00e9m. As interven\u00e7\u00f5es em igrejas, como Marvila, Gra\u00e7a e Santa Iria, nas muralhas e encostas contribuem para preservar a identidade hist\u00f3rica e valorizar a imagem urbana do Centro Hist\u00f3rico.<\/p>\n<p>No espa\u00e7o p\u00fablico, est\u00e3o previstas interven\u00e7\u00f5es como os Passadi\u00e7os do Tejo, a melhoria de percursos pedonais mais acess\u00edveis, a requalifica\u00e7\u00e3o de largos e o refor\u00e7o das condi\u00e7\u00f5es de acessibilidade, a cria\u00e7\u00e3o de novas bolsas de estacionamento e o refor\u00e7o da videovigil\u00e2ncia, tornando o centro mais confort\u00e1vel e funcional. O Bairro Digital de Santar\u00e9m complementa esta abordagem, apoiando o com\u00e9rcio local e a gest\u00e3o urbana.<\/p>\n<p>Na Ribeira de Santar\u00e9m, o objetivo \u00e9 voltar a ligar a cidade ao rio e valorizar este territ\u00f3rio como parte do dia a dia. Est\u00e1 prevista uma interven\u00e7\u00e3o faseada na frente ribeirinha, com o desenvolvimento do Parque Natura Tejo, o campo de futebol, projetos de regenera\u00e7\u00e3o urbana e melhorias em Alfange, melhorias no espa\u00e7o p\u00fablico, criando melhores condi\u00e7\u00f5es de uso, lazer e perman\u00eancia junto ao Tejo.<\/p>\n<p>A ideia \u00e9 trazer mais pessoas \u00e0 Ribeira e integr\u00e1-la novamente na vida da cidade, incluindo tamb\u00e9m projetos com dimens\u00e3o social e educativa, como a instala\u00e7\u00e3o da Scholas Occurrentes.<\/p>\n<p>O Centro Vivo ser\u00e1 desenvolvido por fases: h\u00e1 projetos j\u00e1 em curso, outros em prepara\u00e7\u00e3o e outros que avan\u00e7ar\u00e3o \u00e0 medida que existam condi\u00e7\u00f5es de financiamento. \u00c9 um programa que vai sendo ajustado \u00e0 realidade, \u00e0s necessidades e aos desafios que v\u00e3o surgindo.<\/p>\n<p>O programa assenta numa combina\u00e7\u00e3o de fontes de financiamento, incluindo fundos comunit\u00e1rios, investimento municipal e investimento privado, garantindo uma execu\u00e7\u00e3o faseada e ajustada \u00e0s oportunidades que venham a surgir.<\/p>\n<p>Na apresenta\u00e7\u00e3o, o presidente da C\u00e2mara Municipal sublinhou o compromisso assumido: \u201cHoje n\u00e3o venho apresentar um plano te\u00f3rico. Venho apresentar um compromisso. Um programa de investimento e de execu\u00e7\u00e3o para o Centro Hist\u00f3rico e a Ribeira de Santar\u00e9m.\u201d \u201cEste \u00e9 um programa para fazer.\u201d \u201cO que queremos \u00e9 simples: voltar a ter um Centro Hist\u00f3rico vivido, com mais pessoas, mais atividade e mais uso no dia a dia.\u201d<\/p>\n<p>O programa ser\u00e1 acompanhado no terreno pelo Gabinete do Centro Hist\u00f3rico, garantindo proximidade com moradores, comerciantes, investidores e institui\u00e7\u00f5es.<\/p>\n<p>O Centro Vivo entra agora em consulta p\u00fablica entre 30 de abril e 30 de maio, convidando a comunidade a participar com contributos e sugest\u00f5es.<\/p>\n<p>Este \u00e9 um ponto de partida para um trabalho exigente, que assume a revitaliza\u00e7\u00e3o do Centro Hist\u00f3rico e da Ribeira como uma das prioridades para o concelho. \u201cEste \u00e9 um compromisso do Munic\u00edpio, mas \u00e9 tamb\u00e9m um projeto que s\u00f3 faz sentido com o contributo de todos, de quem vive, de quem trabalha, de quem investe e de quem utiliza o Centro Hist\u00f3rico\u201d, conclui.<\/p>\n<p><strong>Fonte: UC|CMS<\/strong><\/p>\n","protected":false},"excerpt":{"rendered":"<p>A revitaliza\u00e7\u00e3o dos centros hist\u00f3ricos \u00e9 hoje um desafio comum a muitas cidades, em Portugal e na Europa. Em Santar\u00e9m, esse tema foi assumido como prioridade, com a apresenta\u00e7\u00e3o, no Sal\u00e3o Imobili\u00e1rio de Lisboa (SIL), do programa \u201cCentro Vivo 2025\u20132035\u201d, que marca uma nova fase de interven\u00e7\u00e3o, centrada na concretiza\u00e7\u00e3o de projetos no terreno. \u00c9 [&hellip;]<\/p>\n","protected":false},"author":2,"featured_media":43248,"comment_status":"open","ping_status":"open","sticky":false,"template":"","format":"standard","meta":{"footnotes":""},"categories":[7],"tags":[],"class_list":["post-43244","post","type-post","status-publish","format-standard","has-post-thumbnail","hentry","category-economia"],"_links":{"self":[{"href":"https:\/\/tintafresca.net\/index.php\/wp-json\/wp\/v2\/posts\/43244","targetHints":{"allow":["GET"]}}],"collection":[{"href":"https:\/\/tintafresca.net\/index.php\/wp-json\/wp\/v2\/posts"}],"about":[{"href":"https:\/\/tintafresca.net\/index.php\/wp-json\/wp\/v2\/types\/post"}],"author":[{"embeddable":true,"href":"https:\/\/tintafresca.net\/index.php\/wp-json\/wp\/v2\/users\/2"}],"replies":[{"embeddable":true,"href":"https:\/\/tintafresca.net\/index.php\/wp-json\/wp\/v2\/comments?post=43244"}],"version-history":[{"count":4,"href":"https:\/\/tintafresca.net\/index.php\/wp-json\/wp\/v2\/posts\/43244\/revisions"}],"predecessor-version":[{"id":43250,"href":"https:\/\/tintafresca.net\/index.php\/wp-json\/wp\/v2\/posts\/43244\/revisions\/43250"}],"wp:featuredmedia":[{"embeddable":true,"href":"https:\/\/tintafresca.net\/index.php\/wp-json\/wp\/v2\/media\/43248"}],"wp:attachment":[{"href":"https:\/\/tintafresca.net\/index.php\/wp-json\/wp\/v2\/media?parent=43244"}],"wp:term":[{"taxonomy":"category","embeddable":true,"href":"https:\/\/tintafresca.net\/index.php\/wp-json\/wp\/v2\/categories?post=43244"},{"taxonomy":"post_tag","embeddable":true,"href":"https:\/\/tintafresca.net\/index.php\/wp-json\/wp\/v2\/tags?post=43244"}],"curies":[{"name":"wp","href":"https:\/\/api.w.org\/{rel}","templated":true}]}}