{"id":43266,"date":"2026-04-29T20:25:03","date_gmt":"2026-04-29T20:25:03","guid":{"rendered":"https:\/\/tintafresca.net\/?p=43266"},"modified":"2026-04-29T21:38:39","modified_gmt":"2026-04-29T21:38:39","slug":"empresas-e-municipios-promovem-concerto-em-leiria-com-grandes-nomes-da-musica-portuguesa","status":"publish","type":"post","link":"https:\/\/tintafresca.net\/index.php\/2026\/04\/29\/empresas-e-municipios-promovem-concerto-em-leiria-com-grandes-nomes-da-musica-portuguesa\/","title":{"rendered":"Empresas e munic\u00edpios promovem concerto em Leiria com grandes nomes da m\u00fasica portuguesa"},"content":{"rendered":"<div id=\"attachment_43268\" style=\"width: 510px\" class=\"wp-caption alignleft\"><img loading=\"lazy\" decoding=\"async\" aria-describedby=\"caption-attachment-43268\" class=\"wp-image-43268 size-full\" src=\"https:\/\/tintafresca.net\/wp-content\/uploads\/2026\/04\/Leiria_concertamos-juntos10.jpg\" alt=\"\" width=\"500\" height=\"333\" srcset=\"https:\/\/tintafresca.net\/wp-content\/uploads\/2026\/04\/Leiria_concertamos-juntos10.jpg 500w, https:\/\/tintafresca.net\/wp-content\/uploads\/2026\/04\/Leiria_concertamos-juntos10-300x200.jpg 300w\" sizes=\"auto, (max-width: 500px) 100vw, 500px\" \/><p id=\"caption-attachment-43268\" class=\"wp-caption-text\">Confer\u00eancia de Imprensa do evento Concertamos Juntos na Villa Portela<br \/>(Foto: Rui Miguel Pedrosa \/\u00a0 Munic\u00edpio de Leiria)<\/p><\/div>\n<p>A Vodafone Portugal, a C\u00e2mara Municipal de Leiria, a Comunidade Intermunicipal da Regi\u00e3o de Leiria [1] (CIMRL), a Repsol e a produtora MOT \u2013 Memories of Tomorrow apresentaram esta ter\u00e7a-feira, em confer\u00eancia de imprensa no Centro de Artes Villa Portela, em Leiria, o projeto \u201cConcertamos Juntos\u201d. Agir, B\u00e1rbara Bandeira, Calema, Cuca Roseta, Plut\u00f3nio, Tony Carreira e Kura sobem ao palco no dia 23 de maio, a partir das 16h e at\u00e9 as 23h, junto ao Est\u00e1dio Municipal de Leiria<\/p>\n<p>Esta iniciativa coloca a m\u00fasica ao servi\u00e7o da uni\u00e3o, da esperan\u00e7a e da reconstru\u00e7\u00e3o da Regi\u00e3o Centro, integrando um conjunto de a\u00e7\u00f5es culturais e culminando num grande evento comunit\u00e1rio, gratuito e aberto a toda a popula\u00e7\u00e3o, especialmente dedicado \u00e0s comunidades das zonas mais afetadas pela depress\u00e3o Kristin.<\/p>\n<p><strong>Evento \u201cConcertamos Juntos\u201d em Leiria dinamiza economia local<\/strong><\/p>\n<p>O compromisso do projeto \u201cConcertamos Juntos\u201d estende-se a todo o recinto. A \u00e1rea de restaura\u00e7\u00e3o ser\u00e1 composta exclusivamente por neg\u00f3cios locais, complementada por uma zona dedicada ao com\u00e9rcio e ao artesanato regional, permitindo ao p\u00fablico conhecer, apoiar e valorizar empres\u00e1rios, produtores e criadores da regi\u00e3o de Leiria.<\/p>\n<p>A presen\u00e7a nestes espa\u00e7os \u00e9 gratuita para todos os comerciantes, numa l\u00f3gica de est\u00edmulo \u00e0 economia local e de cria\u00e7\u00e3o de oportunidades para quem foi mais impactado pelo contexto adverso.<\/p>\n<p>Durante a confer\u00eancia de imprensa, os parceiros envolvidos sublinharam o papel da cultura enquanto catalisador de coes\u00e3o social e emocional, bem como a import\u00e2ncia da colabora\u00e7\u00e3o entre todos &#8211; entidades p\u00fablicas, privadas e criativas \u2013 na resposta a momentos de maior fragilidade social.<\/p>\n<p>\u201cQuero expressar um agradecimento sentido a todos os parceiros que se associaram a esta iniciativa. Este concerto \u00e9 um exemplo claro de como, em momentos exigentes, a articula\u00e7\u00e3o entre entidades p\u00fablicas, privadas e a sociedade civil permite mobilizar recursos e apoiar, de forma concreta, quem mais precisa. Convidamos toda a popula\u00e7\u00e3o a participar neste momento, que \u00e9 de solidariedade, mas tamb\u00e9m de celebra\u00e7\u00e3o da nossa capacidade coletiva de resistir e de nos reerguermos\u201d, refere o presidente da C\u00e2mara Municipal de Leiria, Gon\u00e7alo Lopes.<\/p>\n<p>\u201cEste \u00e9 um exemplo claro de como a cultura pode mobilizar pessoas, gerar esperan\u00e7a e apoiar concretamente a recupera\u00e7\u00e3o do territ\u00f3rio. A CIM Regi\u00e3o de Leiria orgulha-se de fazer parte de uma iniciativa que valoriza a nossa comunidade, refor\u00e7a a coes\u00e3o regional e cria oportunidades para quem mais foi afetado\u201d, afirma o presidente da CIMRL, Jorge Vala.<\/p>\n<p>A componente art\u00edstica, criativa e de produ\u00e7\u00e3o do grande concerto gratuito em Leiria est\u00e1 a cargo da produtora MOT \u2013 Memories of Tomorrow.<\/p>\n<p>&#8220;Acreditamos que a m\u00fasica tem uma capacidade \u00fanica de unir pessoas, gera\u00e7\u00f5es e causas. Aceit\u00e1mos este desafio com o sentido de miss\u00e3o de quem sabe que um evento desta escala e com este prop\u00f3sito \u00e9 mais do que um concerto. Estamos convictos que ser\u00e1 um agradecimento coletivo a uma regi\u00e3o que demonstrou uma resili\u00eancia admir\u00e1vel e com a qual temos trabalhado nos \u00faltimos dois anos. Mobiliz\u00e1mos toda a nossa equipa e recursos para garantir que, no dia 23 de maio, Leiria n\u00e3o tenha apenas um grande espet\u00e1culo, mas sim um momento hist\u00f3rico de celebra\u00e7\u00e3o, uni\u00e3o e esperan\u00e7a no futuro. Deixamos uma palavra de enorme apre\u00e7o a todos os m\u00fasicos e parceiros que fazem acontecer este evento&#8221;, sublinha Tiago Castelo Branco, diretor executivo da MOT &#8211; Memories of Tomorrow.<\/p>\n<p>\u201cAs iniciativas do Concertamos Juntos partilham um objetivo comum: transformar a m\u00fasica em solidariedade e apoio concreto. A Vodafone assume um papel agregador neste movimento, refor\u00e7ando o seu compromisso com a sociedade portuguesa e mobilizando a comunidade a apoiar as regi\u00f5es mais afetadas. A tempestade Kristin deixou marcas profundas, mas acreditamos que, atrav\u00e9s do esfor\u00e7o coletivo, Leiria e a regi\u00e3o Centro sair\u00e3o mais fortes. Podem contar connosco para esse caminho\u201d, afirma In\u00eas Valadas, administradora da Vodafone Portugal.<\/p>\n<p>\u201cAcreditamos que a energia tamb\u00e9m se mede pela capacidade de estar presente quando as comunidades mais precisam. A Repsol esteve pr\u00f3xima das regi\u00f5es afetadas, assegurando o servi\u00e7o essencial e refor\u00e7ando o seu compromisso com quem vive e trabalha nesta regi\u00e3o. No Concertamos Juntos, a m\u00fasica transforma-se num ponto de encontro para a solidariedade e para a reconstru\u00e7\u00e3o, refletindo uma forma de estar pr\u00f3xima, respons\u00e1vel e envolvida com a sociedade portuguesa\u201d, afirma Vera Vicente, administradora-delegada da Repsol Portugal.<\/p>\n<p>O projeto \u201cConcertamos Juntos\u201d tem tamb\u00e9m uma vertente de angaria\u00e7\u00e3o de fundos atrav\u00e9s de iniciativas culturais para a C\u00e1ritas Diocesana de Leiria, que ser\u00e3o integralmente direcionados para a reconstru\u00e7\u00e3o de habita\u00e7\u00f5es e reposi\u00e7\u00e3o de mobili\u00e1rio e de eletrodom\u00e9sticos destru\u00eddos, atrav\u00e9s do \u201cFundo de Emerg\u00eancia \u2013 apoio \u00e0s v\u00edtimas da Tempestade Kristin\u201d.<\/p>\n<p>Uma das a\u00e7\u00f5es acontece j\u00e1 no dia 5 de maio, no Coliseu dos Recreios, em Lisboa com um concerto solid\u00e1rio \u201cConcertamos Juntos\u201d que junta Mariza, Capit\u00e3o Fausto, Tiago Bettencourt, Samuel \u00daria &amp; os 12 ao todo, Carl\u00e3o e Ana Lua Caiano.<\/p>\n<p>No dia 7 de maio, o Coliseu do Porto acolhe o segundo concerto solid\u00e1rio \u201cConcertamos Juntos\u201d, com atua\u00e7\u00f5es de Ornatos Violeta, Slow J, Carminho, Salvador Sobral, GNR e Expensive Soul.<\/p>\n<p>A receita total da bilheteira dos dois espet\u00e1culos \u2013 produzidos pela Ritmos, com curadoria de Jo\u00e3o Carvalho e Samuel \u00daria \u2013 reverte igualmente para o Fundo da C\u00e1ritas Diocesana de Leiria. Os bilhetes est\u00e3o dispon\u00edveis em www.bol.pt (Lisboa e Porto) e nos locais habituais, com pre\u00e7os entre 15 e 50 euros.<\/p>\n<p>O projeto \u201cConcertamos Juntos\u201d conta ainda com o apoio institucional da RTP, da RFM e da JCDecaux, assim como do Programa Regional do Centro 2030.<\/p>\n<p># A Comunidade Intermunicipal da Regi\u00e3o da Leiria (CIMRL) visa o desenvolvimento integrado e sustent\u00e1vel de projetos e atividades de interesse comum aos munic\u00edpios de Alvai\u00e1zere, Ansi\u00e3o, Batalha, Castanheira de Pera, Figueir\u00f3 dos Vinhos, Leiria, Marinha Grande, Pedr\u00f3g\u00e3o Grande, Pombal e Porto de M\u00f3s. A CIMRL conta com o apoio do Programa Regional do Centro 2030.<\/p>\n<p><strong>\u00a0 \u00a0 Fonte: Vodafone<\/strong><\/p>\n","protected":false},"excerpt":{"rendered":"<p>A Vodafone Portugal, a C\u00e2mara Municipal de Leiria, a Comunidade Intermunicipal da Regi\u00e3o de Leiria [1] (CIMRL), a Repsol e a produtora MOT \u2013 Memories of Tomorrow apresentaram esta ter\u00e7a-feira, em confer\u00eancia de imprensa no Centro de Artes Villa Portela, em Leiria, o projeto \u201cConcertamos Juntos\u201d. Agir, B\u00e1rbara Bandeira, Calema, Cuca Roseta, Plut\u00f3nio, Tony Carreira [&hellip;]<\/p>\n","protected":false},"author":2,"featured_media":43269,"comment_status":"open","ping_status":"open","sticky":false,"template":"","format":"standard","meta":{"footnotes":""},"categories":[8],"tags":[],"class_list":["post-43266","post","type-post","status-publish","format-standard","has-post-thumbnail","hentry","category-musica"],"_links":{"self":[{"href":"https:\/\/tintafresca.net\/index.php\/wp-json\/wp\/v2\/posts\/43266","targetHints":{"allow":["GET"]}}],"collection":[{"href":"https:\/\/tintafresca.net\/index.php\/wp-json\/wp\/v2\/posts"}],"about":[{"href":"https:\/\/tintafresca.net\/index.php\/wp-json\/wp\/v2\/types\/post"}],"author":[{"embeddable":true,"href":"https:\/\/tintafresca.net\/index.php\/wp-json\/wp\/v2\/users\/2"}],"replies":[{"embeddable":true,"href":"https:\/\/tintafresca.net\/index.php\/wp-json\/wp\/v2\/comments?post=43266"}],"version-history":[{"count":5,"href":"https:\/\/tintafresca.net\/index.php\/wp-json\/wp\/v2\/posts\/43266\/revisions"}],"predecessor-version":[{"id":43273,"href":"https:\/\/tintafresca.net\/index.php\/wp-json\/wp\/v2\/posts\/43266\/revisions\/43273"}],"wp:featuredmedia":[{"embeddable":true,"href":"https:\/\/tintafresca.net\/index.php\/wp-json\/wp\/v2\/media\/43269"}],"wp:attachment":[{"href":"https:\/\/tintafresca.net\/index.php\/wp-json\/wp\/v2\/media?parent=43266"}],"wp:term":[{"taxonomy":"category","embeddable":true,"href":"https:\/\/tintafresca.net\/index.php\/wp-json\/wp\/v2\/categories?post=43266"},{"taxonomy":"post_tag","embeddable":true,"href":"https:\/\/tintafresca.net\/index.php\/wp-json\/wp\/v2\/tags?post=43266"}],"curies":[{"name":"wp","href":"https:\/\/api.w.org\/{rel}","templated":true}]}}