{"id":43285,"date":"2026-05-03T00:21:10","date_gmt":"2026-05-03T00:21:10","guid":{"rendered":"https:\/\/tintafresca.net\/?p=43285"},"modified":"2026-05-03T00:33:02","modified_gmt":"2026-05-03T00:33:02","slug":"requalificacao-do-auditorio-antonio-campos-cria-novo-espaco-cultural-e-expositivo-na-praia-da-vieira","status":"publish","type":"post","link":"https:\/\/tintafresca.net\/index.php\/2026\/05\/03\/requalificacao-do-auditorio-antonio-campos-cria-novo-espaco-cultural-e-expositivo-na-praia-da-vieira\/","title":{"rendered":"Requalifica\u00e7\u00e3o do Audit\u00f3rio Ant\u00f3nio Campos cria espa\u00e7o cultural e expositivo na praia da Vieira"},"content":{"rendered":"<div id=\"attachment_43287\" style=\"width: 510px\" class=\"wp-caption alignleft\"><img loading=\"lazy\" decoding=\"async\" aria-describedby=\"caption-attachment-43287\" class=\"wp-image-43287 size-full\" src=\"https:\/\/tintafresca.net\/wp-content\/uploads\/2026\/05\/MG_Auditorio-Antonio-Campos_projeto2023_10.jpg\" alt=\"\" width=\"500\" height=\"229\" srcset=\"https:\/\/tintafresca.net\/wp-content\/uploads\/2026\/05\/MG_Auditorio-Antonio-Campos_projeto2023_10.jpg 500w, https:\/\/tintafresca.net\/wp-content\/uploads\/2026\/05\/MG_Auditorio-Antonio-Campos_projeto2023_10-300x137.jpg 300w\" sizes=\"auto, (max-width: 500px) 100vw, 500px\" \/><p id=\"caption-attachment-43287\" class=\"wp-caption-text\">Audit\u00f3rio Ant\u00f3nio Campos<\/p><\/div>\n<p>A C\u00e2mara Municipal da Marinha Grande aprovou, na reuni\u00e3o de 27 de abril de 2026, a adjudica\u00e7\u00e3o da empreitada de requalifica\u00e7\u00e3o do Audit\u00f3rio Ant\u00f3nio Campos, na Praia da Vieira, um projeto estruturante que visa refor\u00e7ar a oferta cultural e melhorar substancialmente as condi\u00e7\u00f5es de utiliza\u00e7\u00e3o daquele equipamento municipal, situado na Praia da Vieira.<\/p>\n<p>A obra foi adjudicada \u00e0 empresa SUZIFIL \u2013 Constru\u00e7\u00f5es, Lda., pelo valor global de 1.198.487,35 euros, acrescido de IVA \u00e0 taxa legal em vigor, com um prazo de execu\u00e7\u00e3o de 15 meses.<\/p>\n<p>O projeto contempla a cria\u00e7\u00e3o de um audit\u00f3rio com capacidade para 100 lugares de plateia, dotado de um palco com \u00e1rea de base livre, concebido para uma utiliza\u00e7\u00e3o multifuncional, podendo funcionar como sala de ensaio ou como espa\u00e7o expositivo tempor\u00e1rio, alargando as val\u00eancias culturais do equipamento.<\/p>\n<p>Est\u00e1 ainda prevista a instala\u00e7\u00e3o de uma \u00e1rea expositiva permanente, organizada em duas salas, bem como uma bilheteira, com possibilidade de inclus\u00e3o de uma copa, com acessos pelo interior e pelo exterior do edif\u00edcio. O programa funcional integra igualmente instala\u00e7\u00f5es sanit\u00e1rias, \u00e1reas de arrumos e espa\u00e7os t\u00e9cnicos, organizados em torno de um n\u00facleo central, garantindo uma utiliza\u00e7\u00e3o funcional e eficiente do edif\u00edcio.<\/p>\n<p>No interior do audit\u00f3rio, ser\u00e1 realizada uma interven\u00e7\u00e3o com a introdu\u00e7\u00e3o de novos elementos estruturais em madeira, numa op\u00e7\u00e3o arquitet\u00f3nica que evoca as antigas habita\u00e7\u00f5es da Praia da Vieira, tradicionalmente constru\u00eddas neste material, refor\u00e7ando a identidade local e a liga\u00e7\u00e3o \u00e0 mem\u00f3ria e hist\u00f3ria do lugar.<\/p>\n<p>A empreitada prev\u00ea ainda a beneficia\u00e7\u00e3o do pequeno largo exterior, promovendo a valoriza\u00e7\u00e3o do espa\u00e7o p\u00fablico envolvente e criando melhores condi\u00e7\u00f5es de frui\u00e7\u00e3o, enquadramento urbano e articula\u00e7\u00e3o entre o audit\u00f3rio e a envolvente.<\/p>\n<p>Fonte: GCI|CMMG<\/p>\n","protected":false},"excerpt":{"rendered":"<p>A C\u00e2mara Municipal da Marinha Grande aprovou, na reuni\u00e3o de 27 de abril de 2026, a adjudica\u00e7\u00e3o da empreitada de requalifica\u00e7\u00e3o do Audit\u00f3rio Ant\u00f3nio Campos, na Praia da Vieira, um projeto estruturante que visa refor\u00e7ar a oferta cultural e melhorar substancialmente as condi\u00e7\u00f5es de utiliza\u00e7\u00e3o daquele equipamento municipal, situado na Praia da Vieira. A obra [&hellip;]<\/p>\n","protected":false},"author":2,"featured_media":43288,"comment_status":"open","ping_status":"open","sticky":false,"template":"","format":"standard","meta":{"footnotes":""},"categories":[5],"tags":[],"class_list":["post-43285","post","type-post","status-publish","format-standard","has-post-thumbnail","hentry","category-artes"],"_links":{"self":[{"href":"https:\/\/tintafresca.net\/index.php\/wp-json\/wp\/v2\/posts\/43285","targetHints":{"allow":["GET"]}}],"collection":[{"href":"https:\/\/tintafresca.net\/index.php\/wp-json\/wp\/v2\/posts"}],"about":[{"href":"https:\/\/tintafresca.net\/index.php\/wp-json\/wp\/v2\/types\/post"}],"author":[{"embeddable":true,"href":"https:\/\/tintafresca.net\/index.php\/wp-json\/wp\/v2\/users\/2"}],"replies":[{"embeddable":true,"href":"https:\/\/tintafresca.net\/index.php\/wp-json\/wp\/v2\/comments?post=43285"}],"version-history":[{"count":3,"href":"https:\/\/tintafresca.net\/index.php\/wp-json\/wp\/v2\/posts\/43285\/revisions"}],"predecessor-version":[{"id":43290,"href":"https:\/\/tintafresca.net\/index.php\/wp-json\/wp\/v2\/posts\/43285\/revisions\/43290"}],"wp:featuredmedia":[{"embeddable":true,"href":"https:\/\/tintafresca.net\/index.php\/wp-json\/wp\/v2\/media\/43288"}],"wp:attachment":[{"href":"https:\/\/tintafresca.net\/index.php\/wp-json\/wp\/v2\/media?parent=43285"}],"wp:term":[{"taxonomy":"category","embeddable":true,"href":"https:\/\/tintafresca.net\/index.php\/wp-json\/wp\/v2\/categories?post=43285"},{"taxonomy":"post_tag","embeddable":true,"href":"https:\/\/tintafresca.net\/index.php\/wp-json\/wp\/v2\/tags?post=43285"}],"curies":[{"name":"wp","href":"https:\/\/api.w.org\/{rel}","templated":true}]}}