{"id":4340,"date":"2021-05-24T08:23:40","date_gmt":"2021-05-24T08:23:40","guid":{"rendered":"https:\/\/tintafresca.net\/?p=4340"},"modified":"2021-05-24T12:28:26","modified_gmt":"2021-05-24T12:28:26","slug":"maioria-das-arvores-plantadas-no-pinhal-de-leiria-apos-os-grandes-incendios-de-2017-nao-sobreviveram","status":"publish","type":"post","link":"https:\/\/tintafresca.net\/index.php\/2021\/05\/24\/maioria-das-arvores-plantadas-no-pinhal-de-leiria-apos-os-grandes-incendios-de-2017-nao-sobreviveram\/","title":{"rendered":"Maioria das \u00e1rvores plantadas no Pinhal de Leiria ap\u00f3s inc\u00eandios de 2017 n\u00e3o sobreviveram"},"content":{"rendered":"<div id=\"attachment_4342\" style=\"width: 193px\" class=\"wp-caption alignleft\"><img loading=\"lazy\" decoding=\"async\" aria-describedby=\"caption-attachment-4342\" class=\"wp-image-4342 size-full\" src=\"https:\/\/tintafresca.net\/wp-content\/uploads\/2021\/05\/Pinheirinho.jpg\" alt=\"\" width=\"183\" height=\"275\" \/><p id=\"caption-attachment-4342\" class=\"wp-caption-text\">Pinheiro jovem<\/p><\/div>\n<p>Mais de 90% das \u00e1rvores plantadas no Pinhal de Leiria por volunt\u00e1rios e empresas ap\u00f3s os grandes inc\u00eandios de 2017 n\u00e3o sobreviveram, garantiu o presidente da C\u00e2mara Municipal de Alcoba\u00e7a na \u00faltima Assembleia Municipal. A raz\u00e3o, segundo Paulo In\u00e1cio, deve-se \u00e0 pobreza dos solos arenosos que n\u00e3o permite \u00e0s jovens \u00e1rvores abastecer-se dos nutrientes necess\u00e1rios ao seu crescimento. O autarca admitiu como hip\u00f3tese poder usar os res\u00edduos das suiniculturas como adubo org\u00e2nico, eventualmente, ap\u00f3s algum tratamento e sugeriu mesmo que a hip\u00f3tese possa ser motivo de trabalhos de investiga\u00e7\u00e3o no \u00e2mbito do ensino superior.<\/p>\n<p>A interven\u00e7\u00e3o de Paulo In\u00e1cio deveu-se a uma interven\u00e7\u00e3o da deputada da CDU Clementina Henriques, que questionou a n\u00e3o conclus\u00e3o da ETA das suiniculturas de S\u00e3o Martinho do Porto, tendo o autarca remetido a responsabilidade para a empresa Trevoeste \u2013 Tratamento e Valoriza\u00e7\u00e3o de Res\u00edduos Pecu\u00e1rios, SA, que integra o grupo \u00c1guas de Portugal. O edil pediu mesmo a colabora\u00e7\u00e3o dos partidos representados na Assembleia da Rep\u00fablica no sentido de pressionarem o Governo para a resolu\u00e7\u00e3o do problema, j\u00e1 que as in\u00fameras dilig\u00eancias efetuadas nos \u00faltimos anos junto da Trevoeste n\u00e3o t\u00eam obtido resultados.<\/p>\n<p><strong>CDU requer informa\u00e7\u00e3o sobre a Polui\u00e7\u00e3o\u00a0 de efluentes pecu\u00e1rios e sobre o futuro da Trevoeste e as duas ETAR previstas para a Benedita e S\u00e3o Martinho do Porto<\/strong><\/p>\n<p>A CDU de Alcoba\u00e7a refere que, \u201cinfelizmente tem havido muitas ocorr\u00eancias relacionadas com descargas ilegais de efluentes pecu\u00e1rias para rios e ribeiras no nosso concelho e tamb\u00e9m de concelhos que t\u00eam rios\/ribeiros que afluem aos nossos. \u00c9 uma situa\u00e7\u00e3o muito preocupante pelos efeitos poluidores que acarretam para todos e pela degrada\u00e7\u00e3o dos nossos rios. Tal facto \u00e9 ainda mais preocupante pelos efeitos que pode ter na aposta que foi (e ser\u00e1) feita na valoriza\u00e7\u00e3o do rio Alcoa, pois a maioria destas situa\u00e7\u00f5es ocorrem, precisamente, em afluentes deste rio. (exemplos &#8211; Ba\u00e7a e afluentes do Ba\u00e7a &#8211; Ribeira do Marete&#8230;Rio de Tornada).\u201d<\/p>\n<p>Segundo uma not\u00edcia da Lusa de mar\u00e7o de 2018, que citava o vereador Jo\u00e3o Santos, os servi\u00e7os da C\u00e2mara estavam a fazer na altura uma atualiza\u00e7\u00e3o do cadastro das empresas pecu\u00e1rias. Segundo a mesma not\u00edcia estavam a ser estudadas solu\u00e7\u00f5es alternativas para o tratamento dos efluentes, sendo apresentadas tr\u00eas:<\/p>\n<ol>\n<li>Utiliza\u00e7\u00e3o como adubo biol\u00f3gico, o que parece ser insuficiente visto s\u00f3 ser poss\u00edvel consumir 10 a 20% dos efluentes produzidos;<\/li>\n<li>Constru\u00e7\u00e3o de uma esta\u00e7\u00e3o de tratamento. Pelo que sabemos foi iniciada uma obra h\u00e1 mais de 10 anos, que contemplava a constru\u00e7\u00e3o de duas centrais de tratamento o que n\u00e3o chegou a ser feito;<\/li>\n<li>Produ\u00e7\u00e3o de biog\u00e1s.<\/li>\n<\/ol>\n<p>Passados 3 anos dessas declara\u00e7\u00f5es, a CDU, atrav\u00e9s dos deputados municipais Lu\u00eds Cris\u00f3stomo e Clementina Henriques querem saber em que ponto \u00e9 que estamos no estudo ou implementa\u00e7\u00e3o das solu\u00e7\u00f5es, assinalando que, \u201cpelas not\u00edcias das ocorr\u00eancias deste ano o problema persiste ou agravou-se.\u201d<\/p>\n<p>Face \u00e0 import\u00e2ncia que a produ\u00e7\u00e3o pecu\u00e1ria tem no concelho e os impactos negativos que o problema dos efluentes tem, a CDU de Alcoba\u00e7a defende que \u00e9 urgente encontrar solu\u00e7\u00f5es que permitam a continuidade e o crescimento da atividade econ\u00f3mica, de forma respons\u00e1vel e sustentada.<\/p>\n<p><strong>\u00a0 \u00a0 M\u00e1rio Lopes\u00a0<\/strong><\/p>\n","protected":false},"excerpt":{"rendered":"<p>Mais de 90% das \u00e1rvores plantadas no Pinhal de Leiria por volunt\u00e1rios e empresas ap\u00f3s os grandes inc\u00eandios de 2017 n\u00e3o sobreviveram, garantiu o presidente da C\u00e2mara Municipal de Alcoba\u00e7a na \u00faltima Assembleia Municipal. A raz\u00e3o, segundo Paulo In\u00e1cio, deve-se \u00e0 pobreza dos solos arenosos que n\u00e3o permite \u00e0s jovens \u00e1rvores abastecer-se dos nutrientes necess\u00e1rios [&hellip;]<\/p>\n","protected":false},"author":2,"featured_media":4342,"comment_status":"open","ping_status":"open","sticky":false,"template":"","format":"standard","meta":{"footnotes":""},"categories":[9],"tags":[],"class_list":["post-4340","post","type-post","status-publish","format-standard","has-post-thumbnail","hentry","category-ambiente"],"_links":{"self":[{"href":"https:\/\/tintafresca.net\/index.php\/wp-json\/wp\/v2\/posts\/4340","targetHints":{"allow":["GET"]}}],"collection":[{"href":"https:\/\/tintafresca.net\/index.php\/wp-json\/wp\/v2\/posts"}],"about":[{"href":"https:\/\/tintafresca.net\/index.php\/wp-json\/wp\/v2\/types\/post"}],"author":[{"embeddable":true,"href":"https:\/\/tintafresca.net\/index.php\/wp-json\/wp\/v2\/users\/2"}],"replies":[{"embeddable":true,"href":"https:\/\/tintafresca.net\/index.php\/wp-json\/wp\/v2\/comments?post=4340"}],"version-history":[{"count":7,"href":"https:\/\/tintafresca.net\/index.php\/wp-json\/wp\/v2\/posts\/4340\/revisions"}],"predecessor-version":[{"id":4353,"href":"https:\/\/tintafresca.net\/index.php\/wp-json\/wp\/v2\/posts\/4340\/revisions\/4353"}],"wp:featuredmedia":[{"embeddable":true,"href":"https:\/\/tintafresca.net\/index.php\/wp-json\/wp\/v2\/media\/4342"}],"wp:attachment":[{"href":"https:\/\/tintafresca.net\/index.php\/wp-json\/wp\/v2\/media?parent=4340"}],"wp:term":[{"taxonomy":"category","embeddable":true,"href":"https:\/\/tintafresca.net\/index.php\/wp-json\/wp\/v2\/categories?post=4340"},{"taxonomy":"post_tag","embeddable":true,"href":"https:\/\/tintafresca.net\/index.php\/wp-json\/wp\/v2\/tags?post=4340"}],"curies":[{"name":"wp","href":"https:\/\/api.w.org\/{rel}","templated":true}]}}