{"id":4348,"date":"2021-05-24T12:27:54","date_gmt":"2021-05-24T12:27:54","guid":{"rendered":"https:\/\/tintafresca.net\/?p=4348"},"modified":"2021-05-24T12:33:59","modified_gmt":"2021-05-24T12:33:59","slug":"municipio-de-leiria-anuncia-criacao-de-forum-jose-mattoso-cultura-e-desenvolvimento-local","status":"publish","type":"post","link":"https:\/\/tintafresca.net\/index.php\/2021\/05\/24\/municipio-de-leiria-anuncia-criacao-de-forum-jose-mattoso-cultura-e-desenvolvimento-local\/","title":{"rendered":"Munic\u00edpio de Leiria anuncia cria\u00e7\u00e3o de &#8220;F\u00f3rum Jos\u00e9 Mattoso &#8211; Cultura e Desenvolvimento Local&#8221;"},"content":{"rendered":"<div id=\"attachment_4350\" style=\"width: 336px\" class=\"wp-caption alignleft\"><img loading=\"lazy\" decoding=\"async\" aria-describedby=\"caption-attachment-4350\" class=\"wp-image-4350 size-full\" src=\"https:\/\/tintafresca.net\/wp-content\/uploads\/2021\/05\/Jose_Mattoso10.png\" alt=\"\" width=\"326\" height=\"573\" \/><p id=\"caption-attachment-4350\" class=\"wp-caption-text\">Jos\u00e9 Mattoso<\/p><\/div>\n<p>O presidente da C\u00e2mara Municipal de Leiria, Gon\u00e7alo Lopes, anunciou este s\u00e1bado, dia 22 de maio, a cria\u00e7\u00e3o do &#8220;F\u00f3rum Jos\u00e9 Mattoso &#8211; Cultura e Desenvolvimento Local&#8221;, bienal, dedicado \u00e0 partilha de boas pr\u00e1ticas, reflex\u00e3o de desafios e partilha de solu\u00e7\u00f5es de pol\u00edtica p\u00fablica cultural.<\/p>\n<p>O an\u00fancio foi feito na abertura de uma confer\u00eancia no Castelo de Leiria, realizada em homenagem ao historiador leiriense Jos\u00e9 Mattoso, com as participa\u00e7\u00f5es de Bernardo Vasconcelos, Jo\u00e3o Bonif\u00e1cio Serra e Saul Ant\u00f3nio Gomes.<\/p>\n<p>Na ocasi\u00e3o, Gon\u00e7alo Lopes destacou a dimens\u00e3o de Jos\u00e9 Mattoso, \u201cum leiriense \u00edmpar, um homem que, pelo rigor e qualidade cient\u00edfica do seu trabalho, confere dignidade \u00e0 nossa hist\u00f3ria que \u00e9, afinal, o nosso lugar mais valioso\u201d.<\/p>\n<p>O presidente da C\u00e2mara Municipal de Leiria afirmou ainda que a interven\u00e7\u00e3o realizada no castelo de Leiria visa transformar o monumento numa p\u00e9rola da estrat\u00e9gia de reabilita\u00e7\u00e3o urbana de Leiria.<\/p>\n<p>\u201cA constru\u00e7\u00e3o dos acessos mec\u00e2nicos, as novas val\u00eancias e conforto que a partir de agora oferecemos, devolvem o castelo aos leirienses e visitantes, assumindo-se este monumento como uma p\u00e9rola da estrat\u00e9gia de reabilita\u00e7\u00e3o urbana que ambicionamos para Leiria\u201d, disse Gon\u00e7alo Lopes, defendendo que os monumentos n\u00e3o devem ser mantidos numa redoma, num conceito de usufruto cristalizado, mas antes ser encarados com \u00e2ncoras de desenvolvimento, em absoluto respeito pela sua hist\u00f3ria e valor patrimonial.<\/p>\n<p>\u201cAssim acontece hoje com o castelo, assim aconteceu com o Convento de Santo Agostinho, onde instal\u00e1mos o Museu de Leiria, com a igreja da Miseric\u00f3rdia, onde cri\u00e1mos o Centro de Di\u00e1logo Intercultural, com a Igreja de S. Pedro e com a Igreja da Pena, e assim continuar\u00e1 com o Centro de Artes Villa Portela e com futuras interven\u00e7\u00f5es que venhamos a realizar em espa\u00e7os que resgatamos da ru\u00edna e onde constru\u00edmos presente e futuro\u201d, afirmou.<\/p>\n<p>Na interven\u00e7\u00e3o, Gon\u00e7alo Lopes afirmou-se convicto de que a generalidade dos leirienses, depois de terem oportunidade de visitar o castelo, ficar\u00e1 muito satisfeita com a interven\u00e7\u00e3o no monumento.<\/p>\n<p>\u201cDeixo um convite a todos os leirienses para que voltem ao nosso magn\u00edfico castelo e aprofundem um pouco mais o seu conhecimento sobre a sua hist\u00f3ria que \u00e9, afinal, a hist\u00f3ria de todos n\u00f3s\u201d, concluiu.<\/p>\n<p>Presente na homenagem, o historiador Jos\u00e9 Mattoso disse dever a Leiria os tra\u00e7os fundamentais da sua personalidade.<\/p>\n<p><strong>\u00a0 \u00a0 \u00a0Fonte: GRPG|CML<\/strong><\/p>\n","protected":false},"excerpt":{"rendered":"<p>O presidente da C\u00e2mara Municipal de Leiria, Gon\u00e7alo Lopes, anunciou este s\u00e1bado, dia 22 de maio, a cria\u00e7\u00e3o do &#8220;F\u00f3rum Jos\u00e9 Mattoso &#8211; Cultura e Desenvolvimento Local&#8221;, bienal, dedicado \u00e0 partilha de boas pr\u00e1ticas, reflex\u00e3o de desafios e partilha de solu\u00e7\u00f5es de pol\u00edtica p\u00fablica cultural. O an\u00fancio foi feito na abertura de uma confer\u00eancia no [&hellip;]<\/p>\n","protected":false},"author":2,"featured_media":4351,"comment_status":"open","ping_status":"open","sticky":false,"template":"","format":"standard","meta":{"footnotes":""},"categories":[10],"tags":[],"class_list":["post-4348","post","type-post","status-publish","format-standard","has-post-thumbnail","hentry","category-patrimonio"],"_links":{"self":[{"href":"https:\/\/tintafresca.net\/index.php\/wp-json\/wp\/v2\/posts\/4348","targetHints":{"allow":["GET"]}}],"collection":[{"href":"https:\/\/tintafresca.net\/index.php\/wp-json\/wp\/v2\/posts"}],"about":[{"href":"https:\/\/tintafresca.net\/index.php\/wp-json\/wp\/v2\/types\/post"}],"author":[{"embeddable":true,"href":"https:\/\/tintafresca.net\/index.php\/wp-json\/wp\/v2\/users\/2"}],"replies":[{"embeddable":true,"href":"https:\/\/tintafresca.net\/index.php\/wp-json\/wp\/v2\/comments?post=4348"}],"version-history":[{"count":2,"href":"https:\/\/tintafresca.net\/index.php\/wp-json\/wp\/v2\/posts\/4348\/revisions"}],"predecessor-version":[{"id":4352,"href":"https:\/\/tintafresca.net\/index.php\/wp-json\/wp\/v2\/posts\/4348\/revisions\/4352"}],"wp:featuredmedia":[{"embeddable":true,"href":"https:\/\/tintafresca.net\/index.php\/wp-json\/wp\/v2\/media\/4351"}],"wp:attachment":[{"href":"https:\/\/tintafresca.net\/index.php\/wp-json\/wp\/v2\/media?parent=4348"}],"wp:term":[{"taxonomy":"category","embeddable":true,"href":"https:\/\/tintafresca.net\/index.php\/wp-json\/wp\/v2\/categories?post=4348"},{"taxonomy":"post_tag","embeddable":true,"href":"https:\/\/tintafresca.net\/index.php\/wp-json\/wp\/v2\/tags?post=4348"}],"curies":[{"name":"wp","href":"https:\/\/api.w.org\/{rel}","templated":true}]}}